{"id":214454,"date":"2025-06-30T00:12:11","date_gmt":"2025-06-30T00:12:11","guid":{"rendered":"https:\/\/www.europesays.com\/fr\/214454\/"},"modified":"2025-06-30T00:12:11","modified_gmt":"2025-06-30T00:12:11","slug":"a-new-york-une-baigneuse-a-tres-probablement-ete-mordue-par-un-requin-selon-les-experts","status":"publish","type":"post","link":"https:\/\/www.europesays.com\/fr\/214454\/","title":{"rendered":"\u00c0 New York, une baigneuse a \u00ab\u00a0tr\u00e8s probablement\u00a0\u00bb \u00e9t\u00e9 mordue par un requin selon les experts"},"content":{"rendered":"<p>        <img decoding=\"async\" loading=\"lazy\" src=\"https:\/\/www.europesays.com\/fr\/wp-content\/uploads\/2025\/06\/3b21602_upload-1-bkzs5bpkkh4x-000-9zw369.jpg\"  width=\"728\" height=\"410\" alt=\"\u00c0 New York, une baigneuse a \u00ab\u00a0tr\u00e8s probablement\u00a0\u00bb \u00e9t\u00e9 mordue par un requin selon les experts. (image d\u2019illustration)\"\/>  <\/p>\n<p>JOSEPH PREZIOSO \/ AFP<\/p>\n<p>\u00c0 New York, une baigneuse a \u00ab\u00a0tr\u00e8s probablement\u00a0\u00bb \u00e9t\u00e9 mordue par un requin selon les experts. (image d\u2019illustration)<\/p>\n<p class=\"asset asset-text\">\u00c9TATS-UNIS &#8211; Le flou subsiste sur l\u2019animal \u00e0 l\u2019origine de l\u2019attaque, mais les observations des biologistes ne sont pas rassurantes. Une baigneuse dont l\u2019identit\u00e9 n\u2019a pas \u00e9t\u00e9 r\u00e9v\u00e9l\u00e9e a vraisemblablement \u00e9t\u00e9 mordue par un <a href=\"https:\/\/www.huffingtonpost.fr\/faits-divers\/article\/nouvelle-caledonie-apres-une-attaque-de-requin-un-quadragenaire-succombe-a-ses-blessures_244316.html\" rel=\"nofollow noopener\" target=\"_blank\">requin<\/a> le mercredi 25\u00a0juin pr\u00e8s de <a href=\"https:\/\/www.huffingtonpost.fr\/international\/article\/un-communiste-cingle-donald-trump-a-trouve-en-zohran-mamdani-son-nouveau-bouc-emissaire-a-new-york_251846.html\" rel=\"nofollow noopener\" target=\"_blank\">New York<\/a>. L\u2019incident a eu lieu \u00e0 Jones Beach, une plage situ\u00e9e sur l\u2019\u00eele de Long Island, \u00e0 une cinquantaine de kilom\u00e8tres du centre-ville.<\/p>\n<p class=\"asset asset-text\">La femme de 20\u00a0ans a \u00e9t\u00e9 mordue par \u00ab\u00a0un animal marin inconnu\u00a0\u00bb alors qu\u2019elle se baignait dans l\u2019apr\u00e8s-midi, a d\u00e9taill\u00e9 le Bureau d\u2019\u00c9tat des parcs et des loisirs dans un communiqu\u00e9 publi\u00e9 vendredi 27\u00a0juin et cit\u00e9 par le <a href=\"https:\/\/www.nytimes.com\/2025\/06\/27\/nyregion\/shark-bite-jones-beach-new-york.html?partner=slack&amp;smid=sl-share\" target=\"_blank\" rel=\"noopener nofollow\" title=\"Nouvelle fen\u00eatre\">New York Times<\/a>. Elle a \u00e9t\u00e9 rapidement transport\u00e9e \u00e0 l\u2019h\u00f4pital apr\u00e8s une intervention des sauveteurs et des secouristes. Si ses blessures ne sont pas graves, la baigneuse a quand m\u00eame de l\u00e9g\u00e8res coupures au pied et \u00e0 la jambe gauches.<\/p>\n<p class=\"asset asset-text\">Elles ont \u00e9t\u00e9 observ\u00e9es par des biologistes du D\u00e9partement de protection de l\u2019environnement de New York qui ont conclu qu\u2019il s\u2019agissait \u00ab\u00a0tr\u00e8s probablement\u00a0\u00bb d\u2019un jeune requin-taureau (\u00ab\u00a0sand tiger shark\u00a0\u00bb en anglais). Comme le rappelait <a href=\"https:\/\/france3-regions.franceinfo.fr\/occitanie\/pyrenees-orientales\/perpignan\/diablesse-et-feroce-ces-deux-nouveaux-requins-taureau-de-l-aquarium-de-canet-en-roussillon-2824289.html\" target=\"_blank\" rel=\"noopener nofollow\" title=\"Nouvelle fen\u00eatre\">France 3<\/a>\u00a0dans un article de 2023, il s\u2019agit d\u2019un \u00ab\u00a0animal tr\u00e8s placide qui se d\u00e9place tr\u00e8s lentement\u00a0\u00bb. Ne mangeant que du poisson, il n\u2019est pas cens\u00e9 repr\u00e9senter un danger pour l\u2019homme.<\/p>\n<p>    La baignade a \u00e9t\u00e9 rouverte jeudi    <\/p>\n<p class=\"asset asset-text\">Les experts se sont appuy\u00e9s sur les t\u00e9moignages des \u00ab\u00a0personnes pr\u00e9sentes sur les lieux\u00a0\u00bb et sur \u00ab\u00a0les photos de la blessure\u00a0\u00bb ce qui leur a permis d\u2019\u00ab\u00a0exclure plusieurs esp\u00e8ces\u00a0\u00bb selon le communiqu\u00e9. Mais faute d\u2019\u00ab\u00a0observation directe de l\u2019animal\u00a0\u00bb, \u00ab\u00a0aucun consensus d\u2019experts n\u2019a \u00e9t\u00e9 atteint\u00a0\u00bb.<\/p>\n<p class=\"asset asset-text\">La baignade dans la zone a \u00e9t\u00e9 imm\u00e9diatement suspendue par pr\u00e9caution, mais les recherches men\u00e9es par drones pour retrouver l\u2019animal n\u2019ont pas abouti. La plage a \u00e9t\u00e9 r\u00e9ouverte \u00e0 la baignade le lendemain de l\u2019attaque, le personnel du parc continuant de surveiller les animaux sur place, tandis que les sauveteurs effectuaient des patrouilles.<\/p>\n<p class=\"asset asset-text\">Cette attaque de requin ne serait pas la premi\u00e8re \u00e0 New York. Au d\u00e9but du mois de juin\u00a02023, plusieurs personnes avaient \u00e9t\u00e9 mordues \u00e0 Long Island. Un an plus t\u00f4t, des incidents similaires avaient d\u00e9j\u00e0 conduit les baigneurs et les sauveteurs \u00e0 faire preuve de plus de vigilance.<\/p>\n","protected":false},"excerpt":{"rendered":"JOSEPH PREZIOSO \/ AFP \u00c0 New York, une baigneuse a \u00ab\u00a0tr\u00e8s probablement\u00a0\u00bb \u00e9t\u00e9 mordue par un requin selon&hellip;\n","protected":false},"author":2,"featured_media":214455,"comment_status":"","ping_status":"","sticky":false,"template":"","format":"standard","meta":{"footnotes":""},"categories":[5],"tags":[11,1867,436,73,1011,27,14,415,12,32882,28],"class_list":{"0":"post-214454","1":"post","2":"type-post","3":"status-publish","4":"format-standard","5":"has-post-thumbnail","7":"category-international","8":"tag-actualites","9":"tag-animaux","10":"tag-environnement","11":"tag-etats-unis","12":"tag-fr","13":"tag-france","14":"tag-international","15":"tag-new-york","16":"tag-news","17":"tag-requin","18":"tag-world"},"share_on_mastodon":{"url":"https:\/\/pubeurope.com\/@fr\/114769424824367188","error":""},"_links":{"self":[{"href":"https:\/\/www.europesays.com\/fr\/wp-json\/wp\/v2\/posts\/214454","targetHints":{"allow":["GET"]}}],"collection":[{"href":"https:\/\/www.europesays.com\/fr\/wp-json\/wp\/v2\/posts"}],"about":[{"href":"https:\/\/www.europesays.com\/fr\/wp-json\/wp\/v2\/types\/post"}],"author":[{"embeddable":true,"href":"https:\/\/www.europesays.com\/fr\/wp-json\/wp\/v2\/users\/2"}],"replies":[{"embeddable":true,"href":"https:\/\/www.europesays.com\/fr\/wp-json\/wp\/v2\/comments?post=214454"}],"version-history":[{"count":0,"href":"https:\/\/www.europesays.com\/fr\/wp-json\/wp\/v2\/posts\/214454\/revisions"}],"wp:featuredmedia":[{"embeddable":true,"href":"https:\/\/www.europesays.com\/fr\/wp-json\/wp\/v2\/media\/214455"}],"wp:attachment":[{"href":"https:\/\/www.europesays.com\/fr\/wp-json\/wp\/v2\/media?parent=214454"}],"wp:term":[{"taxonomy":"category","embeddable":true,"href":"https:\/\/www.europesays.com\/fr\/wp-json\/wp\/v2\/categories?post=214454"},{"taxonomy":"post_tag","embeddable":true,"href":"https:\/\/www.europesays.com\/fr\/wp-json\/wp\/v2\/tags?post=214454"}],"curies":[{"name":"wp","href":"https:\/\/api.w.org\/{rel}","templated":true}]}}