{"id":214456,"date":"2025-06-30T00:13:14","date_gmt":"2025-06-30T00:13:14","guid":{"rendered":"https:\/\/www.europesays.com\/fr\/214456\/"},"modified":"2025-06-30T00:13:14","modified_gmt":"2025-06-30T00:13:14","slug":"pourquoi-les-jeunes-femmes-sont-elles-de-plus-en-plus-a-gauche","status":"publish","type":"post","link":"https:\/\/www.europesays.com\/fr\/214456\/","title":{"rendered":"pourquoi les jeunes femmes sont-elles de plus en plus \u00e0 gauche\u00a0?"},"content":{"rendered":"<p data-module=\"fig-standfirst\" data-context=\"@media (min-width:48em)\"><strong>ENQU\u00caTE<\/strong> &#8211; En France, les jeunes femmes votent plus pour La France insoumise que leurs homologues masculins. Cette radicalisation de la jeunesse f\u00e9minine \u00e0 gauche se retrouve partout en Occident.<\/p>\n<p class=\"fig-paragraph fig-paragraph--dropped\">Micro en main, Jean-Luc M\u00e9lenchon harangue une foule survolt\u00e9e. Devant lui, Rima Hassan, qui arbore un keffieh et un grand sourire, rentre tout juste d\u2019Isra\u00ebl apr\u00e8s\u00a0<a href=\"http:\/\/www.lefigaro.fr\/politique\/guillaume-tabard-rima-hassan-faussement-humanitaire-vraiment-narcissique-20250613\" data-fig-type=\"Article\" data-gtm-custom-categorie=\"navigation\" data-gtm-custom-action=\"crossclick\" data-gtm-custom-label=\"Contextuel\" data-gtm-event=\"customEventSPE\" data-fig-domain=\"LEFIGARO\" target=\"_blank\" rel=\"noopener\">sa croisi\u00e8re avort\u00e9e vers Gaza<\/a>. Elle balade son regard \u00e0 travers la multitude de drapeaux palestiniens et Insoumis. \u00ab\u00a0C\u2019est une femme qui a donn\u00e9 \u201cla\u201d le\u00e7on de courage\u00a0\u00bb, hurle\u00a0<a href=\"http:\/\/www.lefigaro.fr\/langue-francaise\/actu-des-mots\/creolisation-jean-luc-melenchon-veut-ringardiser-le-francais-standard-selon-le-linguiste-jean-szlamowicz-20250624\" data-fig-type=\"Article\" data-gtm-custom-categorie=\"navigation\" data-gtm-custom-action=\"crossclick\" data-gtm-custom-label=\"Contextuel\" data-gtm-event=\"customEventSPE\" data-fig-domain=\"LEFIGARO\" target=\"_blank\" rel=\"noopener\">le leader insoumis<\/a>. Avant de d\u00e9livrer un conseil avis\u00e9\u00a0: \u00ab\u00a0Jeunes femmes, jeunes filles, essayez toutes, quand vous serez grandes, d\u2019\u00eatre Rima Hassan\u00a0!\u00a0\u00bb L\u2019eurod\u00e9put\u00e9e qui affirme avoir \u00e9t\u00e9 \u00ab\u00a0kidnapp\u00e9(e)\u00a0\u00bb par le r\u00e9gime isra\u00e9lien d\u00e9tourne les yeux. Ce n\u2019est pas tous les jours que l\u2019on est \u00e9rig\u00e9 en mod\u00e8le. Le message s\u2019adresse \u00e0 un auditoire d\u00e9j\u00e0 convaincu. Comme le remarquait la chercheuse Kay S. Hymowitz dans un article du journal conservateur\u00a0<a href=\"https:\/\/www.city-journal.org\/article\/the-new-girl-disorder\" target=\"_blank\" rel=\"nofollow noopener\" data-gtm-custom-categorie=\"navigation\" data-gtm-custom-action=\"crossclick\" data-gtm-custom-label=\"Contextuel\" data-gtm-event=\"customEventSPE\">City journal intitul\u00e9 \u00ab\u00a0The New Girl Desorder\u00a0\u00bb<\/a>, les jeunes femmes sont de plus en plus nombreuses dans les manifestations propalestiniennes sur les campus occidentaux.<\/p>\n<p class=\"fig-paragraph fig-paragraph--dropped\">Sans directement\u2026<\/p>\n<p class=\"fig-premium-paywall__infos\">\n        Cet article est r\u00e9serv\u00e9 aux abonn\u00e9s.        Il vous reste 92% \u00e0 d\u00e9couvrir.\n    <\/p>\n<p>                <img  data- alt=\"Le Figaro\" class=\"fig-img--complete fig-img\"\/><\/p>\n<p class=\"fig-premium-paywall__title\">Vente Flash : derniers jours<\/p>\n<p class=\"fig-premium-paywall__subtitle\">3,99\u20ac par mois pendant 12 mois. Sans engagement.<\/p>\n<p class=\"fig-premium-paywall__connect\">\n                D\u00e9j\u00e0 abonn\u00e9\u00a0?                <a class=\"fig-premium-paywall__connect-link\" href=\"https:\/\/connect.lefigaro.fr\/login?client=horizon_web&amp;type=main&amp;redirect_uri=https%3A%2F%2Fwww.lefigaro.fr%2Fvox%2Fsociete%2Fjeunes-filles-essayez-toutes-d-etre-rima-hassan-pourquoi-les-jeunes-femmes-sont-elles-de-plus-en-plus-a-gauche-20250629\" data-js-gtm=\"{&quot;customCategorie&quot;: &quot;conversion&quot;, &quot;customAction&quot;: &quot;before_Landing_Connexion_paywall_auto&quot;, &quot;customLabel&quot;: &quot;bGVmaWdhcm8uZnJfXzFmMDNiMDNmLTVkODUtNjYxNC1iYTU3LWUzZDhiZGJiNjY5MF9fQXJ0aWNsZQ==_\u00ab\u00a0Jeunes filles, essayez toutes d\u2019\u00eatre Rima Hassan\u00a0\u00bb\u00a0: pourquoi les jeunes femmes sont-elles de plus en plus \u00e0 gauche\u00a0?_11&quot;, &quot;customIDSPE&quot;: &quot;bGVmaWdhcm8uZnJfXzFmMDNiMDNmLTVkODUtNjYxNC1iYTU3LWUzZDhiZGJiNjY5MF9fQXJ0aWNsZQ==&quot;, &quot;event&quot;: &quot;customEventSPE&quot;}\" target=\"_blank\" rel=\"noopener\"><br \/>\n                    Connectez-vous<br \/>\n                <\/a>\n            <\/p>\n","protected":false},"excerpt":{"rendered":"ENQU\u00caTE &#8211; En France, les jeunes femmes votent plus pour La France insoumise que leurs homologues masculins. Cette&hellip;\n","protected":false},"author":2,"featured_media":214457,"comment_status":"","ping_status":"","sticky":false,"template":"","format":"standard","meta":{"footnotes":""},"categories":[4],"tags":[11,1428,1292,5361,5360,1429,1011,27,4075,2338,12,1427,1426,25,15442,104],"class_list":{"0":"post-214456","1":"post","2":"type-post","3":"status-publish","4":"format-standard","5":"has-post-thumbnail","7":"category-france","8":"tag-actualites","9":"tag-chroniqueurs","10":"tag-debat","11":"tag-debat-societe","12":"tag-debats-societaux","13":"tag-figarovox","14":"tag-fr","15":"tag-france","16":"tag-jeunesse","17":"tag-la-france-insoumise","18":"tag-news","19":"tag-opinions","20":"tag-questions","21":"tag-republique-francaise","22":"tag-rima-hassan","23":"tag-societe"},"share_on_mastodon":{"url":"https:\/\/pubeurope.com\/@fr\/114769428729150074","error":""},"_links":{"self":[{"href":"https:\/\/www.europesays.com\/fr\/wp-json\/wp\/v2\/posts\/214456","targetHints":{"allow":["GET"]}}],"collection":[{"href":"https:\/\/www.europesays.com\/fr\/wp-json\/wp\/v2\/posts"}],"about":[{"href":"https:\/\/www.europesays.com\/fr\/wp-json\/wp\/v2\/types\/post"}],"author":[{"embeddable":true,"href":"https:\/\/www.europesays.com\/fr\/wp-json\/wp\/v2\/users\/2"}],"replies":[{"embeddable":true,"href":"https:\/\/www.europesays.com\/fr\/wp-json\/wp\/v2\/comments?post=214456"}],"version-history":[{"count":0,"href":"https:\/\/www.europesays.com\/fr\/wp-json\/wp\/v2\/posts\/214456\/revisions"}],"wp:featuredmedia":[{"embeddable":true,"href":"https:\/\/www.europesays.com\/fr\/wp-json\/wp\/v2\/media\/214457"}],"wp:attachment":[{"href":"https:\/\/www.europesays.com\/fr\/wp-json\/wp\/v2\/media?parent=214456"}],"wp:term":[{"taxonomy":"category","embeddable":true,"href":"https:\/\/www.europesays.com\/fr\/wp-json\/wp\/v2\/categories?post=214456"},{"taxonomy":"post_tag","embeddable":true,"href":"https:\/\/www.europesays.com\/fr\/wp-json\/wp\/v2\/tags?post=214456"}],"curies":[{"name":"wp","href":"https:\/\/api.w.org\/{rel}","templated":true}]}}