{"id":214458,"date":"2025-06-30T00:14:09","date_gmt":"2025-06-30T00:14:09","guid":{"rendered":"https:\/\/www.europesays.com\/fr\/214458\/"},"modified":"2025-06-30T00:14:09","modified_gmt":"2025-06-30T00:14:09","slug":"dembele-apres-psg-imjespere-bien-finir-avec-ce-mondial","status":"publish","type":"post","link":"https:\/\/www.europesays.com\/fr\/214458\/","title":{"rendered":"Demb\u00e9l\u00e9 apr\u00e8s PSG \/ IM:\u00a0\u00bbJ\u2019esp\u00e8re bien finir avec ce Mondial\u00a0\u00bb"},"content":{"rendered":"<p><img width=\"780\" height=\"453\" src=\"https:\/\/www.europesays.com\/fr\/wp-content\/uploads\/2025\/06\/GuoR281WIAAMDRE-e1751224851385-780x453.jpeg\" class=\"attachment-jannah-image-post size-jannah-image-post wp-post-image\" alt=\"Guor281wiaamdre\" is_main_img=\"1\" decoding=\"async\" fetchpriority=\"high\"\/><\/p>\n<p>Pour son quart de finale de la\u00a0<strong>Coupe du monde<br \/>\ndes clubs<\/strong>, le\u00a0<strong>PSG<\/strong>\u00a0n\u2019a fait<br \/>\nqu\u2019une bouch\u00e9e de l\u2019Inter Miami<br \/>\n(4-0).\u00a0<strong>Ousmane Demb\u00e9l\u00e9<\/strong> f\u00eatait<br \/>\nson grand retour.<\/p>\n<p>Entr\u00e9 en cours de jeu face \u00e0 l\u2019<strong><a href=\"https:\/\/www.intermiamicf.com\" title=\"Inter Miami\" target=\"_blank\" rel=\"noopener\">Inter<br \/>\nMiami<\/a><\/strong> lors du r\u00e9cital de son \u00e9quipe 4-0,<br \/>\n<strong>Ousmane Demb\u00e9l\u00e9<\/strong> a sign\u00e9 son retour sur le terrain<br \/>\navec le <strong><a href=\"https:\/\/canal-supporters.com\" title=\"PSG\" target=\"_blank\" rel=\"noopener\">PSG<\/a><\/strong> apr\u00e8s une l\u00e9g\u00e8re blessure musculaire qui<br \/>\nl\u2019avait \u00e9cart\u00e9 des terrains pendant quelques semaines. L\u2019ailier<br \/>\nfran\u00e7ais, pr\u00e9cieux par sa percussion et ses appels, savoure son<br \/>\nretour au bon moment au micro de <strong>DAZN<\/strong> alors que<br \/>\n<strong>Paris<\/strong> entre dans la phase d\u00e9cisive de la<br \/>\ncomp\u00e9tition.<\/p>\n<p>\u00ab\u00a0Il fallait prendre son<br \/>\ntemps\u00a0\u00bb<\/p>\n<p>\u00ab\u00a0Ce n\u2019\u00e9tait pas une blessure importante, mais il<br \/>\nfallait prendre son temps, que \u00e7a cicatrise bien et comme \u00e7a je<br \/>\nreviens frais. Cette saison, j\u2019ai boss\u00e9, j\u2019ai travaill\u00e9, \u00e7a a \u00e9t\u00e9<br \/>\nune r\u00e9ussite pour moi, surtout personnellement, je suis content.<br \/>\nJ\u2019esp\u00e8re bien finir avec ce Mondial des Clubs. \u00c7a m\u2019a fait du bien<br \/>\nde couper avant les matches importants qui vont<br \/>\narriver.\u00ab\u00a0<\/p>\n","protected":false},"excerpt":{"rendered":"Pour son quart de finale de la\u00a0Coupe du monde des clubs, le\u00a0PSG\u00a0n\u2019a fait qu\u2019une bouch\u00e9e de l\u2019Inter Miami&hellip;\n","protected":false},"author":2,"featured_media":214459,"comment_status":"","ping_status":"","sticky":false,"template":"","format":"standard","meta":{"footnotes":""},"categories":[2],"tags":[11,454,81,35388,451,787,12732,1011,27,35389,12,35390,626,91,92,93,96,35391,35392],"class_list":{"0":"post-214458","1":"post","2":"type-post","3":"status-publish","4":"format-standard","5":"has-post-thumbnail","7":"category-actualites","8":"tag-actualites","9":"tag-ballon-dor","10":"tag-canal-supporters","11":"tag-canalsupporters","12":"tag-coupe-du-monde","13":"tag-cs","14":"tag-dembele","15":"tag-fr","16":"tag-france","17":"tag-leo-messi","18":"tag-news","19":"tag-ousmane","20":"tag-paris","21":"tag-paris-saint-germain","22":"tag-paris-sg","23":"tag-psg","24":"tag-une","25":"tag-wc","26":"tag-world-cup"},"share_on_mastodon":{"url":"https:\/\/pubeurope.com\/@fr\/114769432687524184","error":""},"_links":{"self":[{"href":"https:\/\/www.europesays.com\/fr\/wp-json\/wp\/v2\/posts\/214458","targetHints":{"allow":["GET"]}}],"collection":[{"href":"https:\/\/www.europesays.com\/fr\/wp-json\/wp\/v2\/posts"}],"about":[{"href":"https:\/\/www.europesays.com\/fr\/wp-json\/wp\/v2\/types\/post"}],"author":[{"embeddable":true,"href":"https:\/\/www.europesays.com\/fr\/wp-json\/wp\/v2\/users\/2"}],"replies":[{"embeddable":true,"href":"https:\/\/www.europesays.com\/fr\/wp-json\/wp\/v2\/comments?post=214458"}],"version-history":[{"count":0,"href":"https:\/\/www.europesays.com\/fr\/wp-json\/wp\/v2\/posts\/214458\/revisions"}],"wp:featuredmedia":[{"embeddable":true,"href":"https:\/\/www.europesays.com\/fr\/wp-json\/wp\/v2\/media\/214459"}],"wp:attachment":[{"href":"https:\/\/www.europesays.com\/fr\/wp-json\/wp\/v2\/media?parent=214458"}],"wp:term":[{"taxonomy":"category","embeddable":true,"href":"https:\/\/www.europesays.com\/fr\/wp-json\/wp\/v2\/categories?post=214458"},{"taxonomy":"post_tag","embeddable":true,"href":"https:\/\/www.europesays.com\/fr\/wp-json\/wp\/v2\/tags?post=214458"}],"curies":[{"name":"wp","href":"https:\/\/api.w.org\/{rel}","templated":true}]}}