{"id":214473,"date":"2025-06-30T00:28:11","date_gmt":"2025-06-30T00:28:11","guid":{"rendered":"https:\/\/www.europesays.com\/fr\/214473\/"},"modified":"2025-06-30T00:28:11","modified_gmt":"2025-06-30T00:28:11","slug":"la-fusee-portugaise-choisit-le-fcg","status":"publish","type":"post","link":"https:\/\/www.europesays.com\/fr\/214473\/","title":{"rendered":"la fus\u00e9e portugaise choisit le FCG"},"content":{"rendered":"<p>Le FC <a href=\"https:\/\/www.xvovalie.com\/tag\/fcg\/\" rel=\"nofollow noopener\" target=\"_blank\">Grenoble<\/a> a frapp\u00e9 un joli coup sur le march\u00e9 des <a href=\"https:\/\/www.xvovalie.com\/transferts\/\" rel=\"nofollow noopener\" target=\"_blank\">transferts<\/a> : <strong>Raffaele Costa Storti<\/strong>, meilleur marqueur d\u2019essais de la derni\u00e8re saison de <a href=\"https:\/\/www.xvovalie.com\/pro-d2\/\" rel=\"nofollow noopener\" target=\"_blank\">Pro D2<\/a>, va porter les couleurs is\u00e9roises pour les deux prochaines saisons. <\/p>\n<p>\u00c0 24 ans, l\u2019ailier portugais arrive avec une r\u00e9putation de finisseur et des ambitions qui collent parfaitement \u00e0 celles du club. Petite plong\u00e9e dans le parcours d\u2019un joueur qui fait d\u00e9j\u00e0 saliver les supporters du Stade des Alpes.<\/p>\n<p>Un serial marqueur qui relance sa carri\u00e8re<\/p>\n<p>Il n\u2019a que 24 ans, mais <strong>Raffaele Costa Storti<\/strong> affiche d\u00e9j\u00e0 des statistiques impressionnantes. En 2023-2024, c\u2019est simple : personne n\u2019a plant\u00e9 plus d\u2019essais que lui en Pro D2. Avec <strong>21 r\u00e9alisations sous le maillot de <a href=\"https:\/\/www.xvovalie.com\/tag\/asbh\/\" rel=\"nofollow noopener\" target=\"_blank\">B\u00e9ziers<\/a><\/strong> en seulement 19 matchs, il a affol\u00e9 les compteurs et prouv\u00e9 qu\u2019il savait o\u00f9 se trouvait la ligne. Mais son passage au <strong><a data-ilj-link-preview=\"true\" data-excerpt=\"Le Stade Fran\u00e7ais est un club de rugby professionnel bas\u00e9 \u00e0 Paris. Il a \u00e9t\u00e9 fond\u00e9 en 1883 et est l&#039;un des clubs les plus prestigieux de France. Le Stade Fran\u00e7ais \u00e9volue en Top 14.&#013;&#010;Staff et pr\u00e9sidence :&#013;&#010;&#013;&#010; &#009;Pr\u00e9sident : Hans-Peter Wild&#013;&#010; &#009;Entra\u00eeneur : Laurent Labit (directeur du rugby)&#013;&#010; &#009;Karim Ghezal (entra\u00eeneur en chef)&#013;&#010; &#009;Paul Gustard (d\u00e9fense)&#013;&#010;&#013;&#010;Palmar\u00e8s du Stade fran\u00e7ais :&#013;&#010;&#013;&#010;&#013;&#010;&#013;&#010;Comp\u00e9titions&#013;&#010;Titres&#013;&#010;Ann\u00e9es&#013;&#010;&#013;&#010;&#013;&#010;Championnat de France&#013;&#010;Champion&#013;&#010;1893, 1894, 1895, 1897, 1898, 1901, 1903, 1908, 1998, 2000, 2003, 2004, 2007, 2015&#013;&#010;&#013;&#010;&#013;&#010;Vice-champion&#013;&#010;1892, 1896, 1899, 1904, 1905, 1906, 1907, 1927, 2005&#013;&#010;&#013;&#010;&#013;&#010;Challenge europ\u00e9en&#013;&#010;Vainqueur&#013;&#010;2017&#013;&#010;&#013;&#010;&#013;&#010;Coupe de France&#013;&#010;Vainqueur&#013;&#010;1999\" href=\"https:\/\/www.xvovalie.com\/stade-francais\/\" rel=\"nofollow noopener\" target=\"_blank\">Stade Fran\u00e7ais<\/a><\/strong> a \u00e9t\u00e9 plus discret. Frein\u00e9 par les blessures et la concurrence, il n\u2019a eu droit qu\u2019\u00e0 trois petites apparitions sous le maillot parisien cette saison. Cela n\u2019a pas entam\u00e9 sa motivation.<\/p>\n<blockquote class=\"twitter-tweet\" data-width=\"550\" data-dnt=\"true\">\n<p lang=\"fr\" dir=\"ltr\">\ud835\udc11\ud835\udc1a\ud835\udc1f\ud835\udc1f\ud835\udc1a\ud835\udc1e\ud835\udc25\ud835\udc1e \ud835\udc02\ud835\udc28\ud835\udc2c\ud835\udc2d\ud835\udc1a-\ud835\udc12\ud835\udc2d\ud835\udc28\ud835\udc2b\ud835\udc2d\ud835\udc22 \ud835\udc2c\ud835\udc1e\ud835\udc2b\ud835\udc1a \ud835\udc11\ud835\udc28\ud835\udc2e\ud835\udc20\ud835\udc1e &amp; \ud835\udc01\ud835\udc25\ud835\udc1e\ud835\udc2e \ud835\udc1d\ud835\udc1e\u0300\ud835\udc2c \ud835\udc25\ud835\udc1a \ud835\udc2c\ud835\udc1a\ud835\udc22\ud835\udc2c\ud835\udc28\ud835\udc27 \ud835\udc29\ud835\udc2b\ud835\udc28\ud835\udc1c\ud835\udc21\ud835\udc1a\ud835\udc22\ud835\udc27\ud835\udc1e \ud83c\udfaf<\/p>\n<p>Le FCG est fier d\u2019annoncer la signature de \ud835\udc11\ud835\udc1a\ud835\udc1f\ud835\udc1f\ud835\udc1a\ud835\udc1e\ud835\udc25\ud835\udc1e \ud835\udc02\ud835\udc28\ud835\udc2c\ud835\udc2d\ud835\udc1a-\ud835\udc12\ud835\udc2d\ud835\udc28\ud835\udc2b\ud835\udc2d\ud835\udc22, ailier et international portugais. Le meilleur marqueur d&rsquo;essais de la\u2026 <a href=\"https:\/\/t.co\/bxylJ87ayC\" rel=\"nofollow\">pic.twitter.com\/bxylJ87ayC<\/a><\/p>\n<p>\u2014 FC Grenoble Rugby #AllezFCG (@FCGrugby) <a href=\"https:\/\/twitter.com\/FCGrugby\/status\/1938283396771549294?ref_src=twsrc%5Etfw\" rel=\"nofollow noopener\" target=\"_blank\">June 26, 2025<\/a><\/p><\/blockquote>\n<p>En manque de temps de jeu, il ne s\u2019est pas \u00e9ternis\u00e9 dans la capitale. Son envie de jouer, de retrouver le feu des projecteurs et de s\u2019exprimer sur le terrain a trouv\u00e9 \u00e9cho du c\u00f4t\u00e9 de Grenoble, qui ne s\u2019est pas fait prier pour l\u2019attirer. L\u2019officialisation de son arriv\u00e9e au <strong>FCG<\/strong> vient renforcer un secteur de jeu qui en avait besoin, surtout apr\u00e8s le d\u00e9part de Wilfried Hulleu au <a data-ilj-link-preview=\"true\" data-excerpt=\"Fond\u00e9 en 1882, le club de rugby du Racing 92 est un club professionnel de rugby de banlieue parisienne qui \u00e9volue en TOP 14.&#013;&#010;Staff et pr\u00e9sidence :&#013;&#010;&#013;&#010; &#009;Pr\u00e9sident : Laurent Travers&#013;&#010; &#009;Entra\u00eeneur : Stuart Lancaster&#013;&#010; &#009;Yannick Nyanga&#013;&#010; &#009;Fr\u00e9d\u00e9ric Michalak&#013;&#010; &#009;Dimitri Szarzewski&#013;&#010;&#013;&#010;Palmar\u00e8s du Racing 92 :&#013;&#010;&#013;&#010;&#013;&#010;&#013;&#010;Competition&#013;&#010;Titles&#013;&#010;Years&#013;&#010;&#013;&#010;&#013;&#010;Championnat de France de premi\u00e8re division&#013;&#010;6&#013;&#010;1892, 1900, 1902, 1959, 1990, 2016&#013;&#010;&#013;&#010;&#013;&#010;Championnat de France de deuxi\u00e8me division&#013;&#010;3&#013;&#010;1998, 2009, plus d&#039;autres ann\u00e9es non sp\u00e9cifi\u00e9es&#013;&#010;&#013;&#010;&#013;&#010;Coupe de l&#039;Esp\u00e9rance&#013;&#010;1&#013;&#010;1918\" href=\"https:\/\/www.xvovalie.com\/racing-92\/\" rel=\"nofollow noopener\" target=\"_blank\">Racing<\/a>.<\/p>\n<p>Un renfort qui change la donne sur les ailes grenobloises<\/p>\n<p>Grenoble a rat\u00e9 la mont\u00e9e en Top 14 pour un rien, \u00e0 deux doigts pr\u00e8s. L\u2019ambiance est \u00e0 la reconstruction mais aussi \u00e0 la confirmation. Avec Costa Storti, le FCG tient un profil rare : <strong>tr\u00e8s rapide, v\u00e9loce, capable de faire des diff\u00e9rences balle en main<\/strong> et d\u2019amener cette folie qui manque parfois dans les matchs serr\u00e9s. \u201cC\u2019est un joueur tr\u00e8s professionnel, qui sait o\u00f9 il veut aller\u201d, r\u00e9sume <strong>Aubin Hueber<\/strong>, directeur du rugby \u00e0 Grenoble.<\/p>\n<p>Son statut de <strong>JIFF<\/strong> \u2013 un atout de taille pour la gestion de l\u2019effectif \u2013 et sa polyvalence (il a aussi \u00e9volu\u00e9 \u00e0 7 avec le <a data-ilj-link-preview=\"true\" data-featured-image=\"\" data-excerpt=\"Le rugby est relativement nouveau au Portugal, avec la premi\u00e8re \u00e9quipe nationale cr\u00e9\u00e9e en 1935. Depuis lors, le rugby portugais a connu des hauts et des bas, mais les joueurs et les supporters portugais ont toujours \u00e9t\u00e9 passionn\u00e9s. Le Portugal a connu ses plus grands succ\u00e8s dans les ann\u00e9es 1990 et 2000, remportant plusieurs tournois\u2026\" href=\"https:\/\/www.xvovalie.com\/portugal\/\" rel=\"nofollow noopener\" target=\"_blank\">Portugal<\/a>) ajoutent encore de la valeur \u00e0 sa venue. Surtout, il ne d\u00e9barque pas en terrain inconnu : la Pro D2, il conna\u00eet, il y a brill\u00e9, et il arrive avec l\u2019\u00e9tiquette de recordman d\u2019essais sur une saison. Tout \u00e7a \u00e0 seulement 24 ans.<\/p>\n<p>Parcours express d\u2019un ph\u00e9nom\u00e8ne pr\u00e9coce<\/p>\n<p>N\u00e9 \u00e0 Lisbonne en d\u00e9cembre 2000, Costa Storti a tout de la trajectoire \u00e0 part. Form\u00e9 au <strong>CR T\u00e9cnico<\/strong>, il s\u2019est vite signal\u00e9 avec les jeunes Portugais lors du World Rugby <a href=\"https:\/\/www.xvovalie.com\/tag\/france-u20\/\" rel=\"nofollow noopener\" target=\"_blank\">U20<\/a> Trophy, d\u00e9j\u00e0 meilleur marqueur d\u2019essais \u00e0 l\u2019\u00e9poque. Apr\u00e8s une parenth\u00e8se en <a href=\"https:\/\/www.xvovalie.com\/uruguay\/\" rel=\"nofollow noopener\" target=\"_blank\">Uruguay<\/a> chez <strong>Pe\u00f1arol Rugby<\/strong>, il est revenu au Portugal puis a tent\u00e9 sa chance au Stade Fran\u00e7ais en 2021. Pas simple de s\u2019imposer \u00e0 Paris, alors il a \u00e9t\u00e9 pr\u00eat\u00e9 \u00e0 B\u00e9ziers, l\u00e0 o\u00f9 il a litt\u00e9ralement explos\u00e9 aux yeux du grand public fran\u00e7ais.<\/p>\n<p>C\u00f4t\u00e9 international, il compte d\u00e9j\u00e0 <strong>30 s\u00e9lections<\/strong> avec le Portugal et une <a data-ilj-link-preview=\"true\" data-excerpt=\"La Coupe du Monde de Rugby est un \u00e9v\u00e9nement sportif international organis\u00e9 tous les quatre ans par la World Rugby. Il r\u00e9unit les meilleures \u00e9quipes nationales de rugby \u00e0 XV.&#013;&#010;&#013;&#010;La comp\u00e9tition a lieu dans diff\u00e9rents pays \u00e0 travers le monde. La prochaine \u00e9dition se d\u00e9roulera en 2027 en Australie.\" href=\"https:\/\/www.xvovalie.com\/coupe-du-monde\/\" rel=\"nofollow noopener\" target=\"_blank\">Coupe du monde<\/a> remarqu\u00e9e l\u2019an pass\u00e9. On se souvient de ses deux essais contre la <a href=\"https:\/\/www.xvovalie.com\/georgie\/\" rel=\"nofollow noopener\" target=\"_blank\">G\u00e9orgie<\/a> et surtout de sa participation historique \u00e0 la toute premi\u00e8re victoire du Portugal en Coupe du monde face aux <a data-ilj-link-preview=\"true\" data-featured-image=\"\" data-excerpt=\"Les Fidji, une nation insulaire du Pacifique Sud, sont connues pour leur passion pour le rugby. Le sport est profond\u00e9ment enracin\u00e9 dans la culture fidjienne et est consid\u00e9r\u00e9 comme bien plus qu&#039;un simple passe-temps. Les joueurs de rugby fidjiens sont respect\u00e9s dans le monde entier pour leur jeu rapide et physique, ainsi que pour leur\u2026\" href=\"https:\/\/www.xvovalie.com\/fidji\/\" rel=\"nofollow noopener\" target=\"_blank\">Fidji<\/a>. Une histoire qui commence \u00e0 avoir du relief et qui prouve qu\u2019il ne se contente pas d\u2019enfiler les essais en club.<\/p>\n<p>Grenoble vise haut, et Costa Storti aussi<\/p>\n<p>En s\u2019engageant avec Grenoble jusqu\u2019en <a href=\"https:\/\/www.xvovalie.com\/tag\/coupe-du-monde-de-rugby-2027\/\" rel=\"nofollow noopener\" target=\"_blank\">2027<\/a>, Costa Storti affiche la couleur : il veut jouer en Top 14 et compte bien aider le FCG \u00e0 franchir ce cap. Le club, de son c\u00f4t\u00e9, continue d\u2019attirer des joueurs capables de faire grimper le niveau g\u00e9n\u00e9ral de l\u2019\u00e9quipe. Apr\u00e8s la signature du talonneur <strong>Romain Ruffenach<\/strong>, c\u2019est un secteur offensif en pleine mutation qui prend forme.<\/p>\n<p>Dans les trav\u00e9es du Stade des Alpes, on parle d\u00e9j\u00e0 de l\u2019arriv\u00e9e de la \u201cfus\u00e9e portugaise\u201d. Avec un groupe en reconstruction mais ambitieux, la venue de Costa Storti r\u00e9sonne comme un signal : <strong>Grenoble ne veut plus regarder passer les trains, il veut \u00eatre dans le wagon de t\u00eate<\/strong>.<\/p>\n<p>Le FCG joue la carte du dynamisme pour la saison 2025-2026<\/p>\n<p>Le message envoy\u00e9 \u00e0 la concurrence est limpide. Avec Costa Storti sur l\u2019aile, les Grenoblois ajoutent du punch et un vrai facteur X \u00e0 leur <a data-ilj-link-preview=\"true\" data-excerpt=\"D\u00e9couvrez ici tous les mouvements d&#039;effectif, en Top 14, en Pro D2 ou au niveau international.\" href=\"https:\/\/www.xvovalie.com\/effectif\/\" rel=\"nofollow noopener\" target=\"_blank\">effectif<\/a>. Reste \u00e0 voir comment la mayonnaise prendra sur le terrain, mais une chose est s\u00fbre : les supporters du FCG attendent d\u00e9j\u00e0 le coup d\u2019envoi de la saison, avec la promesse de voir leur nouveau num\u00e9ro 11 allumer les m\u00e8ches sur les pelouses de Pro D2.<\/p>\n<p>Source : FCG officiel<\/p>\n<p><img loading=\"lazy\" src=\"data:image\/svg+xml,%3Csvg%20xmlns=\" http:=\"\" height=\"100\" width=\"100\" class=\" sp-no-webp\" alt=\"whatsapp image 2024 07 31 at 09.08.32\" decoding=\"async\" data-lazy-src=\"https:\/\/www.europesays.com\/fr\/wp-content\/uploads\/2025\/04\/whatsapp-image-2024-07-31-at-09.08.32-e1727245864215.jpeg\"\/> <\/p>\n<p>J\u2019ai grandi dans une famille o\u00f9 le rugby \u00e9tait de tous les moments. J\u2019\u00e9tais au bord du terrain quand Castres a battu Pau et a rejoint l\u2019\u00e9lite, j\u2019\u00e9tais dans le Stade Pierre Antoine face \u00e0 Gary Whetton quand il a fait son Haka pour c\u00e9l\u00e9brer le Brennus de 1993 et j\u2019ai toujours \u00e9t\u00e9 berc\u00e9 des l\u00e9gendes de ce sport. Maintenant, c\u2019est avec XV Ovalie que j\u2019entends prolonger l\u2019aventure. #TeamCO<\/p>\n<p>\t\t<script async src=\"https:\/\/platform.twitter.com\/widgets.js\" charset=\"utf-8\"><\/script><\/p>\n","protected":false},"excerpt":{"rendered":"Le FC Grenoble a frapp\u00e9 un joli coup sur le march\u00e9 des transferts : Raffaele Costa Storti, meilleur&hellip;\n","protected":false},"author":2,"featured_media":214474,"comment_status":"","ping_status":"","sticky":false,"template":"","format":"standard","meta":{"footnotes":""},"categories":[9566],"tags":[1111,11,2430,35394,1777,674,32263,1011,27,2731,12,2308,25,10662],"class_list":{"0":"post-214473","1":"post","2":"type-post","3":"status-publish","4":"format-standard","5":"has-post-thumbnail","7":"category-grenoble","8":"tag-actu","9":"tag-actualites","10":"tag-auvergne-rhone-alpes","11":"tag-costa-storti","12":"tag-eu","13":"tag-europe","14":"tag-fcg","15":"tag-fr","16":"tag-france","17":"tag-grenoble","18":"tag-news","19":"tag-pro-d2","20":"tag-republique-francaise","21":"tag-transferts"},"share_on_mastodon":{"url":"https:\/\/pubeurope.com\/@fr\/114769487741509420","error":""},"_links":{"self":[{"href":"https:\/\/www.europesays.com\/fr\/wp-json\/wp\/v2\/posts\/214473","targetHints":{"allow":["GET"]}}],"collection":[{"href":"https:\/\/www.europesays.com\/fr\/wp-json\/wp\/v2\/posts"}],"about":[{"href":"https:\/\/www.europesays.com\/fr\/wp-json\/wp\/v2\/types\/post"}],"author":[{"embeddable":true,"href":"https:\/\/www.europesays.com\/fr\/wp-json\/wp\/v2\/users\/2"}],"replies":[{"embeddable":true,"href":"https:\/\/www.europesays.com\/fr\/wp-json\/wp\/v2\/comments?post=214473"}],"version-history":[{"count":0,"href":"https:\/\/www.europesays.com\/fr\/wp-json\/wp\/v2\/posts\/214473\/revisions"}],"wp:featuredmedia":[{"embeddable":true,"href":"https:\/\/www.europesays.com\/fr\/wp-json\/wp\/v2\/media\/214474"}],"wp:attachment":[{"href":"https:\/\/www.europesays.com\/fr\/wp-json\/wp\/v2\/media?parent=214473"}],"wp:term":[{"taxonomy":"category","embeddable":true,"href":"https:\/\/www.europesays.com\/fr\/wp-json\/wp\/v2\/categories?post=214473"},{"taxonomy":"post_tag","embeddable":true,"href":"https:\/\/www.europesays.com\/fr\/wp-json\/wp\/v2\/tags?post=214473"}],"curies":[{"name":"wp","href":"https:\/\/api.w.org\/{rel}","templated":true}]}}