{"id":214479,"date":"2025-06-30T00:33:10","date_gmt":"2025-06-30T00:33:10","guid":{"rendered":"https:\/\/www.europesays.com\/fr\/214479\/"},"modified":"2025-06-30T00:33:10","modified_gmt":"2025-06-30T00:33:10","slug":"apres-les-bouchons-monstres-de-ce-dimanche-dans-le-parking-de-cap-3000-la-direction-dit-travailler-avec-les-autorites-pour-eviter-quune-telle-situation-ne-se-reproduise","status":"publish","type":"post","link":"https:\/\/www.europesays.com\/fr\/214479\/","title":{"rendered":"Apr\u00e8s les bouchons monstres de ce dimanche dans le parking de Cap 3000, la direction dit travailler \u00ab\u00a0avec les autorit\u00e9s pour \u00e9viter qu\u2019une telle situation ne se reproduise\u00a0\u00bb"},"content":{"rendered":"<p>Ce dimanche dans la soir\u00e9e, la direction de Cap 3000 a tenu \u00e0 r\u00e9agir \u00e0<a href=\"https:\/\/www.nicematin.com\/info-trafic\/-un-vrai-piege-a-rats-honteux-des-bouchons-monstres-ce-dimanche-soir-a-cap-3-000-992209\" target=\"_blank\" rel=\"noopener\"> la col\u00e8re des clients qui sont rest\u00e9s coinc\u00e9s parfois jusqu\u2019\u00e0 4 heures dans le parking \u00e0 \u00e9tages du centre commercial<\/a>. Col\u00e8re et incompr\u00e9hension qu\u2019ils ont expos\u00e9es sur les r\u00e9seaux sociaux et notamment la page Facebook de Cap 300O.<\/p>\n<p><strong>\u00ab\u00a0Une situation exceptionnelle, totalement ind\u00e9pendante de notre volont\u00e9\u00a0\u00bb<\/strong><\/p>\n<p>\u00ab\u00a0Nous sommes sinc\u00e8rement d\u00e9sol\u00e9s pour les difficult\u00e9s rencontr\u00e9es en fin de journ\u00e9e, confie Fr\u00e9d\u00e9ric Llorca le directeur. Cette situation exceptionnelle, totalement ind\u00e9pendante de notre volont\u00e9, est le r\u00e9sultat d\u2019une conjonction d\u2019\u00e9v\u00e9nements: <strong>les restrictions de circulation li\u00e9es \u00e0 l\u2019Ironman et un accident grave sur l\u2019A8 ont paralys\u00e9 les acc\u00e8s au centre ainsi que toute la partie ouest de Nice.\u00a0\u00bb<\/strong><\/p>\n<p><strong>\u00ab\u00a0Nous avons distribu\u00e9 des bouteilles d\u2019eau et fait des annonces\u00a0\u00bb<\/strong><\/p>\n<p>Fr\u00e9d\u00e9ric Llorca confirme aussi que cette situation a \u00e9t\u00e9 prise en compte. \u00ab\u00a0D\u00e8s que nous avons eu connaissance de la situation, nous avons r\u00e9agi: annonces toutes les dix minutes en plusieurs langues, pour inviter les visiteurs \u00e0 rester dans le centre au frais, ouverture gratuite du parking pour faciliter les sorties, mobilisation de nos \u00e9quipes pour distribuer le stock d\u2019eau que nous avions.\u00a0\u00bb<\/p>\n<p>Le centre commercial dit comprendre \u00ab\u00a0pleinement la frustration g\u00e9n\u00e9r\u00e9e. Nous avons fait tout ce qui \u00e9tait en notre pouvoir, et nous travaillons d\u00e9j\u00e0 avec les autorit\u00e9s pour \u00e9viter qu\u2019une telle situation ne se reproduise.\u00a0\u00bb<\/p>\n","protected":false},"excerpt":{"rendered":"Ce dimanche dans la soir\u00e9e, la direction de Cap 3000 a tenu \u00e0 r\u00e9agir \u00e0 la col\u00e8re des&hellip;\n","protected":false},"author":2,"featured_media":214480,"comment_status":"","ping_status":"","sticky":false,"template":"","format":"standard","meta":{"footnotes":""},"categories":[2819],"tags":[1111,11,1777,674,1011,27,803,12,2401,882,25,800],"class_list":{"0":"post-214479","1":"post","2":"type-post","3":"status-publish","4":"format-standard","5":"has-post-thumbnail","7":"category-nice","8":"tag-actu","9":"tag-actualites","10":"tag-eu","11":"tag-europe","12":"tag-fr","13":"tag-france","14":"tag-info-trafic","15":"tag-news","16":"tag-nice","17":"tag-provence-alpes-cote-dazur","18":"tag-republique-francaise","19":"tag-transports"},"share_on_mastodon":{"url":"https:\/\/pubeurope.com\/@fr\/114769507440348160","error":""},"_links":{"self":[{"href":"https:\/\/www.europesays.com\/fr\/wp-json\/wp\/v2\/posts\/214479","targetHints":{"allow":["GET"]}}],"collection":[{"href":"https:\/\/www.europesays.com\/fr\/wp-json\/wp\/v2\/posts"}],"about":[{"href":"https:\/\/www.europesays.com\/fr\/wp-json\/wp\/v2\/types\/post"}],"author":[{"embeddable":true,"href":"https:\/\/www.europesays.com\/fr\/wp-json\/wp\/v2\/users\/2"}],"replies":[{"embeddable":true,"href":"https:\/\/www.europesays.com\/fr\/wp-json\/wp\/v2\/comments?post=214479"}],"version-history":[{"count":0,"href":"https:\/\/www.europesays.com\/fr\/wp-json\/wp\/v2\/posts\/214479\/revisions"}],"wp:featuredmedia":[{"embeddable":true,"href":"https:\/\/www.europesays.com\/fr\/wp-json\/wp\/v2\/media\/214480"}],"wp:attachment":[{"href":"https:\/\/www.europesays.com\/fr\/wp-json\/wp\/v2\/media?parent=214479"}],"wp:term":[{"taxonomy":"category","embeddable":true,"href":"https:\/\/www.europesays.com\/fr\/wp-json\/wp\/v2\/categories?post=214479"},{"taxonomy":"post_tag","embeddable":true,"href":"https:\/\/www.europesays.com\/fr\/wp-json\/wp\/v2\/tags?post=214479"}],"curies":[{"name":"wp","href":"https:\/\/api.w.org\/{rel}","templated":true}]}}