{"id":214485,"date":"2025-06-30T00:36:20","date_gmt":"2025-06-30T00:36:20","guid":{"rendered":"https:\/\/www.europesays.com\/fr\/214485\/"},"modified":"2025-06-30T00:36:20","modified_gmt":"2025-06-30T00:36:20","slug":"nuit-du-voyage-a-nantes-la-foule-etait-au-rendez-vous","status":"publish","type":"post","link":"https:\/\/www.europesays.com\/fr\/214485\/","title":{"rendered":"Nuit du Voyage \u00e0 Nantes, la foule \u00e9tait au rendez-vous"},"content":{"rendered":"<p>Une foule bigarr\u00e9e, dansante et joyeuse a r\u00e9pondu pr\u00e9sent au rendez-vous de la <a href=\"https:\/\/nantes.maville.com\/actu\/actudet_-la-nuit-du-voyage-a-nantes-joyeuse-et-eclairante-comme-une-apres-midi-d-ete-_8-6876409_actu.Htm\" target=\"_blank\" rel=\"nofollow noopener\">Nuit du Voyage \u00e0 Nantes<\/a>, samedi soir 28\u00a0juin. Une foule qui a suivi le mouvement impuls\u00e9 par la Green line marching band, la fanfare du Van, dans les rues de la ville.<\/p>\n<p>Du point de d\u00e9part du cort\u00e8ge, place Royale o\u00f9 les statues en bronze ont laiss\u00e9 place \u00e0 des sculptures hyperr\u00e9alistes (Latest version de Willem de Haan), en passant par la place Graslin o\u00f9 des armatures m\u00e9talliques repr\u00e9sentent une femme enceinte couch\u00e9e (Mothership de Prune Nourry), jusqu\u2019\u00e0 la place Mar\u00e9chal-Foch, qui a vu sa colonne Louis-XVI gravie par une silhouette d\u00e9fiant les lois de la gravit\u00e9 (Antipodos de Iv\u00e1n Argote), la foule a \u00e9t\u00e9 emport\u00e9e par ce <a href=\"https:\/\/nantes.maville.com\/actu\/actudet_-quand-des-taupes-geantes-s-invitent-a-la-soiree-de-lancement-du-voyage-a-nantes-_8-6876378_actu.Htm\" target=\"_blank\" rel=\"nofollow noopener\">voyage \u00e9trange mais fascinant<\/a>.<\/p>\n<p>La nuit s\u2019est poursuivie tard, avec des concerts ou des DJ sets. Samedi soir, la culture \u00e9tait en f\u00eate, et \u00e7a continue tout cet \u00e9t\u00e9.<\/p>\n<p>\t<img decoding=\"async\" src=\"https:\/\/www.europesays.com\/fr\/wp-content\/uploads\/2025\/06\/P35321946D6877017G_px_640_.jpg\" alt=\"photo la green line marching band dans ses \u0153uvres.  \u00a9  ouest-france\" width=\"640\" title=\" La Green line marching band dans ses \u0153uvres.   Ouest-France \"\/><\/p>\n<p class=\"elmt-legende\"> La Green line marching band dans ses \u0153uvres.   Ouest-France <\/p>\n<p>\t<img decoding=\"async\" src=\"https:\/\/www.europesays.com\/fr\/wp-content\/uploads\/2025\/06\/P35321947D6877017G_px_640_.jpg\" alt=\"photo la nuit du van \u00e9tait aussi celle de la musique.  \u00a9  ouest-france\" width=\"640\" title=\" La Nuit du Van \u00e9tait aussi celle de la musique.   Ouest-France \"\/><\/p>\n<p class=\"elmt-legende\"> La Nuit du Van \u00e9tait aussi celle de la musique.   Ouest-France <\/p>\n<p>\t<img decoding=\"async\" src=\"https:\/\/www.europesays.com\/fr\/wp-content\/uploads\/2025\/06\/P35321948D6877017G_px_640_.jpg\" alt=\"photo plusieurs concerts \u00e9taient propos\u00e9s par le voyage \u00e0 nantes.  \u00a9  ouest-france\" width=\"640\" title=\" Plusieurs concerts \u00e9taient propos\u00e9s par le Voyage \u00e0 Nantes.   Ouest-France \"\/><\/p>\n<p class=\"elmt-legende\"> Plusieurs concerts \u00e9taient propos\u00e9s par le Voyage \u00e0 Nantes.   Ouest-France <\/p>\n<p>\t<img decoding=\"async\" src=\"https:\/\/www.europesays.com\/fr\/wp-content\/uploads\/2025\/06\/P35321949D6877017G_px_640_.jpg\" alt=\"photo le public \u00e9tait invit\u00e9 \u00e0 suivre la fanfare dans les rues de la ville.  \u00a9  ouest-france\" width=\"640\" title=\" Le public \u00e9tait invit\u00e9 \u00e0 suivre la fanfare dans les rues de la ville.   Ouest-France \"\/><\/p>\n<p class=\"elmt-legende\"> Le public \u00e9tait invit\u00e9 \u00e0 suivre la fanfare dans les rues de la ville.   Ouest-France <\/p>\n<p>\t<img decoding=\"async\" src=\"https:\/\/www.europesays.com\/fr\/wp-content\/uploads\/2025\/06\/P35321950D6877017G_px_640_.jpg\" alt=\"photo la place royale noire de monde, alors que les figures hyperr\u00e9alistes de willem de haan se sentent comme chez elles sur la fontaine.  \u00a9  ouest-france\" width=\"640\" title=\" La place Royale noire de monde, alors que les figures hyperr\u00e9alistes de Willem de Haan se sentent comme chez elles sur la fontaine.   Ouest-France \"\/><\/p>\n<p class=\"elmt-legende\"> La place Royale noire de monde, alors que les figures hyperr\u00e9alistes de Willem de Haan se sentent comme chez elles sur la fontaine.   Ouest-France <\/p>\n<p>\t<img decoding=\"async\" src=\"https:\/\/www.europesays.com\/fr\/wp-content\/uploads\/2025\/06\/P35321951D6877017G_px_640_.jpg\" alt=\"photo au d\u00e9part du cort\u00e8ge, samedi soir, apr\u00e8s les discours des \u00e9lus lan\u00e7ant le festival.  \u00a9  ouest-france\" width=\"640\" title=\" Au d\u00e9part du cort\u00e8ge, samedi soir, apr\u00e8s les discours des \u00e9lus lan\u00e7ant le festival.   Ouest-France \"\/><\/p>\n<p class=\"elmt-legende\"> Au d\u00e9part du cort\u00e8ge, samedi soir, apr\u00e8s les discours des \u00e9lus lan\u00e7ant le festival.   Ouest-France <\/p>\n<p>\t<img decoding=\"async\" src=\"https:\/\/www.europesays.com\/fr\/wp-content\/uploads\/2025\/06\/P35321952D6877017G_px_640_.jpg\" alt=\"photo il n\u2019y avait plus une place sur les marches de l\u2019op\u00e9ra graslin samedi soir.  \u00a9  ouest-france\" width=\"640\" title=\" Il n\u2019y avait plus une place sur les marches de l\u2019op\u00e9ra Graslin samedi soir.   Ouest-France \"\/><\/p>\n<p class=\"elmt-legende\"> Il n\u2019y avait plus une place sur les marches de l\u2019op\u00e9ra Graslin samedi soir.   Ouest-France <\/p>\n<p>\u00a0<\/p>\n","protected":false},"excerpt":{"rendered":"Une foule bigarr\u00e9e, dansante et joyeuse a r\u00e9pondu pr\u00e9sent au rendez-vous de la Nuit du Voyage \u00e0 Nantes,&hellip;\n","protected":false},"author":2,"featured_media":214486,"comment_status":"","ping_status":"","sticky":false,"template":"","format":"standard","meta":{"footnotes":""},"categories":[2818],"tags":[1111,11,1777,674,8383,1011,27,766,12,293,2636,12407,25,586],"class_list":{"0":"post-214485","1":"post","2":"type-post","3":"status-publish","4":"format-standard","5":"has-post-thumbnail","7":"category-nantes","8":"tag-actu","9":"tag-actualites","10":"tag-eu","11":"tag-europe","12":"tag-foule","13":"tag-fr","14":"tag-france","15":"tag-nantes","16":"tag-news","17":"tag-nuit","18":"tag-pays-de-la-loire","19":"tag-rendez-vous","20":"tag-republique-francaise","21":"tag-voyage"},"share_on_mastodon":{"url":"https:\/\/pubeurope.com\/@fr\/114769519597800419","error":""},"_links":{"self":[{"href":"https:\/\/www.europesays.com\/fr\/wp-json\/wp\/v2\/posts\/214485","targetHints":{"allow":["GET"]}}],"collection":[{"href":"https:\/\/www.europesays.com\/fr\/wp-json\/wp\/v2\/posts"}],"about":[{"href":"https:\/\/www.europesays.com\/fr\/wp-json\/wp\/v2\/types\/post"}],"author":[{"embeddable":true,"href":"https:\/\/www.europesays.com\/fr\/wp-json\/wp\/v2\/users\/2"}],"replies":[{"embeddable":true,"href":"https:\/\/www.europesays.com\/fr\/wp-json\/wp\/v2\/comments?post=214485"}],"version-history":[{"count":0,"href":"https:\/\/www.europesays.com\/fr\/wp-json\/wp\/v2\/posts\/214485\/revisions"}],"wp:featuredmedia":[{"embeddable":true,"href":"https:\/\/www.europesays.com\/fr\/wp-json\/wp\/v2\/media\/214486"}],"wp:attachment":[{"href":"https:\/\/www.europesays.com\/fr\/wp-json\/wp\/v2\/media?parent=214485"}],"wp:term":[{"taxonomy":"category","embeddable":true,"href":"https:\/\/www.europesays.com\/fr\/wp-json\/wp\/v2\/categories?post=214485"},{"taxonomy":"post_tag","embeddable":true,"href":"https:\/\/www.europesays.com\/fr\/wp-json\/wp\/v2\/tags?post=214485"}],"curies":[{"name":"wp","href":"https:\/\/api.w.org\/{rel}","templated":true}]}}