{"id":214489,"date":"2025-06-30T00:38:12","date_gmt":"2025-06-30T00:38:12","guid":{"rendered":"https:\/\/www.europesays.com\/fr\/214489\/"},"modified":"2025-06-30T00:38:12","modified_gmt":"2025-06-30T00:38:12","slug":"bordeaux-begles-fier-apres-une-saison-memorable","status":"publish","type":"post","link":"https:\/\/www.europesays.com\/fr\/214489\/","title":{"rendered":"Bordeaux-B\u00e8gles \u00abfier\u00bb apr\u00e8s une saison m\u00e9morable"},"content":{"rendered":"<p>D\u00e9faits pour la deuxi\u00e8me fois d\u2019affil\u00e9e en finale de Top 14, les Girondins veulent retenir le c\u00f4t\u00e9 positif d\u2019une saison m\u00e9morable, avec le couronnement europ\u00e9en.<\/p>\n<p class=\"fig-paragraph\">Le sport est tra\u00eetre. C\u2019est d\u2019ailleurs ce qui en fait la beaut\u00e9. Le vainqueur saute de joie, le perdant le regarde, triste. Samedi soir, au Stade de France, l\u2019<a href=\"http:\/\/www.lefigaro.fr\/sports\/rugby\/coupe-d-europe\/c-est-une-etape-supplementaire-dans-notre-construction-comment-l-union-bordeaux-begles-ecrit-son-histoire-en-accelere-20250505\" data-fig-type=\"Article\" data-gtm-custom-categorie=\"navigation\" data-gtm-custom-action=\"crossclick\" data-gtm-custom-label=\"Contextuel\" data-gtm-event=\"customEventSPE\" data-fig-domain=\"LEFIGARO\" rel=\"nofollow noopener\" target=\"_blank\">Union Bordeaux-B\u00e8gles<\/a>\u00a0a assist\u00e9, vide de toute envie ou \u00e9nergie, \u00e0 la remise du bouclier de Brennus au Stade Toulousain. Assis en tailleur dans un coin de la pelouse, debout les bras crois\u00e9s ou r\u00e9confort\u00e9s par leurs enfants, les joueurs girondins ont, une nouvelle fois, vers\u00e9 des larmes apr\u00e8s\u00a0<a href=\"http:\/\/www.lefigaro.fr\/flash-sport\/les-notes-de-la-finale-toulouse-ubb-le-roi-ramos-willis-destructeur-lucu-n-a-pas-suffi-20250629\" data-fig-type=\"NewsFlash\" data-gtm-custom-categorie=\"navigation\" data-gtm-custom-action=\"crossclick\" data-gtm-custom-label=\"Contextuel\" data-gtm-event=\"customEventSPE\" data-fig-domain=\"LEFIGARO\" rel=\"nofollow noopener\" target=\"_blank\">la d\u00e9faite face \u00e0 Toulouse au terme d\u2019un combat \u00e9pique<\/a>\u00a0(39-33, apr\u00e8s prolongation).\u00a0<a href=\"http:\/\/www.lefigaro.fr\/sports\/rugby\/top-14\/comment-l-ubb-s-est-servie-de-la-claque-monumentale-de-l-an-dernier-pour-revenir-plus-fort-20250628\" data-fig-type=\"Article\" data-gtm-custom-categorie=\"navigation\" data-gtm-custom-action=\"crossclick\" data-gtm-custom-label=\"Contextuel\" data-gtm-event=\"customEventSPE\" data-fig-domain=\"LEFIGARO\" rel=\"nofollow noopener\" target=\"_blank\">Un an apr\u00e8s avoir \u00e9t\u00e9 \u00e9cras\u00e9s par ces m\u00eames Rouge et Noir au Stade-V\u00e9lodrome<\/a>\u00a0(59-3).<\/p>\n<p class=\"fig-paragraph\">La tristesse des co\u00e9quipiers de Matthieu Jalibert et Maxime Lucu contraste avec les images d\u2019une place des Quinconces en fusion le 24\u00a0mai dernier, apr\u00e8s le premier titre europ\u00e9en de l\u2019histoire de l\u2019UBB. C\u2019est d\u2019ailleurs ce qui peut les r\u00e9conforter malgr\u00e9 la douleur d\u2019un nouveau titre laiss\u00e9 en route. \u00ab\u00a0C\u2019est quand m\u00eame une saison inoubliable. Je suis d\u00e9\u00e7u, mais pas d\u00e9vast\u00e9\u00a0\u00bb<\/p>\n<p class=\"fig-premium-paywall__infos\">\n        Cet article est r\u00e9serv\u00e9 aux abonn\u00e9s.        Il vous reste 78% \u00e0 d\u00e9couvrir.\n    <\/p>\n<p>                <img  data- alt=\"Le Figaro\" class=\"fig-img--complete fig-img\"\/><\/p>\n<p class=\"fig-premium-paywall__title\">Vente Flash : derniers jours<\/p>\n<p class=\"fig-premium-paywall__subtitle\">3,99\u20ac par mois pendant 12 mois. Sans engagement.<\/p>\n<p class=\"fig-premium-paywall__connect\">\n                D\u00e9j\u00e0 abonn\u00e9\u00a0?                <a class=\"fig-premium-paywall__connect-link\" href=\"https:\/\/connect.lefigaro.fr\/login?client=horizon_web&amp;type=main&amp;redirect_uri=https%3A%2F%2Fwww.lefigaro.fr%2Fsports%2Frugby%2Ftop-14%2Frugby-bordeaux-begles-fier-apres-une-saison-memorable-20250629\" data-js-gtm=\"{&quot;customCategorie&quot;: &quot;conversion&quot;, &quot;customAction&quot;: &quot;before_Landing_Connexion_paywall_auto&quot;, &quot;customLabel&quot;: &quot;bGVmaWdhcm8uZnJfXzFmMDU0Yzc4LTc4NjktNjQwNC1hNzk5LTMxOTg4ZjE3ZjJjMl9fQXJ0aWNsZQ==_Rugby\u00a0: Bordeaux-B\u00e8gles \u00abfier\u00bb apr\u00e8s une saison m\u00e9morable_379&quot;, &quot;customIDSPE&quot;: &quot;bGVmaWdhcm8uZnJfXzFmMDU0Yzc4LTc4NjktNjQwNC1hNzk5LTMxOTg4ZjE3ZjJjMl9fQXJ0aWNsZQ==&quot;, &quot;event&quot;: &quot;customEventSPE&quot;}\" rel=\"nofollow noopener\" target=\"_blank\"><br \/>\n                    Connectez-vous<br \/>\n                <\/a>\n            <\/p>\n","protected":false},"excerpt":{"rendered":"D\u00e9faits pour la deuxi\u00e8me fois d\u2019affil\u00e9e en finale de Top 14, les Girondins veulent retenir le c\u00f4t\u00e9 positif&hellip;\n","protected":false},"author":2,"featured_media":214490,"comment_status":"","ping_status":"","sticky":false,"template":"","format":"standard","meta":{"footnotes":""},"categories":[2817],"tags":[1111,11,1997,525,4590,1981,2313,814,1777,674,1011,27,955,24802,12,2219,4589,2311,25,1980,479,2259,478,2310,2312,4364],"class_list":{"0":"post-214489","1":"post","2":"type-post","3":"status-publish","4":"format-standard","5":"has-post-thumbnail","7":"category-bordeaux","8":"tag-actu","9":"tag-actualites","10":"tag-bordeaux","11":"tag-calendrier","12":"tag-championnat-france","13":"tag-classement","14":"tag-clermont","15":"tag-direct","16":"tag-eu","17":"tag-europe","18":"tag-fr","19":"tag-france","20":"tag-match","21":"tag-matthieu-jalibert","22":"tag-news","23":"tag-nouvelle-aquitaine","24":"tag-phase-finale","25":"tag-racing","26":"tag-republique-francaise","27":"tag-resultats","28":"tag-rugby","29":"tag-score","30":"tag-top-14","31":"tag-toulon","32":"tag-toulouse","33":"tag-ubb"},"share_on_mastodon":{"url":"https:\/\/pubeurope.com\/@fr\/114769527004394299","error":""},"_links":{"self":[{"href":"https:\/\/www.europesays.com\/fr\/wp-json\/wp\/v2\/posts\/214489","targetHints":{"allow":["GET"]}}],"collection":[{"href":"https:\/\/www.europesays.com\/fr\/wp-json\/wp\/v2\/posts"}],"about":[{"href":"https:\/\/www.europesays.com\/fr\/wp-json\/wp\/v2\/types\/post"}],"author":[{"embeddable":true,"href":"https:\/\/www.europesays.com\/fr\/wp-json\/wp\/v2\/users\/2"}],"replies":[{"embeddable":true,"href":"https:\/\/www.europesays.com\/fr\/wp-json\/wp\/v2\/comments?post=214489"}],"version-history":[{"count":0,"href":"https:\/\/www.europesays.com\/fr\/wp-json\/wp\/v2\/posts\/214489\/revisions"}],"wp:featuredmedia":[{"embeddable":true,"href":"https:\/\/www.europesays.com\/fr\/wp-json\/wp\/v2\/media\/214490"}],"wp:attachment":[{"href":"https:\/\/www.europesays.com\/fr\/wp-json\/wp\/v2\/media?parent=214489"}],"wp:term":[{"taxonomy":"category","embeddable":true,"href":"https:\/\/www.europesays.com\/fr\/wp-json\/wp\/v2\/categories?post=214489"},{"taxonomy":"post_tag","embeddable":true,"href":"https:\/\/www.europesays.com\/fr\/wp-json\/wp\/v2\/tags?post=214489"}],"curies":[{"name":"wp","href":"https:\/\/api.w.org\/{rel}","templated":true}]}}