{"id":214495,"date":"2025-06-30T00:41:10","date_gmt":"2025-06-30T00:41:10","guid":{"rendered":"https:\/\/www.europesays.com\/fr\/214495\/"},"modified":"2025-06-30T00:41:10","modified_gmt":"2025-06-30T00:41:10","slug":"vagues-de-chaleur-des-ecoles-fermees-ce-lundi-sont-elles-adaptees-au-rechauffement","status":"publish","type":"post","link":"https:\/\/www.europesays.com\/fr\/214495\/","title":{"rendered":"Vagues de chaleur\u00a0: des \u00e9coles ferm\u00e9es ce lundi, sont-elles adapt\u00e9es au r\u00e9chauffement"},"content":{"rendered":"<p>Officiellement, les grandes vacances ne commencent que samedi 5\u00a0juillet. Mais ce lundi 30\u00a0juin 2025, certains \u00e9l\u00e8ves n\u2019iront pas \u00e0 l\u2019\u00e9cole. La faute aux chaleurs \u00e9crasantes.\u00a0M\u00e9t\u00e9o France <a href=\"https:\/\/rennes.maville.com\/actu\/actudet_-vague-de-chaleur-la-vigilance-orange-s-etend-encore-84-departements-concernes-lundi-_54135-6876854_actu.Htm\" target=\"_blank\" rel=\"noopener\">a plac\u00e9 84\u00a0d\u00e9partements en vigilance orange canicule<\/a>. Les maximales atteindront souvent les 38 \u00e0 40\u00a0\u00b0C sur le sud de l\u2019Hexagone, et les 35\u00a0\u00b0C vont \u00eatre ais\u00e9ment d\u00e9pass\u00e9s sur les deux tiers sud du pays, jusqu\u2019en \u00cele-de-France.<\/p>\n<p>Tours (Indre-et-Loire), Melun (Seine-et-Marne), \u00c9commoy (Sarthe)\u2026 Par pr\u00e9caution, <a href=\"https:\/\/lemans.maville.com\/actu\/actudet_-vague-de-chaleur-plusieurs-ecoles-vont-rester-fermees-en-debut-de-semaine-en-france-_14-6876683_actu.Htm\" target=\"_blank\" rel=\"noopener\">plusieurs villes vont fermer temporairement leurs \u00e9coles<\/a> \u2013 une demi-journ\u00e9e, ou plus \u2013 car elles sont inadapt\u00e9es lorsque le mercure atteint de telles temp\u00e9ratures. <strong>\u00ab\u00a0Il faut qu\u2019on soit tr\u00e8s vigilants\u00a0\u00bb,<\/strong> et <strong>\u00ab\u00a0pragmatiques, et qu\u2019on prenne des d\u00e9cisions au cas par cas\u00a0\u00bb<\/strong>, a comment\u00e9 la ministre de l\u2019\u00c9ducation \u00c9lisabeth Borne <a href=\"https:\/\/www.franceinfo.fr\/environnement\/evenements-meteorologiques-extremes\/vagues-de-chaleur-canicules\/vague-de-chaleur-en-france-des-pointes-a-40-c-attendues-pres-de-la-mediterranee-alors-que-73-departements-sont-places-en-vigilance-orange-canicule_7344975.html#xtor=CS2-765-%5Bautres%5D-\" target=\"_blank\" rel=\"noopener\">sur <\/a>  <a href=\"https:\/\/www.franceinfo.fr\/environnement\/evenements-meteorologiques-extremes\/vagues-de-chaleur-canicules\/vague-de-chaleur-en-france-des-pointes-a-40-c-attendues-pres-de-la-mediterranee-alors-que-73-departements-sont-places-en-vigilance-orange-canicule_7344975.html#xtor=CS2-765-%5Bautres%5D-\" target=\"_blank\" rel=\"noopener\">France 3<\/a> . <strong>\u00ab\u00a0S\u2019il y a un probl\u00e8me, il faut \u00e0 la fois permettre \u00e0 des parents qui le peuvent de garder leurs enfants \u00e0 la maison, et en m\u00eame temps avoir des solutions pour ceux qui le peuvent pas\u00a0\u00bb, <\/strong>a-t-elle ajout\u00e9.<\/p>\n<p>\u00ab\u00a0\u00c0 l\u2019assaut du r\u00e9chauffement climatique avec un brumisateur\u00a0\u00bb<\/p>\n<p>Alors que le ministre de l\u2019Int\u00e9rieur Bruno Retailleau a convoqu\u00e9 ce dimanche soir une r\u00e9union interminist\u00e9rielle, celui de l\u2019\u00c9ducation nationale a rediffus\u00e9 aux recteurs les instructions pour garantir la s\u00e9curit\u00e9 des \u00e9l\u00e8ves et des personnels\u00a0: rester dans des salles \u00e0 l\u2019ombre, fermer les volets, maintenir les fen\u00eatres ferm\u00e9es\u2026<\/p>\n<p><strong>\u00ab\u00a0Dans ces cas-l\u00e0, la sant\u00e9 prime. L\u2019attention des \u00e9l\u00e8ves diminue, alors on adapte les activit\u00e9s, on organise des jeux d\u2019eau, on veille \u00e0 ce qu\u2019ils boivent r\u00e9guli\u00e8rement, <\/strong>commente\u00a0Aur\u00e9lie Gagnier, du syndicat d\u2019enseignants Snuip-FSU. <strong>Mais on doit encore travailler dans l\u2019urgence, alors que nous alertons depuis des ann\u00e9es sur les risques li\u00e9s au climat. Rien n\u2019est anticip\u00e9.\u00a0\u00bb<\/strong><\/p>\n<p>Du c\u00f4t\u00e9 de la principale f\u00e9d\u00e9ration de parents d\u2019\u00e9l\u00e8ves, Gr\u00e9goire Ensel, vice-pr\u00e9sident de la FCPE<strong>, <\/strong>d\u00e9nonce aussi une<strong> \u00ab\u00a0grande d\u00e9brouille\u00a0\u00bb <\/strong>et\u00a0r\u00e9clame<strong> \u00ab\u00a0un protocole clair\u00a0\u00bb<\/strong> <strong>. \u00ab\u00a0L\u00e0, on a l\u2019impression de partir \u00e0 l\u2019assaut du r\u00e9chauffement climatique avec un brumisateur\u00a0\u00bb,<\/strong> ironise-t-il.<\/p>\n<p>Des \u00e9pisodes de chaleurs plus fr\u00e9quents<\/p>\n<p>\u00c0 l\u2019avenir, le climat est appel\u00e9 \u00e0 se r\u00e9chauffer du fait des \u00e9missions de gaz \u00e0 effet de serre li\u00e9es aux activit\u00e9s humaines (transports, agriculture, industrie\u2026). La fr\u00e9quence de tels \u00e9pisodes m\u00e9t\u00e9orologiques doit s\u2019accro\u00eetre, alerte le Groupe d\u2019experts intergouvernemental sur l\u2019\u00e9volution du climat (Giec) dans son dernier\u00a0rapport.<\/p>\n<p><strong>\u00ab\u00a0Ces \u00e9pisodes de chaleur pourraient bient\u00f4t s\u2019\u00e9tendre de mai \u00e0 septembre,<\/strong> imagine Gr\u00e9goire Ensel, de la FCPE. <strong>Il faut un plan massif de r\u00e9novation du b\u00e2ti scolaire, inadapt\u00e9 face aux enjeux climatiques. On esp\u00e8re que cette question sera au c\u0153ur des programmes des prochaines municipales.\u00a0\u00bb<\/strong><\/p>\n<p>Pour faire face au r\u00e9chauffement climatique, les mairies, qui g\u00e8rent les \u00e9coles, tentent de s\u2019adapter. En installant des \u00eelots de fra\u00eecheurs en ext\u00e9rieur, par exemple. Paris, Lille, Strasbourg, Rennes\u2026 <a href=\"https:\/\/maubeuge.maville.com\/actu\/actudet_-climat.-pourquoi-les-municipalites-vegetalisent-les-cours-de-recre-_53511-6711276_actu.Htm\" target=\"_blank\" rel=\"noopener\">La v\u00e9g\u00e9talisation des cours de r\u00e9cr\u00e9ation s\u2019acc\u00e9l\u00e8re<\/a>. Mais il faut aussi accueillir les \u00e9l\u00e8ves en classe dans les 60\u00a0000\u00a0\u00e9coles, coll\u00e8ges et lyc\u00e9es du pays.<\/p>\n<p>Des \u00e9coles \u00e0 r\u00e9nover<\/p>\n<p>Or, une grande partie de cet immobilier scolaire a \u00e9t\u00e9 construite avant 1975. En 2022, le minist\u00e8re de l\u2019\u00c9ducation estimait qu\u2019au moins 10\u00a0% des \u00e9tablissements, <strong>\u00ab\u00a0susceptibles de g\u00e9n\u00e9rer un inconfort tr\u00e8s important l\u2019\u00e9t\u00e9 comme l\u2019hiver\u00a0\u00bb,<\/strong> avaient besoin d\u2019une r\u00e9novation thermique. Un chiffre sous-estim\u00e9 aux yeux des partenaires sociaux. Ils s\u2019appuient sur un rapport parlementaire de 2023 consacr\u00e9 \u00e0 l\u2019adaptation de l\u2019\u00e9cole aux enjeux climatiques, qui avait \u00e9pingl\u00e9 un b\u00e2ti scolaire <strong>\u00ab\u00a0qui ne garantit pas un bon confort thermique\u00a0\u00bb, <\/strong>dans un<strong> \u00ab\u00a0contexte marqu\u00e9 par la hausse globale des temp\u00e9ratures\u00a0\u00bb<\/strong>. Mais ses auteurs soulignaient aussi la difficult\u00e9 d\u2019\u00e9valuer pr\u00e9cis\u00e9ment les besoins.\u00a0Face \u00e0 ce constat,  <a href=\"https:\/\/rennes.maville.com\/actu\/actudet_-climat.-500-millions-d-euros-debloques-en-2024-pour-la-renovation-des-ecoles-promet-emmanuel-macron-_54135-5923436_actu.Htm\" target=\"_blank\" rel=\"noopener\">un plan pour r\u00e9nover 10\u00a0000\u00a0\u00e9coles d\u2019ici \u00e0 2027 avait \u00e9t\u00e9 lanc\u00e9<\/a> , avec un budget de 500\u00a0millions d\u2019euros allou\u00e9 par l\u2019\u00c9tat  via  le Fonds vert pour aider les collectivit\u00e9s.<\/p>\n<p>Une aide financi\u00e8re qui a <strong>\u00ab\u00a0fondu comme neige au soleil\u00a0\u00bb<\/strong> en cette p\u00e9riode de rigueur budg\u00e9taire, regrette Fr\u00e9d\u00e9ric Leturque, le maire d\u2019Arras. En charge des dossiers \u00e9ducation \u00e0 l\u2019association des maires de France (AMF), il ajoute\u00a0: <strong>\u00ab\u00a0Que ce soit pour les canicules, ou les grands froids l\u2019hiver, <a href=\"https:\/\/www.senat.fr\/rap\/r22-800\/r22-800.html\" target=\"_blank\" rel=\"noopener\">le rapport parlementaire<\/a>\u00a0estime qu\u2019il faudrait des dizaines de milliards d\u2019euros d\u2019investissements publics si on veut \u00eatre au rendez-vous du changement climatique.\u00a0\u00bb<\/strong><\/p>\n<p>\u00a0<\/p>\n","protected":false},"excerpt":{"rendered":"Officiellement, les grandes vacances ne commencent que samedi 5\u00a0juillet. Mais ce lundi 30\u00a0juin 2025, certains \u00e9l\u00e8ves n\u2019iront pas&hellip;\n","protected":false},"author":2,"featured_media":214496,"comment_status":"","ping_status":"","sticky":false,"template":"","format":"standard","meta":{"footnotes":""},"categories":[2815],"tags":[1111,11,35403,13208,18877,4019,1777,674,12009,1011,27,811,1307,9865,12,35404,25,35402,35401],"class_list":{"0":"post-214495","1":"post","2":"type-post","3":"status-publish","4":"format-standard","5":"has-post-thumbnail","7":"category-lille","8":"tag-actu","9":"tag-actualites","10":"tag-adaptees","11":"tag-chaleur","12":"tag-climatique","13":"tag-ecoles","14":"tag-eu","15":"tag-europe","16":"tag-fermees","17":"tag-fr","18":"tag-france","19":"tag-hauts-de-france","20":"tag-lille","21":"tag-lundi","22":"tag-news","23":"tag-rechauffement","24":"tag-republique-francaise","25":"tag-sont-elles","26":"tag-vagues"},"share_on_mastodon":{"url":"https:\/\/pubeurope.com\/@fr\/114769538960534981","error":""},"_links":{"self":[{"href":"https:\/\/www.europesays.com\/fr\/wp-json\/wp\/v2\/posts\/214495","targetHints":{"allow":["GET"]}}],"collection":[{"href":"https:\/\/www.europesays.com\/fr\/wp-json\/wp\/v2\/posts"}],"about":[{"href":"https:\/\/www.europesays.com\/fr\/wp-json\/wp\/v2\/types\/post"}],"author":[{"embeddable":true,"href":"https:\/\/www.europesays.com\/fr\/wp-json\/wp\/v2\/users\/2"}],"replies":[{"embeddable":true,"href":"https:\/\/www.europesays.com\/fr\/wp-json\/wp\/v2\/comments?post=214495"}],"version-history":[{"count":0,"href":"https:\/\/www.europesays.com\/fr\/wp-json\/wp\/v2\/posts\/214495\/revisions"}],"wp:featuredmedia":[{"embeddable":true,"href":"https:\/\/www.europesays.com\/fr\/wp-json\/wp\/v2\/media\/214496"}],"wp:attachment":[{"href":"https:\/\/www.europesays.com\/fr\/wp-json\/wp\/v2\/media?parent=214495"}],"wp:term":[{"taxonomy":"category","embeddable":true,"href":"https:\/\/www.europesays.com\/fr\/wp-json\/wp\/v2\/categories?post=214495"},{"taxonomy":"post_tag","embeddable":true,"href":"https:\/\/www.europesays.com\/fr\/wp-json\/wp\/v2\/tags?post=214495"}],"curies":[{"name":"wp","href":"https:\/\/api.w.org\/{rel}","templated":true}]}}