{"id":214502,"date":"2025-06-30T00:45:17","date_gmt":"2025-06-30T00:45:17","guid":{"rendered":"https:\/\/www.europesays.com\/fr\/214502\/"},"modified":"2025-06-30T00:45:17","modified_gmt":"2025-06-30T00:45:17","slug":"en-images-brignais-avant-le-defile-douverture-de-la-biennale-a-lyon-250-amateurs-ont-danse-pour-leur-public","status":"publish","type":"post","link":"https:\/\/www.europesays.com\/fr\/214502\/","title":{"rendered":"En images. Brignais. Avant le d\u00e9fil\u00e9 d&rsquo;ouverture de la Biennale \u00e0 Lyon, 250 amateurs ont dans\u00e9 pour leur public"},"content":{"rendered":"<p>Samedi, la chaleur n\u2019a pas arr\u00eat\u00e9 les danseurs qui ont offert en exclusivit\u00e9 la chor\u00e9graphie de Let\u2019S Re Jam qui ouvrira le d\u00e9fil\u00e9 de la biennale en septembre prochain. Sous la direction du danseur Abdou N\u2019Gom du collectif Stylistick, ils ont partag\u00e9 leur plaisir et leur bonne humeur avec un public venu d\u00e9couvrir en avant-premi\u00e8re cette fusion entre hip-hop et swing.<\/p>\n","protected":false},"excerpt":{"rendered":"Samedi, la chaleur n\u2019a pas arr\u00eat\u00e9 les danseurs qui ont offert en exclusivit\u00e9 la chor\u00e9graphie de Let\u2019S Re&hellip;\n","protected":false},"author":2,"featured_media":214503,"comment_status":"","ping_status":"","sticky":false,"template":"","format":"standard","meta":{"footnotes":""},"categories":[1889],"tags":[1111,11,2430,35405,35406,1687,3154,1777,674,1011,27,2798,2428,12,25],"class_list":{"0":"post-214502","1":"post","2":"type-post","3":"status-publish","4":"format-standard","5":"has-post-thumbnail","7":"category-lyon","8":"tag-actu","9":"tag-actualites","10":"tag-auvergne-rhone-alpes","11":"tag-brignais","12":"tag-brignais-bassin","13":"tag-culture-loisirs","14":"tag-edition-sud-lyonnais","15":"tag-eu","16":"tag-europe","17":"tag-fr","18":"tag-france","19":"tag-galerie-photo","20":"tag-lyon","21":"tag-news","22":"tag-republique-francaise"},"share_on_mastodon":{"url":"https:\/\/pubeurope.com\/@fr\/114769554616964404","error":""},"_links":{"self":[{"href":"https:\/\/www.europesays.com\/fr\/wp-json\/wp\/v2\/posts\/214502","targetHints":{"allow":["GET"]}}],"collection":[{"href":"https:\/\/www.europesays.com\/fr\/wp-json\/wp\/v2\/posts"}],"about":[{"href":"https:\/\/www.europesays.com\/fr\/wp-json\/wp\/v2\/types\/post"}],"author":[{"embeddable":true,"href":"https:\/\/www.europesays.com\/fr\/wp-json\/wp\/v2\/users\/2"}],"replies":[{"embeddable":true,"href":"https:\/\/www.europesays.com\/fr\/wp-json\/wp\/v2\/comments?post=214502"}],"version-history":[{"count":0,"href":"https:\/\/www.europesays.com\/fr\/wp-json\/wp\/v2\/posts\/214502\/revisions"}],"wp:featuredmedia":[{"embeddable":true,"href":"https:\/\/www.europesays.com\/fr\/wp-json\/wp\/v2\/media\/214503"}],"wp:attachment":[{"href":"https:\/\/www.europesays.com\/fr\/wp-json\/wp\/v2\/media?parent=214502"}],"wp:term":[{"taxonomy":"category","embeddable":true,"href":"https:\/\/www.europesays.com\/fr\/wp-json\/wp\/v2\/categories?post=214502"},{"taxonomy":"post_tag","embeddable":true,"href":"https:\/\/www.europesays.com\/fr\/wp-json\/wp\/v2\/tags?post=214502"}],"curies":[{"name":"wp","href":"https:\/\/api.w.org\/{rel}","templated":true}]}}