{"id":214506,"date":"2025-06-30T00:48:09","date_gmt":"2025-06-30T00:48:09","guid":{"rendered":"https:\/\/www.europesays.com\/fr\/214506\/"},"modified":"2025-06-30T00:48:09","modified_gmt":"2025-06-30T00:48:09","slug":"la-canicule-entraine-des-restrictions-de-circulation","status":"publish","type":"post","link":"https:\/\/www.europesays.com\/fr\/214506\/","title":{"rendered":"La canicule entra\u00eene des restrictions de circulation"},"content":{"rendered":"<p>La <a href=\"https:\/\/www.20minutes.fr\/dossier\/canicule\" target=\"_blank\" class=\"color-ultramarine c-link\" rel=\"noopener\">canicule<\/a> qui s\u2019abat actuellement sur la France contraint les autorit\u00e9s \u00e0 prendre des mesures sur la circulation, notamment en <a href=\"https:\/\/www.20minutes.fr\/dossier\/ile-de-france\" target=\"_blank\" class=\"color-ultramarine c-link\" rel=\"noopener\">Ile-de-France<\/a>. Des restrictions ont donc \u00e9t\u00e9 d\u00e9cid\u00e9es \u00e0 partir de ce lundi dans la r\u00e9gion, a annonc\u00e9 dimanche la pr\u00e9fecture de police de Paris (PP).<\/p>\n<p>Pour la journ\u00e9e de ce lundi, \u00ab\u00a0Airparif, association de surveillance de la <a href=\"https:\/\/www.20minutes.fr\/dossier\/qualite_de_l_air\" target=\"_blank\" class=\"color-ultramarine c-link\" rel=\"noopener\">qualit\u00e9 de l\u2019air<\/a> en \u00cele-de-France, pr\u00e9voit une concentration en ozone comprise entre 180 et 210\u00a0\u00b5g\/m\u00b3, soit un d\u00e9passement du seuil d\u2019information-recommandation pour ce polluant, fix\u00e9 \u00e0 180\u00a0\u00b5g\/m\u00b3 \u00bb, explique la PP dans un communiqu\u00e9.<\/p>\n<p>Dans un p\u00e9rim\u00e8tre d\u00e9limit\u00e9 par l&rsquo;A86<\/p>\n<p>\u00ab\u00a0Les fortes chaleurs et l\u2019ensoleillement annonc\u00e9s jusqu\u2019en milieu de semaine prochaine \u00e9tant propices \u00e0 l\u2019augmentation des concentrations en ozone\u00a0\u00bb, le pr\u00e9fet de police <a href=\"https:\/\/www.20minutes.fr\/politique\/laurent-nunez\/\" target=\"_blank\" class=\"color-ultramarine c-link\" rel=\"noopener\">Laurent Nu\u00f1ez<\/a> a instaur\u00e9 des restrictions de circulation, \u00e0 commencer par la r\u00e9duction de la vitesse maximale autoris\u00e9e \u00e0 l\u2019int\u00e9rieur du p\u00e9rim\u00e8tre d\u00e9limit\u00e9 par l&rsquo;A86 \u00e0 l\u2019exclusion de celle-ci.<\/p>\n<\/p>\n<p>Ainsi, il faudra rouler \u00e0 110\u00a0km\/h maximum sur les parties normalement limit\u00e9es \u00e0 130\u00a0km\/h\u00a0; \u00e0 90\u00a0km\/h sur les portions d\u2019autoroutes et de voies rapides normalement limit\u00e9es \u00e0 110\u00a0km\/h\u00a0; \u00e0 70\u00a0km\/h sur les portions d\u2019autoroutes et de voies rapides normalement limit\u00e9es \u00e0 90\u00a0km\/h ainsi que sur les routes nationales et d\u00e9partementales limit\u00e9es \u00e0 80\u00a0km\/h.<\/p>\n<p>Des mesures en vigueur de 5h30 \u00e0 minuit<\/p>\n<p>La pr\u00e9fecture de police recommande \u00e9galement de limiter les d\u00e9placements en voiture et de privil\u00e9gier le t\u00e9l\u00e9travail. Les poids lourds de plus de 3,5 tonnes, eux, doivent \u00e9galement contourner \u00ab\u00a0par la rocade francilienne\u00a0\u00bb.<\/p>\n<p><a href=\"https:\/\/www.20minutes.fr\/dossier\/canicule\" target=\"_blank\" class=\"c-link c-btn c-btn--primary\" rel=\"noopener\">Notre dossier sur la Canicule<\/a><\/p>\n<p>Ces mesures seront appliqu\u00e9es chaque jour entre \u00ab\u00a05h30 et minuit et ce jusqu\u2019\u00e0 leur lev\u00e9e par arr\u00eat\u00e9 pr\u00e9fectoral\u00a0\u00bb, pr\u00e9cise encore la PP, qui mettra en place des contr\u00f4les destin\u00e9s \u00e0 s\u2019assurer du respect de ces mesures.<\/p>\n","protected":false},"excerpt":{"rendered":"La canicule qui s\u2019abat actuellement sur la France contraint les autorit\u00e9s \u00e0 prendre des mesures sur la circulation,&hellip;\n","protected":false},"author":2,"featured_media":214507,"comment_status":"","ping_status":"","sticky":false,"template":"","format":"standard","meta":{"footnotes":""},"categories":[1592],"tags":[1111,11,6698,3542,1777,674,1011,27,662,35407,12,14821,626,52,1800,5170,2434,1306,25,133],"class_list":{"0":"post-214506","1":"post","2":"type-post","3":"status-publish","4":"format-standard","5":"has-post-thumbnail","7":"category-ile-de-france","8":"tag-actu","9":"tag-actualites","10":"tag-canicule","11":"tag-circulation","12":"tag-eu","13":"tag-europe","14":"tag-fr","15":"tag-france","16":"tag-ile-de-france","17":"tag-limitation-de-vitesse","18":"tag-news","19":"tag-ozone","20":"tag-paris","21":"tag-planete","22":"tag-pollution","23":"tag-pollution-de-lair","24":"tag-qualite-de-lair","25":"tag-regions","26":"tag-republique-francaise","27":"tag-video"},"share_on_mastodon":{"url":"https:\/\/pubeurope.com\/@fr\/114769566502382698","error":""},"_links":{"self":[{"href":"https:\/\/www.europesays.com\/fr\/wp-json\/wp\/v2\/posts\/214506","targetHints":{"allow":["GET"]}}],"collection":[{"href":"https:\/\/www.europesays.com\/fr\/wp-json\/wp\/v2\/posts"}],"about":[{"href":"https:\/\/www.europesays.com\/fr\/wp-json\/wp\/v2\/types\/post"}],"author":[{"embeddable":true,"href":"https:\/\/www.europesays.com\/fr\/wp-json\/wp\/v2\/users\/2"}],"replies":[{"embeddable":true,"href":"https:\/\/www.europesays.com\/fr\/wp-json\/wp\/v2\/comments?post=214506"}],"version-history":[{"count":0,"href":"https:\/\/www.europesays.com\/fr\/wp-json\/wp\/v2\/posts\/214506\/revisions"}],"wp:featuredmedia":[{"embeddable":true,"href":"https:\/\/www.europesays.com\/fr\/wp-json\/wp\/v2\/media\/214507"}],"wp:attachment":[{"href":"https:\/\/www.europesays.com\/fr\/wp-json\/wp\/v2\/media?parent=214506"}],"wp:term":[{"taxonomy":"category","embeddable":true,"href":"https:\/\/www.europesays.com\/fr\/wp-json\/wp\/v2\/categories?post=214506"},{"taxonomy":"post_tag","embeddable":true,"href":"https:\/\/www.europesays.com\/fr\/wp-json\/wp\/v2\/tags?post=214506"}],"curies":[{"name":"wp","href":"https:\/\/api.w.org\/{rel}","templated":true}]}}