{"id":21453,"date":"2025-04-13T05:30:10","date_gmt":"2025-04-13T05:30:10","guid":{"rendered":"https:\/\/www.europesays.com\/fr\/21453\/"},"modified":"2025-04-13T05:30:10","modified_gmt":"2025-04-13T05:30:10","slug":"la-deferlante-schneider-electric-sur-le-marathon-de-paris","status":"publish","type":"post","link":"https:\/\/www.europesays.com\/fr\/21453\/","title":{"rendered":"La d\u00e9ferlante Schneider Electric sur le marathon de Paris"},"content":{"rendered":"<p>Le groupe industriel est le partenaire titre de l\u2019\u00e9v\u00e9nement, qui enregistre cette ann\u00e9e un nouveau record de participation. Il n\u2019est pas pour rien dans cette acc\u00e9l\u00e9ration.<\/p>\n<p class=\"fig-paragraph\">Une \u00e9quipe capable d\u2019aligner pas moins de 6000 coureurs au d\u00e9part du marathon de Paris, ce n\u2019est pas banal. C\u2019est pourtant la r\u00e9alit\u00e9\u00a0: le 13 avril, ils seront 1000 collaborateurs de Schneider Electric, plus 5000 clients, \u00e0 prendre le d\u00e9part d\u2019une course fameuse. \u00c0 titre indicatif, on recense 72.000 participants pour cette nouvelle \u00e9dition, record absolu. Des inscrits venus des quatre coins du monde\u00a0: \u00e0 preuve, 30% des effectifs du team Schneider Electric sont des \u00e9trangers, en provenance de 55 pays.<\/p>\n<p class=\"fig-paragraph\">L\u2019engouement de l\u2019entreprise pour la course \u00e0 pied s\u2019explique facilement\u00a0: elle est le partenaire-titre du marathon parisien depuis 2013, dans le cadre d\u2019un engagement aupr\u00e8s d\u2019ASO (la soci\u00e9t\u00e9 organisatrice de l\u2019\u00e9v\u00e9nement, NDLR) qui court jusqu\u2019en 2029. \u00ab Notre implication va bien au-del\u00e0 d\u2019un simple soutien, introduit Olivier Collignon, responsable programme sponsoring chez Schneider Electric. Nous apportons notre expertise pour r\u00e9duire l\u2019empreinte environnementale de l\u2019\u00e9preuve\u2026<\/p>\n<p class=\"fig-premium-paywall__infos\">\n        Cet article est r\u00e9serv\u00e9 aux abonn\u00e9s.        Il vous reste 68% \u00e0 d\u00e9couvrir.\n    <\/p>\n<p>                <img  data- alt=\"Le Figaro\" class=\"fig-img--complete fig-img\"\/><\/p>\n<p class=\"fig-premium-paywall__title\">Vous avez envie de lire la suite ?<\/p>\n<p class=\"fig-premium-paywall__subtitle\">D\u00e9bloquez tous les articles imm\u00e9diatement.<\/p>\n<p class=\"fig-premium-paywall__connect\">\n                D\u00e9j\u00e0 abonn\u00e9\u00a0?                <a class=\"fig-premium-paywall__connect-link\" href=\"https:\/\/connect.lefigaro.fr\/login?client=horizon_web&amp;type=main&amp;redirect_uri=https%3A%2F%2Fwww.lefigaro.fr%2Fsocietes%2Fla-deferlante-schneider-electric-sur-le-marathon-de-paris-20250412\" data-js-gtm=\"{&quot;customCategorie&quot;: &quot;conversion&quot;, &quot;customAction&quot;: &quot;before_Landing_Connexion_paywall_auto&quot;, &quot;customLabel&quot;: &quot;bGVmaWdhcm8uZnJfXzFmMDAzMjU5LTczMjktNmM3MC05OWVjLWQzM2MxNGRkNGRhMl9fQXJ0aWNsZQ==_La d\u00e9ferlante Schneider Electric sur le marathon de Paris_485&quot;, &quot;customIDSPE&quot;: &quot;bGVmaWdhcm8uZnJfXzFmMDAzMjU5LTczMjktNmM3MC05OWVjLWQzM2MxNGRkNGRhMl9fQXJ0aWNsZQ==&quot;, &quot;event&quot;: &quot;customEventSPE&quot;}\" rel=\"nofollow noopener\" target=\"_blank\"><br \/>\n                    Connectez-vous<br \/>\n                <\/a>\n            <\/p>\n","protected":false},"excerpt":{"rendered":"Le groupe industriel est le partenaire titre de l\u2019\u00e9v\u00e9nement, qui enregistre cette ann\u00e9e un nouveau record de participation.&hellip;\n","protected":false},"author":2,"featured_media":21454,"comment_status":"","ping_status":"","sticky":false,"template":"","format":"standard","meta":{"footnotes":""},"categories":[9],"tags":[631,627,630,340,398,343,634,405,629,636,313,632,638,1011,27,637,693,399,639,7178,635,401,628,60,633,407],"class_list":{"0":"post-21453","1":"post","2":"type-post","3":"status-publish","4":"format-standard","5":"has-post-thumbnail","7":"category-sports","8":"tag-action","9":"tag-actions-francaise","10":"tag-actualite-bourse","11":"tag-bourse","12":"tag-bourse-de-paris","13":"tag-cac-40","14":"tag-cotation","15":"tag-cotations","16":"tag-cours-des-societes-francaises","17":"tag-devises","18":"tag-entreprises","19":"tag-fcp","20":"tag-figaro","21":"tag-fr","22":"tag-france","23":"tag-indices","24":"tag-industrie","25":"tag-investissement","26":"tag-le-figaro","27":"tag-marathon","28":"tag-marches","29":"tag-sicav","30":"tag-societes-etrangeres","31":"tag-sports","32":"tag-warrant","33":"tag-warrants"},"share_on_mastodon":{"url":"https:\/\/pubeurope.com\/@fr\/114329015186737025","error":""},"_links":{"self":[{"href":"https:\/\/www.europesays.com\/fr\/wp-json\/wp\/v2\/posts\/21453","targetHints":{"allow":["GET"]}}],"collection":[{"href":"https:\/\/www.europesays.com\/fr\/wp-json\/wp\/v2\/posts"}],"about":[{"href":"https:\/\/www.europesays.com\/fr\/wp-json\/wp\/v2\/types\/post"}],"author":[{"embeddable":true,"href":"https:\/\/www.europesays.com\/fr\/wp-json\/wp\/v2\/users\/2"}],"replies":[{"embeddable":true,"href":"https:\/\/www.europesays.com\/fr\/wp-json\/wp\/v2\/comments?post=21453"}],"version-history":[{"count":0,"href":"https:\/\/www.europesays.com\/fr\/wp-json\/wp\/v2\/posts\/21453\/revisions"}],"wp:featuredmedia":[{"embeddable":true,"href":"https:\/\/www.europesays.com\/fr\/wp-json\/wp\/v2\/media\/21454"}],"wp:attachment":[{"href":"https:\/\/www.europesays.com\/fr\/wp-json\/wp\/v2\/media?parent=21453"}],"wp:term":[{"taxonomy":"category","embeddable":true,"href":"https:\/\/www.europesays.com\/fr\/wp-json\/wp\/v2\/categories?post=21453"},{"taxonomy":"post_tag","embeddable":true,"href":"https:\/\/www.europesays.com\/fr\/wp-json\/wp\/v2\/tags?post=21453"}],"curies":[{"name":"wp","href":"https:\/\/api.w.org\/{rel}","templated":true}]}}