{"id":214551,"date":"2025-06-30T01:15:26","date_gmt":"2025-06-30T01:15:26","guid":{"rendered":"https:\/\/www.europesays.com\/fr\/214551\/"},"modified":"2025-06-30T01:15:26","modified_gmt":"2025-06-30T01:15:26","slug":"les-fans-disent-tous-la-meme-chose-en-attendant-la-saison-8","status":"publish","type":"post","link":"https:\/\/www.europesays.com\/fr\/214551\/","title":{"rendered":"Les fans disent tous la m\u00eame chose en attendant la saison 8"},"content":{"rendered":"<p>Voil\u00e0 d\u00e9j\u00e0 plus de six mois que les fans d\u2019Outlander se languissent de la suite de leur s\u00e9rie pr\u00e9f\u00e9r\u00e9e. Alors qu\u2019aucune date de sortie n\u2019a encore \u00e9t\u00e9 annonc\u00e9e pour la saison 8, ils pensent tous la m\u00eame chose.<\/p>\n<p>Tiendront-ils le coup ? Les fans d\u2019Outlander tr\u00e9pignent d\u2019impatience face au d\u00e9lai entre les deux derni\u00e8res saisons de leur s\u00e9rie pr\u00e9f\u00e9r\u00e9e. Alors que la seconde partie de la saison 7 est sortie en novembre 2024, le temps semble d\u00e9j\u00e0 trop long pour les abonn\u00e9s Netflix. L\u2019<a href=\"https:\/\/www.programme-tv.net\/news\/series-tv\/348817-outlander-saison-8-netflix-casting-intrigues-toutes-les-infos-sur-la-nouvelle-saison\/\" data-api-deeplink=\"teleloisirs:\/\/news\/348817\" target=\"_blank\" rel=\"noopener\">ultime salve d\u2019\u00e9pisodes<\/a> n\u2019est pas attendue avant d\u00e9but 2026 &#8211; aucune date officielle n\u2019a \u00e9t\u00e9 r\u00e9v\u00e9l\u00e9e pour le moment &#8211; et cela ne pla\u00eet pas aux internautes. Sur le groupe Facebook<a href=\"https:\/\/www.facebook.com\/groups\/368619363542041\/permalink\/1946411682429460\/\" target=\"_blank\" rel=\"noopener\"> <\/a>Netflix France, g\u00e9r\u00e9 par T\u00e9l\u00e9 Loisirs, tous s\u2019accordent : \u00ab\u00a0J\u2019ai h\u00e2te\u00a0\u00bb, \u00ab\u00a0\u00c7a commence \u00e0 \u00eatre long l\u2019attente.\u00a0\u00bb Mais se souviendront-ils de l\u2019intrigue dans quelques mois ? Certains ont la technique : \u00ab\u00a0Je revisionne toutes les saisons en attendant\u2026 \u00e7a commence \u00e0 bien faire !\u00a0\u00bb ou encore \u00ab\u00a0J\u2019ai recommenc\u00e9 la s\u00e9rie pour la cinqui\u00e8me fois pour me remettre dans le bain.\u00a0\u00bb D\u2019autres sont beaucoup plus d\u00e9faitistes : \u00ab\u00a0Trop de temps entre chaque parution, on n\u2019est plus dans l\u2019ambiance.\u00a0\u00bb<\/p>\n<p>                        La saison 8 de Outlander sera la derni\u00e8re<\/p>\n<p>Ceux qui se replongent dans les premi\u00e8res saisons pour \u00eatre compl\u00e8tement au fait des prochaines intrigues de Outlander ne sont pas au bout de leurs surprises. La<a href=\"https:\/\/www.programme-tv.net\/news\/series-tv\/378024-outlander-diana-gabaldon-fait-une-grande-annonce-et-repond-a-une-question-que-tous-les-fans-se-posent\/\" data-api-deeplink=\"teleloisirs:\/\/news\/378024\" target=\"_blank\" rel=\"noopener\"> s\u00e9rie litt\u00e9raire sign\u00e9e Diana Gabaldon <\/a>sur laquelle la s\u00e9rie est bas\u00e9e n\u2019est pas encore termin\u00e9e. Mais les sc\u00e9naristes, eux, ont d\u00fb trouver une fin int\u00e9ressante et prenante pour Jamie et Claire. Si certains abonn\u00e9s ont \u00ab\u00a0peur d\u2019\u00eatre d\u00e9\u00e7us\u00a0\u00bb, la productrice ex\u00e9cutive, Maril Davis, a dit \u00e0 T\u00e9l\u00e9 Loisirs : \u00ab\u00a0Diana sait ce que nous allons faire. Nous essayons d&rsquo;\u00eatre respectueux, car c&rsquo;est dur de finir la s\u00e9rie sans avoir le livre. Nous ne savons pas o\u00f9 elle veut emmener les personnages, nous avons donc d\u00fb trouver un moyen de conclure l&rsquo;histoire qui soit satisfaisant pour les fans, mais qui ne marche pas sur ses pieds.\u00a0\u00bb<\/p>\n<p>            Une nouvelle s\u00e9rie d\u00e9riv\u00e9e d\u2019Outlander arrive tr\u00e8s bient\u00f4t<\/p>\n<p>Quoi qu\u2019il advienne, il y aura toujours un spin-off pour se consoler. La s\u00e9rie<a href=\"https:\/\/www.programme-tv.net\/news\/series-tv\/307465-outlander-blood-of-my-blood-date-de-sortie-casting-intrigue-toutes-les-infos-sur-la-serie-a-venir\/\" data-api-deeplink=\"teleloisirs:\/\/news\/307465\" target=\"_blank\" rel=\"noopener\"> Blood of my Blood<\/a> commence d\u00e8s le 8 ao\u00fbt aux \u00c9tats-Unis et sera disponible <a href=\"https:\/\/www.programme-tv.net\/news\/series-tv\/381590-outlander-on-connait-enfin-la-date-de-sortie-du-spin-off-blood-of-my-blood-en-france\/\" data-api-deeplink=\"teleloisirs:\/\/news\/381590\" target=\"_blank\" rel=\"noopener\">d\u00e8s le lendemain en France sur Max<\/a>. L\u2019occasion pour les fans fran\u00e7ais de l\u2019univers de d\u00e9couvrir l\u2019histoire d\u2019amour qui lie les parents de Jamie, Brian et Ellen, et celle qui fait vibrer ceux de Claire, Julia et Henry. L\u2019occasion de plonger \u00e0 nouveau dans deux \u00e9poques diff\u00e9rentes : l\u2019\u00c9cosse du XVIIIe si\u00e8cle face \u00e0 l\u2019Angleterre de la Premi\u00e8re Guerre mondiale.<\/p>\n<p>Article \u00e9crit en collaboration avec 6M\u00e9dias.<\/p>\n","protected":false},"excerpt":{"rendered":"Voil\u00e0 d\u00e9j\u00e0 plus de six mois que les fans d\u2019Outlander se languissent de la suite de leur s\u00e9rie&hellip;\n","protected":false},"author":2,"featured_media":214552,"comment_status":"","ping_status":"","sticky":false,"template":"","format":"standard","meta":{"footnotes":""},"categories":[1356],"tags":[4274,244,58,59,1011,27,127,35414,1722,4275,129,252,1364],"class_list":{"0":"post-214551","1":"post","2":"type-post","3":"status-publish","4":"format-standard","5":"has-post-thumbnail","7":"category-television","8":"tag-caitriona-balfe","9":"tag-commentaire","10":"tag-divertissement","11":"tag-entertainment","12":"tag-fr","13":"tag-france","14":"tag-netflix","15":"tag-outlander-174992922","16":"tag-pub-streaming-netflix","17":"tag-sam-heughan","18":"tag-svod","19":"tag-television","20":"tag-tv"},"share_on_mastodon":{"url":"https:\/\/pubeurope.com\/@fr\/114769672569438136","error":""},"_links":{"self":[{"href":"https:\/\/www.europesays.com\/fr\/wp-json\/wp\/v2\/posts\/214551","targetHints":{"allow":["GET"]}}],"collection":[{"href":"https:\/\/www.europesays.com\/fr\/wp-json\/wp\/v2\/posts"}],"about":[{"href":"https:\/\/www.europesays.com\/fr\/wp-json\/wp\/v2\/types\/post"}],"author":[{"embeddable":true,"href":"https:\/\/www.europesays.com\/fr\/wp-json\/wp\/v2\/users\/2"}],"replies":[{"embeddable":true,"href":"https:\/\/www.europesays.com\/fr\/wp-json\/wp\/v2\/comments?post=214551"}],"version-history":[{"count":0,"href":"https:\/\/www.europesays.com\/fr\/wp-json\/wp\/v2\/posts\/214551\/revisions"}],"wp:featuredmedia":[{"embeddable":true,"href":"https:\/\/www.europesays.com\/fr\/wp-json\/wp\/v2\/media\/214552"}],"wp:attachment":[{"href":"https:\/\/www.europesays.com\/fr\/wp-json\/wp\/v2\/media?parent=214551"}],"wp:term":[{"taxonomy":"category","embeddable":true,"href":"https:\/\/www.europesays.com\/fr\/wp-json\/wp\/v2\/categories?post=214551"},{"taxonomy":"post_tag","embeddable":true,"href":"https:\/\/www.europesays.com\/fr\/wp-json\/wp\/v2\/tags?post=214551"}],"curies":[{"name":"wp","href":"https:\/\/api.w.org\/{rel}","templated":true}]}}