{"id":214558,"date":"2025-06-30T01:20:12","date_gmt":"2025-06-30T01:20:12","guid":{"rendered":"https:\/\/www.europesays.com\/fr\/214558\/"},"modified":"2025-06-30T01:20:12","modified_gmt":"2025-06-30T01:20:12","slug":"les-humoristes-se-detestent-entre-eux-anne-roumanoff-revele-pourquoi-elle-ne-fera-jamais-lol-qui-rit-sort","status":"publish","type":"post","link":"https:\/\/www.europesays.com\/fr\/214558\/","title":{"rendered":"\u00abLes humoristes se d\u00e9testent entre eux\u00bb : Anne Roumanoff r\u00e9v\u00e8le pourquoi elle ne fera jamais \u00abLOL : qui rit, sort\u00bb"},"content":{"rendered":"<p>Celle qui s\u2019exprime toujours avec franchise a confi\u00e9 \u00e0 Eric Dussart sur RTL les raisons qui l\u2019emp\u00eachent de participer \u00e0 des \u00e9missions collectives \u00e0 la t\u00e9l\u00e9vision et sur les plateformes.<\/p>\n<p class=\"fig-paragraph\">\u00abC\u2019est du stress\u00bb. L\u2019exp\u00e9rience de\u00a0<a href=\"http:\/\/tvmag.lefigaro.fr\/programme-tv\/actu-tele\/lol-in-real-life-prime-video-devoile-le-casting-du-nouveau-spin-off-de-lol-qui-rit-sort-20250526\" target=\"_blank\" data-fig-type=\"Article\" rel=\"noopener\" data-gtm-custom-categorie=\"navigation\" data-gtm-custom-action=\"crossclick\" data-gtm-custom-label=\"Contextuel\" data-gtm-event=\"customEventSPE\" data-fig-domain=\"TVMAG\">\u00abLOL\u00a0: qui rit, sort\u00bb<\/a>\u00a0ne tente aucunement l\u2019humoriste\u00a0<a href=\"http:\/\/tvmag.lefigaro.fr\/programme-tv\/actu-tele\/je-trouve-ca-ridicule-de-l-avoir-licencie-anne-roumanoff-prend-la-defense-de-guillaume-meurice-20240615\" target=\"_blank\" data-fig-type=\"Article\" rel=\"noopener\" data-gtm-custom-categorie=\"navigation\" data-gtm-custom-action=\"crossclick\" data-gtm-custom-label=\"Contextuel\" data-gtm-event=\"customEventSPE\" data-fig-domain=\"TVMAG\"><strong>Anne Roumanoff<\/strong><\/a>, comme elle l\u2019explique ce samedi 28 juin sur RTL. Elle argumente avec un certain piquant aupr\u00e8s d\u2019<a href=\"https:\/\/tvmag.lefigaro.fr\/programme-tv\/j-ai-vecu-l-enfer-pendant-un-an-eric-dussart-raconte-sa-pire-experience-a-la-radio_b4d5ea7c-cd43-11ec-90f7-a65ea600a5a3\" target=\"_blank\" data-fig-type=\"Article\" rel=\"noopener\" data-gtm-custom-categorie=\"navigation\" data-gtm-custom-action=\"crossclick\" data-gtm-custom-label=\"Contextuel\" data-gtm-event=\"customEventSPE\" data-fig-domain=\"TVMAG\">Eric Dussart<\/a>, m\u00eame si Prime Vid\u00e9o, la plateforme qui diffuse le programme anim\u00e9 par Philippe Lacheau, ne lui a \u00abjamais propos\u00e9\u00bb de participer.<\/p>\n<p class=\"fig-paragraph\">Dans \u00abOn refait la t\u00e9l\u00e9\u00bb, elle d\u00e9taille\u00a0: \u00abOn fait genre tout le monde s\u2019en fout, mais il faut quand m\u00eame arriver \u00e0 \u00eatre dr\u00f4le\u00bb. \u00abIl n\u2019y a rien de pire au monde que de faire rire un humoriste parce que les humoristes se d\u00e9testent entre eux\u00bb, ajoute Anne Roumanoff avant d\u2019en remettre une couche\u00a0: \u00ab\u00e0 la base un humoriste, il trouve qu\u2019il n\u2019y a que lui qui est dr\u00f4le et pas les autres.\u00bb \u00abJe ne suis pas s\u00fbre que \u00e7a me plairait\u00bb, conclut-elle.<\/p>\n<blockquote class=\"fig-quote&#10;    \">\n<p class=\"fig-quote__text\">Je n\u2019aime pas les gens sur le long terme.<\/p>\n<p>            Anne Roumanoff sur RTL\n    <\/p><\/blockquote>\n<p class=\"fig-paragraph\">Une autre \u00e9mission collective ne r\u00e9colte pas les suffrages d\u2019Anne Roumanoff. L\u2019humoriste, pourtant d\u00e9j\u00e0 approch\u00e9e par la production, s\u2019abstiendra aussi de participer aux \u00abTra\u00eetres\u00bb. Dans le jeu de M6, inspir\u00e9 du Loup-Garou, les candidats doivent d\u00e9masquer ceux qui mentent sur leurs identit\u00e9s avant que ces derniers ne les \u00e9liminent dans la nuit. \u00abCe que je ne veux pas, c\u2019est \u00eatre film\u00e9e tout le temps\u00bb, explique Anne Roumanoff.<\/p>\n<p class=\"fig-body-link\">\n            \u00c0 lire aussi<br \/>\n        <a class=\"fig-body-link__link fig-premium-mark\" href=\"http:\/\/tvmag.lefigaro.fr\/programme-tv\/actu-tele\/le-carnet-de-notes-de-lol-qui-rit-sort-vincent-dedienne-et-camille-chamoux-au-top-artus-fait-un-four-20250426\" target=\"_blank\" data-fig-type=\"Article\" rel=\"noopener\" data-gtm-custom-categorie=\"navigation\" data-gtm-custom-action=\"crossclick\" data-gtm-custom-label=\"Contextuel\" data-gtm-event=\"customEventSPE\" data-fig-domain=\"TVMAG\">Le carnet de notes de \u00abLOL\u00a0: qui rit, sort!\u00bb\u00a0: Vincent Dedienne et Camille Chamoux au top, Artus fait un four<br \/>\n    <\/a>\n<\/p>\n<p class=\"fig-paragraph\">\u00abEn plus, je n\u2019aime pas les gens sur le long terme\u00bb, pr\u00e9cise-t-elle avec humour. Elle d\u00e9taille\u00a0: \u00abCe n\u2019est pas un hasard si je fais du one-man-show. \u00c0 chaque fois que j\u2019ai fait des pi\u00e8ces de th\u00e9\u00e2tre&#8230; J\u2019aime bien les gens, leur poser des questions, les conna\u00eetre. J\u2019ai une curiosit\u00e9, mais la promiscuit\u00e9, tout le temps \u00eatre avec des gens, en groupe, \u00e7a me so\u00fble vite. Je suis hypersensible, je ressens toutes les ondes des gens. Tr\u00e8s vite, \u00e7a me fatigue et j\u2019ai envie de m\u2019isoler.\u00bb<\/p>\n<p class=\"fig-paragraph\">Seule l\u2019\u00e9mission \u00abUn dimanche \u00e0 la campagne\u00bb a trouv\u00e9 gr\u00e2ce aux yeux d\u2019Anne Roumanoff\u00a0: \u00ab\u00e7a me plaisait parce qu\u2019on allait se coucher et l\u00e0 il n\u2019y avait personne. On est tranquille. Et Fr\u00e9d\u00e9ric Lopez est charmant, c\u2019est bienveillant .\u00bb<\/p>\n","protected":false},"excerpt":{"rendered":"Celle qui s\u2019exprime toujours avec franchise a confi\u00e9 \u00e0 Eric Dussart sur RTL les raisons qui l\u2019emp\u00eachent de&hellip;\n","protected":false},"author":2,"featured_media":214559,"comment_status":"","ping_status":"","sticky":false,"template":"","format":"standard","meta":{"footnotes":""},"categories":[8],"tags":[497,496,35415,499,58,59,1011,27,500,504,505,495,503,502,501,2700,498],"class_list":{"0":"post-214558","1":"post","2":"type-post","3":"status-publish","4":"format-standard","5":"has-post-thumbnail","7":"category-divertissement","8":"tag-actu-tv","9":"tag-actualite-tv","10":"tag-anne-roumanoff","11":"tag-buzz-tv","12":"tag-divertissement","13":"tag-entertainment","14":"tag-fr","15":"tag-france","16":"tag-medias","17":"tag-news-tele","18":"tag-news-television","19":"tag-news-tv","20":"tag-programme-tele","21":"tag-programme-tv","22":"tag-quiz-tv","23":"tag-rtl","24":"tag-tv-actu"},"share_on_mastodon":{"url":"https:\/\/pubeurope.com\/@fr\/114769692189915299","error":""},"_links":{"self":[{"href":"https:\/\/www.europesays.com\/fr\/wp-json\/wp\/v2\/posts\/214558","targetHints":{"allow":["GET"]}}],"collection":[{"href":"https:\/\/www.europesays.com\/fr\/wp-json\/wp\/v2\/posts"}],"about":[{"href":"https:\/\/www.europesays.com\/fr\/wp-json\/wp\/v2\/types\/post"}],"author":[{"embeddable":true,"href":"https:\/\/www.europesays.com\/fr\/wp-json\/wp\/v2\/users\/2"}],"replies":[{"embeddable":true,"href":"https:\/\/www.europesays.com\/fr\/wp-json\/wp\/v2\/comments?post=214558"}],"version-history":[{"count":0,"href":"https:\/\/www.europesays.com\/fr\/wp-json\/wp\/v2\/posts\/214558\/revisions"}],"wp:featuredmedia":[{"embeddable":true,"href":"https:\/\/www.europesays.com\/fr\/wp-json\/wp\/v2\/media\/214559"}],"wp:attachment":[{"href":"https:\/\/www.europesays.com\/fr\/wp-json\/wp\/v2\/media?parent=214558"}],"wp:term":[{"taxonomy":"category","embeddable":true,"href":"https:\/\/www.europesays.com\/fr\/wp-json\/wp\/v2\/categories?post=214558"},{"taxonomy":"post_tag","embeddable":true,"href":"https:\/\/www.europesays.com\/fr\/wp-json\/wp\/v2\/tags?post=214558"}],"curies":[{"name":"wp","href":"https:\/\/api.w.org\/{rel}","templated":true}]}}