{"id":214587,"date":"2025-06-30T01:43:14","date_gmt":"2025-06-30T01:43:14","guid":{"rendered":"https:\/\/www.europesays.com\/fr\/214587\/"},"modified":"2025-06-30T01:43:14","modified_gmt":"2025-06-30T01:43:14","slug":"une-preuve-de-la-croisade-liberale-de-louverture-a-la-concurrence-des-trains-liberation","status":"publish","type":"post","link":"https:\/\/www.europesays.com\/fr\/214587\/","title":{"rendered":"une preuve de la croisade lib\u00e9rale de l\u2019ouverture \u00e0 la concurrence des trains \u2013 Lib\u00e9ration"},"content":{"rendered":"<p class=\"sc-ksZaOG ehjQrN text-element\">C\u2019est donc le jour J pour l\u2019ouverture \u00e0 la concurrence des trains r\u00e9gionaux. Ce dimanche 29 juin, les premiers trains de Transdev se sont \u00e9lanc\u00e9s sur la prestigieuse de ligne Marseille-Nice, une premi\u00e8re pour TER. <a href=\"https:\/\/www.liberation.fr\/economie\/transports\/ter-marseille-nice-la-region-paca-sur-la-voie-de-la-privatisation-20210908_K32LK635YNGV5OSGEDWZ5262LM\/?redirected=1\" target=\"_blank\" rel=\"noreferrer noopener\" title=\"https:\/\/www.liberation.fr\/economie\/transports\/ter-marseille-nice-la-region-paca-sur-la-voie-de-la-privatisation-20210908_K32LK635YNGV5OSGEDWZ5262LM\/?redirected=1\">La r\u00e9gion Provence-Alpes-C\u00f4tes-d\u2019Azur sera donc parvenue \u00e0 ses fins<\/a>. Apr\u00e8s des ann\u00e9es de griefs envers la SNCF, <a href=\"https:\/\/www.liberation.fr\/economie\/social\/la-region-paca-privatise-le-ter-marseille-nice-une-premiere-en-france-20211028_HLIXQACN3VHARFRQV4UY2BI3PI\/\" target=\"_blank\" rel=\"noreferrer noopener\" title=\"https:\/\/www.liberation.fr\/economie\/social\/la-region-paca-privatise-le-ter-marseille-nice-une-premiere-en-france-20211028_HLIXQACN3VHARFRQV4UY2BI3PI\/\">elle avait d\u00e9sign\u00e9 l\u2019op\u00e9rateur franco-allemand en 2021<\/a>. Et assurait que l\u2019appel d\u2019offres engageait \u00e0 un doublement du nombre de trains sur la ligne. Pour ce faire, Transdev va pouvoir profiter des 16 nouvelles rames que la r\u00e9gion a achet\u00e9es, pour la modique somme de 250 millions d\u2019euros. \u00abC\u2019est une \u00e9tape historique et une premi\u00e8re en France\u00bb, d\u00e9clarait en 2021 le pr\u00e9sident de la r\u00e9gion Paca, Renaud Muselier (alors LR, Renaissance <\/p>\n","protected":false},"excerpt":{"rendered":"C\u2019est donc le jour J pour l\u2019ouverture \u00e0 la concurrence des trains r\u00e9gionaux. Ce dimanche 29 juin, les&hellip;\n","protected":false},"author":2,"featured_media":214588,"comment_status":"","ping_status":"","sticky":false,"template":"","format":"standard","meta":{"footnotes":""},"categories":[2819],"tags":[1111,11,1777,674,1011,27,884,12,2401,882,25,2215],"class_list":{"0":"post-214587","1":"post","2":"type-post","3":"status-publish","4":"format-standard","5":"has-post-thumbnail","7":"category-nice","8":"tag-actu","9":"tag-actualites","10":"tag-eu","11":"tag-europe","12":"tag-fr","13":"tag-france","14":"tag-marseille","15":"tag-news","16":"tag-nice","17":"tag-provence-alpes-cote-dazur","18":"tag-republique-francaise","19":"tag-sncf"},"share_on_mastodon":{"url":"https:\/\/pubeurope.com\/@fr\/114769783854579584","error":""},"_links":{"self":[{"href":"https:\/\/www.europesays.com\/fr\/wp-json\/wp\/v2\/posts\/214587","targetHints":{"allow":["GET"]}}],"collection":[{"href":"https:\/\/www.europesays.com\/fr\/wp-json\/wp\/v2\/posts"}],"about":[{"href":"https:\/\/www.europesays.com\/fr\/wp-json\/wp\/v2\/types\/post"}],"author":[{"embeddable":true,"href":"https:\/\/www.europesays.com\/fr\/wp-json\/wp\/v2\/users\/2"}],"replies":[{"embeddable":true,"href":"https:\/\/www.europesays.com\/fr\/wp-json\/wp\/v2\/comments?post=214587"}],"version-history":[{"count":0,"href":"https:\/\/www.europesays.com\/fr\/wp-json\/wp\/v2\/posts\/214587\/revisions"}],"wp:featuredmedia":[{"embeddable":true,"href":"https:\/\/www.europesays.com\/fr\/wp-json\/wp\/v2\/media\/214588"}],"wp:attachment":[{"href":"https:\/\/www.europesays.com\/fr\/wp-json\/wp\/v2\/media?parent=214587"}],"wp:term":[{"taxonomy":"category","embeddable":true,"href":"https:\/\/www.europesays.com\/fr\/wp-json\/wp\/v2\/categories?post=214587"},{"taxonomy":"post_tag","embeddable":true,"href":"https:\/\/www.europesays.com\/fr\/wp-json\/wp\/v2\/tags?post=214587"}],"curies":[{"name":"wp","href":"https:\/\/api.w.org\/{rel}","templated":true}]}}