{"id":21459,"date":"2025-04-13T05:33:12","date_gmt":"2025-04-13T05:33:12","guid":{"rendered":"https:\/\/www.europesays.com\/fr\/21459\/"},"modified":"2025-04-13T05:33:12","modified_gmt":"2025-04-13T05:33:12","slug":"sa-2-cv-est-saisie-pour-alcoolemie-il-la-retrouve-en-vente-sur-leboncoin","status":"publish","type":"post","link":"https:\/\/www.europesays.com\/fr\/21459\/","title":{"rendered":"Sa 2\u00a0CV est saisie pour alcool\u00e9mie, il la retrouve\u2026 en vente sur Leboncoin"},"content":{"rendered":"<p>C\u2019est une surprise dont ce trentenaire de Pont-de-Roide (<a href=\"https:\/\/www.20minutes.fr\/societe\/doubs\/\" class=\"color-ultramarine c-link\" rel=\"nofollow noopener\" target=\"_blank\">Doubs<\/a>) se serait bien pass\u00e9. Trois mois apr\u00e8s s\u2019\u00eatre fait confisquer sa Citro\u00ebn 2\u00a0CV Charleston pour conduite en \u00e9tat d\u2019ivresse, il l\u2019a retrouv\u00e9e\u2026 en vente sur Leboncoin, propos\u00e9e \u00e0 un prix sup\u00e9rieur \u00e0 celui qu\u2019il avait pay\u00e9. <a href=\"https:\/\/www.leboncoin.fr\/ad\/voitures\/2955674309\" rel=\"nofollow noopener\" target=\"_blank\" class=\"color-ultramarine c-link\">L\u2019annonce<\/a> qui date du 3\u00a0avril dernier est toujours en ligne.<\/p>\n<p>L\u2019histoire racont\u00e9e par nos confr\u00e8res de l\u2019<a href=\"https:\/\/www.estrepublicain.fr\/faits-divers-justice\/2025\/04\/11\/il-s-insurge-en-voyant-sa-voiture-tout-juste-saisie-par-la-justice-a-vendre-sur-leboncoin\" rel=\"nofollow noopener\" target=\"_blank\" class=\"color-ultramarine c-link\">Est R\u00e9publicain<\/a>, d\u00e9bute en fait en janvier, lorsqu\u2019il se rend \u00e0 la gendarmerie au volant de sa voiture de collection pour r\u00e9cup\u00e9rer une convocation judiciaire. Sauf qu\u2019il est cens\u00e9 ne plus conduire qu\u2019un v\u00e9hicule \u00e9quip\u00e9 d\u2019un \u00e9thylotest antid\u00e9marrage. Ce que la 2\u00a0CV qu\u2019il a achet\u00e9e deux mois plus t\u00f4t ne poss\u00e8de pas. Le jeune homme connu dans la r\u00e9gion pour son rapport \u00e0 l\u2019alcool finira donc par \u00eatre contr\u00f4l\u00e9 et les gendarmes rel\u00e8veront un taux d\u2019alcool de 2,3 g\/l de sang.<\/p>\n<p><img decoding=\"async\" alt=\"La 2 CV confisqu\u00e9e a \u00e9t\u00e9 mise en vente sur LeBonCoin pour 19.990 euros.\" class=\"c-img\" loading=\"lazy\" fetchpriority=\"auto\" width=\"718\"  src=\"https:\/\/www.europesays.com\/fr\/wp-content\/uploads\/2025\/04\/1744522392_464_718x0.jpeg; charset=utf-8\" \/>La 2 CV confisqu\u00e9e a \u00e9t\u00e9 mise en vente sur LeBonCoin pour 19.990 euros.\u2002-\u00a0Capture d&rsquo;\u00e9cran LeBonCoinSa voiture confisqu\u00e9e et revendue dans la foul\u00e9e<\/p>\n<p>R\u00e9sultat\u00a0: la voiture est imm\u00e9diatement saisie. Le procureur de Montb\u00e9liard, qui souhaite acc\u00e9l\u00e9rer le traitement des affaires routi\u00e8res, fait transf\u00e9rer rapidement l\u2019affaire \u00e0 l\u2019Agence de recouvrement des avoirs saisis. La 2\u00a0CV est vendue aux ench\u00e8res pour 17.000 euros \u00e0 un garage sp\u00e9cialis\u00e9 qui la remettra en vente dans la foul\u00e9e pour quelque 3.000 euros de plus.<\/p>\n<p><a href=\"https:\/\/www.20minutes.fr\/dossier\/le_bon_coin\" class=\"c-link c-btn c-btn--primary\" rel=\"nofollow noopener\" target=\"_blank\">Notre dossier sur LeBonCoin<\/a><\/p>\n<p>L\u2019homme, lui, n\u2019avait pas r\u00e9pondu au courrier recommand\u00e9 l\u2019informant de la confiscation, ce qui l\u2019a priv\u00e9 de tout recours. Il garde n\u00e9anmoins un espoir\u00a0: s\u2019il est relax\u00e9 lors de son proc\u00e8s pr\u00e9vu le 17\u00a0avril, il pourra r\u00e9cup\u00e9rer la somme de la vente.<\/p>\n","protected":false},"excerpt":{"rendered":"C\u2019est une surprise dont ce trentenaire de Pont-de-Roide (Doubs) se serait bien pass\u00e9. Trois mois apr\u00e8s s\u2019\u00eatre fait&hellip;\n","protected":false},"author":2,"featured_media":21460,"comment_status":"","ping_status":"","sticky":false,"template":"","format":"standard","meta":{"footnotes":""},"categories":[6],"tags":[47,2718,35,7527,8026,33,34,1011,27,3672,8025,8027,5511,104],"class_list":{"0":"post-21459","1":"post","2":"type-post","3":"status-publish","4":"format-standard","5":"has-post-thumbnail","7":"category-economie","8":"tag-actualite","9":"tag-bourgogne-franche-comte","10":"tag-business","11":"tag-citroen","12":"tag-doubs","13":"tag-economie","14":"tag-economy","15":"tag-fr","16":"tag-france","17":"tag-franche-comte","18":"tag-leboncoin","19":"tag-montbeliard","20":"tag-procureur","21":"tag-societe"},"share_on_mastodon":{"url":"https:\/\/pubeurope.com\/@fr\/114329026771869147","error":""},"_links":{"self":[{"href":"https:\/\/www.europesays.com\/fr\/wp-json\/wp\/v2\/posts\/21459","targetHints":{"allow":["GET"]}}],"collection":[{"href":"https:\/\/www.europesays.com\/fr\/wp-json\/wp\/v2\/posts"}],"about":[{"href":"https:\/\/www.europesays.com\/fr\/wp-json\/wp\/v2\/types\/post"}],"author":[{"embeddable":true,"href":"https:\/\/www.europesays.com\/fr\/wp-json\/wp\/v2\/users\/2"}],"replies":[{"embeddable":true,"href":"https:\/\/www.europesays.com\/fr\/wp-json\/wp\/v2\/comments?post=21459"}],"version-history":[{"count":0,"href":"https:\/\/www.europesays.com\/fr\/wp-json\/wp\/v2\/posts\/21459\/revisions"}],"wp:featuredmedia":[{"embeddable":true,"href":"https:\/\/www.europesays.com\/fr\/wp-json\/wp\/v2\/media\/21460"}],"wp:attachment":[{"href":"https:\/\/www.europesays.com\/fr\/wp-json\/wp\/v2\/media?parent=21459"}],"wp:term":[{"taxonomy":"category","embeddable":true,"href":"https:\/\/www.europesays.com\/fr\/wp-json\/wp\/v2\/categories?post=21459"},{"taxonomy":"post_tag","embeddable":true,"href":"https:\/\/www.europesays.com\/fr\/wp-json\/wp\/v2\/tags?post=21459"}],"curies":[{"name":"wp","href":"https:\/\/api.w.org\/{rel}","templated":true}]}}