{"id":214603,"date":"2025-06-30T01:53:19","date_gmt":"2025-06-30T01:53:19","guid":{"rendered":"https:\/\/www.europesays.com\/fr\/214603\/"},"modified":"2025-06-30T01:53:19","modified_gmt":"2025-06-30T01:53:19","slug":"tetro-limmat-tuba-7-restaurants-ou-manger-du-poisson-et-des-fruits-de-mer-a-marseille-liberation","status":"publish","type":"post","link":"https:\/\/www.europesays.com\/fr\/214603\/","title":{"rendered":"Tetro, Limmat, Tuba\u2026 7 restaurants o\u00f9 manger du poisson et des fruits de mer \u00e0 Marseille \u2013 Lib\u00e9ration"},"content":{"rendered":"<p class=\"sc-ksZaOG ehjQrN text-element\">\u00abA Marseille, les poissonneries de quartier disparaissent peu \u00e0 peu\u00bb, alertait d\u00e9j\u00e0 <a href=\"https:\/\/marsactu.fr\/au-fond-des-filets-a-marseille-les-poissonneries-de-quartier-disparaissent-peu-a-peu\/\" target=\"_blank\" rel=\"noreferrer nofollow noopener\" title=\"https:\/\/marsactu.fr\/au-fond-des-filets-a-marseille-les-poissonneries-de-quartier-disparaissent-peu-a-peu\/\">Marsactu<\/a> en 2021. Selon le journal d\u2019investigation local, la deuxi\u00e8me plus grande ville de France compte trois fois moins de poissonneries que la moyenne des grandes agglom\u00e9rations. Bien s\u00fbr, il y a la Cri\u00e9e, le march\u00e9 aux poissons du Vieux-Port, qui s\u2019installe chaque matin de 8 \u00e0 13 heures sur le quai de la Fraternit\u00e9. Mais reste la question de savoir o\u00f9 <a href=\"https:\/\/www.liberation.fr\/environnement\/agriculture\/a-partir-de-ce-lundi-la-france-ne-consomme-plus-de-poissons-francais-20220502_VDIRXO53UBBNVEGJU7LD7VXUVE\/#:~:text=Mais%20au%20niveau%20fran%C3%A7ais%2C%20selon,les%20plus%20consomm%C3%A9s%20en%20France.\" target=\"_blank\" rel=\"nofollow noopener\" title=\"https:\/\/www.liberation.fr\/environnement\/agriculture\/a-partir-de-ce-lundi-la-france-ne-consomme-plus-de-poissons-francais-20220502_VDIRXO53UBBNVEGJU7LD7VXUVE\/#:~:text=Mais%20au%20niveau%20fran%C3%A7ais%2C%20selon,les%20plus%20consomm%C3%A9s%20en%20France.\">manger du poisson<\/a> et des fruits de mer tout en fuyant les grandes brasseries touristiques. Tour d\u2019horizon de quelques adresses o\u00f9 t\u00e2ter de la poiscaille dans le creux de l\u2019assiette.<\/p>\n","protected":false},"excerpt":{"rendered":"\u00abA Marseille, les poissonneries de quartier disparaissent peu \u00e0 peu\u00bb, alertait d\u00e9j\u00e0 Marsactu en 2021. Selon le journal&hellip;\n","protected":false},"author":2,"featured_media":214604,"comment_status":"","ping_status":"","sticky":false,"template":"","format":"standard","meta":{"footnotes":""},"categories":[2814],"tags":[1111,11,413,1777,674,1011,27,884,12,882,25],"class_list":{"0":"post-214603","1":"post","2":"type-post","3":"status-publish","4":"format-standard","5":"has-post-thumbnail","7":"category-marseille","8":"tag-actu","9":"tag-actualites","10":"tag-ca-va-mieux-lisant","11":"tag-eu","12":"tag-europe","13":"tag-fr","14":"tag-france","15":"tag-marseille","16":"tag-news","17":"tag-provence-alpes-cote-dazur","18":"tag-republique-francaise"},"share_on_mastodon":{"url":"https:\/\/pubeurope.com\/@fr\/114769821988394045","error":""},"_links":{"self":[{"href":"https:\/\/www.europesays.com\/fr\/wp-json\/wp\/v2\/posts\/214603","targetHints":{"allow":["GET"]}}],"collection":[{"href":"https:\/\/www.europesays.com\/fr\/wp-json\/wp\/v2\/posts"}],"about":[{"href":"https:\/\/www.europesays.com\/fr\/wp-json\/wp\/v2\/types\/post"}],"author":[{"embeddable":true,"href":"https:\/\/www.europesays.com\/fr\/wp-json\/wp\/v2\/users\/2"}],"replies":[{"embeddable":true,"href":"https:\/\/www.europesays.com\/fr\/wp-json\/wp\/v2\/comments?post=214603"}],"version-history":[{"count":0,"href":"https:\/\/www.europesays.com\/fr\/wp-json\/wp\/v2\/posts\/214603\/revisions"}],"wp:featuredmedia":[{"embeddable":true,"href":"https:\/\/www.europesays.com\/fr\/wp-json\/wp\/v2\/media\/214604"}],"wp:attachment":[{"href":"https:\/\/www.europesays.com\/fr\/wp-json\/wp\/v2\/media?parent=214603"}],"wp:term":[{"taxonomy":"category","embeddable":true,"href":"https:\/\/www.europesays.com\/fr\/wp-json\/wp\/v2\/categories?post=214603"},{"taxonomy":"post_tag","embeddable":true,"href":"https:\/\/www.europesays.com\/fr\/wp-json\/wp\/v2\/tags?post=214603"}],"curies":[{"name":"wp","href":"https:\/\/api.w.org\/{rel}","templated":true}]}}