{"id":214609,"date":"2025-06-30T01:57:30","date_gmt":"2025-06-30T01:57:30","guid":{"rendered":"https:\/\/www.europesays.com\/fr\/214609\/"},"modified":"2025-06-30T01:57:30","modified_gmt":"2025-06-30T01:57:30","slug":"canicule-des-restrictions-de-circulation-mises-en-place-en-ile-de-france","status":"publish","type":"post","link":"https:\/\/www.europesays.com\/fr\/214609\/","title":{"rendered":"Canicule : des restrictions de circulation mises en place en \u00cele-de-France"},"content":{"rendered":"<ul class=\"jsx-862013697 ArticleChapo__List\">\n<li class=\"jsx-862013697 ArticleChapo__List_Item flex\">Des restrictions de circulation ont \u00e9t\u00e9 d\u00e9cid\u00e9es \u00e0 partir de lundi en Ile-de-France, en raison des fortes chaleurs et des risques de pollution, a annonc\u00e9 dimanche la pr\u00e9fecture de police de Paris.<\/li>\n<li class=\"jsx-862013697 ArticleChapo__List_Item flex\">Elles pr\u00e9voient l&rsquo;abaissement de 20 km\/h de la vitesse maximale autoris\u00e9e \u00e0 l&rsquo;int\u00e9rieur du p\u00e9rim\u00e8tre d\u00e9limit\u00e9 par l&rsquo;A86.<\/li>\n<\/ul>\n<p><a href=\"https:\/\/www.tf1info.fr\/actualite\/meteo-france-canicule-changement-climatique-la-france-face-a-sa-premiere-canicule-d-ampleur-de-2025-14308\/\" rel=\"noopener\" class=\"jsx-484472199 Link jsx-1428418400 jsx-27126556\" target=\"_blank\"><\/p>\n<p style=\"font-weight:400\" class=\"jsx-1837267516\">Suivez la couverture compl\u00e8te<\/p>\n<p style=\"font-weight:800\" class=\"jsx-1837267516\">Vers un \u00e9t\u00e9 2025 caniculaire en France ?<\/p>\n<p><\/a>Les \u00e9l\u00e9ments marquants22:44<br class=\"jsx-494582681\"\/> 29 juin 2025POLLUTION \u00c0 L\u2019OZONE EN ILE-DE-FRANCE<\/p>\n<p>Alors que Airparif annonce une concentration en ozone sup\u00e9rieur au seuil de recommandation, le pr\u00e9fet de police de Paris Laurent Nunez annonce la mise en place du dispositif de lutte contre la pollution en \u00cele-de-France, \u00e0 partir de 5h30 lundi matin.<\/p>\n<p>Concernant le trafic routier, il pr\u00e9voit la r\u00e9duction de la vitesse maximale autoris\u00e9e \u00e0 l\u2019int\u00e9rieur du p\u00e9rim\u00e8tre d\u00e9limit\u00e9 par l\u2019A86, \u00e0 l\u2019exclusion de celle-ci :\u00a0<\/p>\n<p>&#8211; \u00e0 110 km\/h sur les portions d\u2019autoroutes normalement limit\u00e9es \u00e0 130 km\/h\u00a0<\/p>\n<p>&#8211; \u00e0 90 km\/h sur les portions d\u2019autoroutes et de voies rapides normalement limit\u00e9es \u00e0 110 km\/h\u00a0<\/p>\n<p>&#8211; \u00e0 70 km\/h sur les portions d\u2019autoroutes et de voies rapides normalement limit\u00e9es \u00e0 90 km\/h, ainsi que sur les routes nationales et d\u00e9partementales limit\u00e9es \u00e0 80 km\/h ou \u00e0 90 km\/h<\/p>\n<p>De mani\u00e8re g\u00e9n\u00e9rale, il est recommand\u00e9 de limiter, dans la mesure du possible, les d\u00e9placements en voiture, de privil\u00e9gier le t\u00e9l\u00e9travail et, en cas de n\u00e9cessit\u00e9, de pratiquer le covoiturage. Il est \u00e9galement pr\u00e9conis\u00e9 de limiter l\u2019exposition \u00e0 la pollution, notamment des personnes les plus vuln\u00e9rables, en restant en int\u00e9rieur durant les heures les plus chaudes.<\/p>\n<p>Minute par minute22:44<br class=\"jsx-494582681\"\/> 29 juin 2025POLLUTION \u00c0 L\u2019OZONE EN ILE-DE-FRANCE<\/p>\n<p>Alors que Airparif annonce une concentration en ozone sup\u00e9rieur au seuil de recommandation, le pr\u00e9fet de police de Paris Laurent Nunez annonce la mise en place du dispositif de lutte contre la pollution en \u00cele-de-France, \u00e0 partir de 5h30 lundi matin.<\/p>\n<p>Concernant le trafic routier, il pr\u00e9voit la r\u00e9duction de la vitesse maximale autoris\u00e9e \u00e0 l\u2019int\u00e9rieur du p\u00e9rim\u00e8tre d\u00e9limit\u00e9 par l\u2019A86, \u00e0 l\u2019exclusion de celle-ci :\u00a0<\/p>\n<p>&#8211; \u00e0 110 km\/h sur les portions d\u2019autoroutes normalement limit\u00e9es \u00e0 130 km\/h\u00a0<\/p>\n<p>&#8211; \u00e0 90 km\/h sur les portions d\u2019autoroutes et de voies rapides normalement limit\u00e9es \u00e0 110 km\/h\u00a0<\/p>\n<p>&#8211; \u00e0 70 km\/h sur les portions d\u2019autoroutes et de voies rapides normalement limit\u00e9es \u00e0 90 km\/h, ainsi que sur les routes nationales et d\u00e9partementales limit\u00e9es \u00e0 80 km\/h ou \u00e0 90 km\/h<\/p>\n<p>De mani\u00e8re g\u00e9n\u00e9rale, il est recommand\u00e9 de limiter, dans la mesure du possible, les d\u00e9placements en voiture, de privil\u00e9gier le t\u00e9l\u00e9travail et, en cas de n\u00e9cessit\u00e9, de pratiquer le covoiturage. Il est \u00e9galement pr\u00e9conis\u00e9 de limiter l\u2019exposition \u00e0 la pollution, notamment des personnes les plus vuln\u00e9rables, en restant en int\u00e9rieur durant les heures les plus chaudes.<\/p>\n<p>22:03<br class=\"jsx-494582681\"\/> 29 juin 2025200 \u00c9COLES PUBLIQUES FERM\u00c9ES<\/p>\n<p>Ce sont 200 \u00e9tablissements scolaires publics qui feront l&rsquo;objet \u00ab\u00a0d&rsquo;une fermeture partielle ou totale\u00a0\u00bb lundi, mardi et mercredi dans toute la France en raison de la vague de chaleur, annonce la ministre de l&rsquo;\u00c9ducation nationale Elisabeth Borne, lors d&rsquo;une conf\u00e9rence de presse suite \u00e0 une r\u00e9union interminist\u00e9rielle de crise place Beauvau.<\/p>\n<p>21:07<br class=\"jsx-494582681\"\/> 29 juin 2025UN D\u00c9CRET QUI TOMBE \u00c0 PIC<\/p>\n<p>Alors qu&rsquo;une vague de chaleur s&rsquo;est abattue sur la France, un d\u00e9cret renfor\u00e7ant les obligations des entreprises vis-\u00e0-vis de leurs salari\u00e9s entre en vigueur mardi 1er juillet. Mais que contient-il ?<\/p>\n<p>Vie pro et emploi<img decoding=\"async\" src=\"https:\/\/www.europesays.com\/fr\/wp-content\/uploads\/2025\/06\/travail-chaleur-1-aca8bc-0@1x.jpeg\" alt=\"Changements d'horaires, points d'eau... Les obligations des employeurs en cas d'\u00e9pisode de chaleur renforc\u00e9es\" loading=\"lazy\" importance=\"low\" fetchpriority=\"low\" class=\"\" aria-hidden=\"true\"\/>Publi\u00e9 le 11 juin 2025 \u00e0 18h3520:54<br class=\"jsx-494582681\"\/> 29 juin 2025LES ENTREPRISES EN ALERTE<\/p>\n<p>Un nouveau d\u00e9cret renfor\u00e7ant les obligations des entreprises en cas de forte chaleur entre en vigueur mardi, a rappel\u00e9 dimanche soir la ministre du Travail Catherine Vautrin chez nos confr\u00e8res de BFMTV, jugeant \u00ab\u00a0indispensable\u00a0\u00bb que les entreprises adoptent ces pr\u00e9conisations alors que la France vit un \u00e9pisode caniculaire.<\/p>\n<p>\u00ab\u00a0Lorsque l&rsquo;\u00e9valuation des risques identifie un risque d\u2019atteinte \u00e0 la sant\u00e9 et \u00e0 la s\u00e9curit\u00e9 des travailleurs li\u00e9 \u00e0 l&rsquo;exposition \u00e0 des \u00e9pisodes de chaleur intense, l&#8217;employeur fait \u00e9voluer l&rsquo;organisation du travail avec des mesures visant \u00e0 adapter les horaires, suspendre les t\u00e2ches p\u00e9nibles aux heures les plus chaudes, mieux ajuster les p\u00e9riodes de repos\u00a0\u00bb, indique le d\u00e9cret du 27 mai 2025<\/p>\n<p>\u00ab\u00a0Les postes de travail devront \u00eatre am\u00e9nag\u00e9s pour amortir les effets des rayonnements solaires et l&rsquo;accumulation de chaleur, par des dispositifs filtrants ou occultants, de la ventilation ou de la brumisation\u00a0\u00bb, selon ce texte introduit dans le Code du travail.<\/p>\n<p>20:37<br class=\"jsx-494582681\"\/> 29 juin 2025&Prime;DU JAMAIS VU\u00a0\u00bb<\/p>\n<p>\u00ab\u00a0Quatre-vingt quatre d\u00e9partements en vigilance orange canicule\u00a0\u00bb comme ce qui est pr\u00e9vu par M\u00e9t\u00e9o-France pour lundi, \u00ab\u00a0c&rsquo;est du jamais vu\u00a0\u00bb, d\u00e9clare aupr\u00e8s de l&rsquo;AFP la ministre de la Transition \u00e9cologique, Agn\u00e8s Pannier-Runacher, en amont du comit\u00e9 interminist\u00e9riel de crise.<\/p>\n<p>Le pr\u00e9c\u00e9dent record, avec 80 d\u00e9partements en vigilance orange, datait de juillet 2019. C&rsquo;est aussi un record absolu depuis la cr\u00e9ation de la vigilance m\u00e9t\u00e9o en 2001.<\/p>\n<p>16:09<br class=\"jsx-494582681\"\/> 29 juin 202584 D\u00c9PARTEMENTS EN VIGILANCE ORANGE<\/p>\n<p>Nouvelle annonce de M\u00e9t\u00e9o France qui \u00e9tend la vigilance orange \u00e0 11 d\u00e9partements, soit 84 au total depuis le d\u00e9but de la vague de chaleur.<\/p>\n<blockquote data-testid=\"EmbedTwitter\" id=\"tweet-1939324763588944047-:R7634qqamij9n79m:\" class=\"jsx-aeff1a1c40f54d7a twitter-tweet flex justify-center items-center\"><p>#VigilanceOrange #Canicule Vague de chaleur d\u2019un niveau caniculaire sur la quasi totalit\u00e9 de l\u2019Hexagone. Lundi, extension \u00e0 11 d\u00e9partements soit 84 d\u00e9partements en Vigilance orange  \u27a1\ufe0f Informations  https:\/\/t.co\/nKFFz1VUlR https:\/\/t.co\/AmofJ88tsF \u2014 M\u00e9t\u00e9o-France (@meteofrance)  June 29, 2025<\/p><\/blockquote>\n<p>16:03<br class=\"jsx-494582681\"\/> 29 juin 2025LE PIC DE CHALEUR ENTRE MARDI ET MERCREDI<\/p>\n<p>M\u00e9t\u00e9o France annonce que le pic de chaleur devrait \u00eatre atteint dans l&rsquo;Hexagone entre mardi et mercredi. Plus d&rsquo;infos&#8230;<\/p>\n<blockquote data-testid=\"EmbedTwitter\" id=\"tweet-1939319343009202612-:R763kqqamij9n79m:\" class=\"jsx-aeff1a1c40f54d7a twitter-tweet flex justify-center items-center\"><p>\ud83d\udfe0  #VigilanceOrange #canicule Poursuite de la vague de chaleur en France d&rsquo;un niveau caniculaire sur les deux tiers de l&rsquo;Hexagone. \ud83c\udf21\ufe0f Le paroxysme de ces tr\u00e8s fortes chaleurs sera atteint entre mardi et mercredi.  \u27a1\ufe0f Informations  https:\/\/t.co\/PgmRZy37Qr pic.twitter.com\/0CwWPLAIix \u2014 M\u00e9t\u00e9o-France (@meteofrance)  June 29, 2025<\/p><\/blockquote>\n<p>16:00<br class=\"jsx-494582681\"\/> 29 juin 2025\u00c0 PARIS, DES PARCS OUVERTS JUSQU&rsquo;\u00c0 MINUIT<\/p>\n<p>Alors que M\u00e9t\u00e9o France a plac\u00e9 Paris et les d\u00e9partements de la petite couronne en vigilance m\u00e9t\u00e9orologique orange \u00e0 partir ce dimanche apr\u00e8s-midi, la Ville de Paris a d\u00e9clench\u00e9 un niveau de vigilance renforc\u00e9e. Il pr\u00e9voit notamment l&rsquo;ouverture d&rsquo;une vingtaine de parcs et jardins jusqu&rsquo;\u00e0 minuit. <a href=\"https:\/\/www.paris.fr\/pages\/profitez-des-parcs-et-jardins-en-nocturne-3594#l-ete-les-espaces-verts-supplementaires-ouverts-jusqu-a-minuit\" rel=\"nofollow noopener\" target=\"_blank\">La liste compl\u00e8te, c&rsquo;est par ici !<\/a><\/p>\n<p>15:30<br class=\"jsx-494582681\"\/> 29 juin 2025ET CHEZ NOS VOISINS ?<\/p>\n<p>S&rsquo;il reste \u00e0 confirmer, l&rsquo;Espagne aurait enregistr\u00e9 un record chaleur depuis le d\u00e9but des relev\u00e9s avec 46\u00b0C samedi \u00e0 Granado, en Andalousie. Le pr\u00e9c\u00e9dent sommet \u00e9tait de 45,2\u00b0C \u00e0 S\u00e9ville en juin 1965. Record dans l&rsquo;eau aussi : la M\u00e9diterran\u00e9e d\u00e9passe les 26\u00b0C dans les Bal\u00e9ares, un seuil \u00ab\u00a0typique de la mi-ao\u00fbt\u00a0\u00bb, selon l&rsquo;agence nationale de m\u00e9t\u00e9orologie Aemet.<\/p>\n<p>En Italie, 21 villes \u00e9taient en alerte maximale dimanche pour chaleur extr\u00eame, notamment Milan, Naples, Venise, Florence et Rome, o\u00f9 des ambulances stationnent pr\u00e8s des sites touristiques. Dans tous les pays, les h\u00f4pitaux italiens ont fait \u00e9tat d&rsquo;une hausse de 10% des cas de coups de chaleur.<\/p>\n<p>Au Portugal, plusieurs zones de la moiti\u00e9 sud du pays, y compris la capitale Lisbonne, sont en \u00a0alerte rouge jusqu&rsquo;\u00e0 lundi soir en raison de \u00ab\u00a0valeurs de temp\u00e9rature maximale extr\u00eamement \u00e9lev\u00e9es persistantes\u00a0\u00bb, selon l&rsquo;Institut portugais de la mer et de l&rsquo;atmosph\u00e8re (IPMA).<\/p>\n<p>15:25<br class=\"jsx-494582681\"\/> 29 juin 2025RAFRAICHISSEMENT DANS LA MARNE<\/p>\n<p>Pour la premi\u00e8re fois depuis plus de 50 ans, la baignade est autoris\u00e9e aujourd&rsquo;hui dans la Marne. Une inauguration \u00e0 point nomm\u00e9, alors que la r\u00e9gion parisienne d\u00e9passe les 30 degr\u00e9s.\u00a0<\/p>\n<p>M\u00e9t\u00e9o et intemp\u00e9ries<img decoding=\"async\" src=\"https:\/\/www.europesays.com\/fr\/wp-content\/uploads\/2025\/06\/premiers-bains-dans-la-marne-le-29-juin-2025-40ed42-1@1x.jpeg\" alt=\"Baignade dans la Marne : une autorisation qui tombe \u00e0 pic, en pleine vague de chaleur\" loading=\"lazy\" importance=\"low\" fetchpriority=\"low\" class=\"\" aria-hidden=\"true\"\/>15:25<br class=\"jsx-494582681\"\/> 29 juin 2025\u00c9COLES : PAS DE VACANCES AVANC\u00c9ES<\/p>\n<p>Interrog\u00e9e ce dimanche sur France 3, la ministre de l&rsquo;\u00c9ducation Elisabeth Borne a affirm\u00e9 que le gouvernement excluait d&rsquo;avancer le d\u00e9but des vacances scolaires d&rsquo;\u00e9t\u00e9, pr\u00e9vu en fin de semaine, en raison des fortes chaleurs.<\/p>\n<p>\u00ab\u00a0On doit \u00eatre pragmatique, prendre des d\u00e9cisions au cas par cas dans chaque territoire. Quand on a des \u00e9coles qui sont bien isol\u00e9es naturellement, elles peuvent accueillir les \u00e9l\u00e8ves\u00a0\u00bb, a-t-elle soulign\u00e9.<\/p>\n<p>Et \u00ab\u00a0s&rsquo;il y a un probl\u00e8me, il faut \u00e0 la fois permettre \u00e0 des parents qui le peuvent de pouvoir garder leurs enfants \u00e0 la maison, et en m\u00eame temps avoir des solutions pour ceux qui ne le peuvent pas\u00a0\u00bb.<\/p>\n<p>Selon les consignes rappel\u00e9es dimanche par le minist\u00e8re, les \u00e9tablissements scolaires doivent \u00ab\u00a0adapter leur organisation et l&rsquo;utilisation des lieux en fonction de l&rsquo;exposition au soleil, afin d&rsquo;accueillir les \u00e9l\u00e8ves dans des espaces pr\u00e9serv\u00e9s de la chaleur\u00a0\u00bb.<\/p>\n<p><img decoding=\"async\" src=\"https:\/\/www.europesays.com\/fr\/wp-content\/uploads\/2025\/06\/borne-nogent-10-juin-2025-d80179-0@1x.jpeg\" alt=\"AFP\" loading=\"lazy\" importance=\"low\" fetchpriority=\"low\" class=\"\"\/>AFP14:34<br class=\"jsx-494582681\"\/> 29 juin 2025R\u00c9UNION DE CRISE<\/p>\n<p>La cellule interminist\u00e9rielle sur la canicule se tiendra ce dimanche soir au minist\u00e8re de l&rsquo;Int\u00e9rieur \u00e0 20h45.<\/p>\n<p>13:29<br class=\"jsx-494582681\"\/> 29 juin 2025LA FRANCE EN ORANGE<\/p>\n<p>La grande majorit\u00e9 des d\u00e9partements est toujours en vigilance orange, et cela durera au moins jusqu&rsquo;\u00e0 lundi soir, car le pic de l&rsquo;\u00e9pisode caniculaire n&rsquo;est pas attendu avant mardi ou mercredi. Partout en France, c&rsquo;est la course pour se rafra\u00eechir.<\/p>\n<p>Alerte \u00e0 la canicule sur pratiquement toute la FranceSource : TF1 Info<\/p>\n<p><img decoding=\"async\" src=\"https:\/\/www.europesays.com\/fr\/wp-content\/uploads\/2025\/06\/alerte-a-la-canicule-sur-pratiquement-toute-la-france-b754a2-0@1x.jpeg\" alt=\"Alerte \u00e0 la canicule sur pratiquement toute la France\" loading=\"lazy\" importance=\"low\" fetchpriority=\"low\" class=\"\"\/><img decoding=\"async\" src=\"https:\/\/www.tf1info.fr\/images\/icons\/player-logo-play.svg\" alt=\"Logo lecture\" class=\"jsx-d0de44c05fe3042c PlayerLazyload__Play\"\/>13:08<br class=\"jsx-494582681\"\/> 29 juin 2025\u00c0 QUOI S&rsquo;ATTENDRE ?<\/p>\n<p>La canicule se poursuivra lundi \u00ab\u00a0avec des temp\u00e9ratures encore en hausse, except\u00e9 sur le pourtour m\u00e9diterran\u00e9en o\u00f9 elles seront stationnaires\u00a0\u00bb, indique M\u00e9t\u00e9o-France, qui pr\u00e9voit que le pic de l&rsquo;\u00e9pisode caniculaire (lors duquel des maximales de 39\u00b0C \u00e0 40\u00b0C seront \u00ab\u00a0assez fr\u00e9quentes\u00a0\u00bb) survienne \u00ab\u00a0autour de mardi ou mercredi selon les r\u00e9gions\u00a0\u00bb.<\/p>\n<p>12:37<br class=\"jsx-494582681\"\/> 29 juin 2025R\u00c9UNION DE CRISE<\/p>\n<p>Bruno Retailleau annonce sur <a href=\"https:\/\/www.bfmtv.com\/politique\/gouvernement\/canicule-bruno-retailleau-annonce-une-reunion-interministerielle-ce-dimanche_AV-202506290192.html\" target=\"_blank\" rel=\"nofollow noopener\">BFMTV (nouvelle fen\u00eatre)<\/a> la tenue d&rsquo;une r\u00e9union interminist\u00e9rielle aujourd&rsquo;hui, en fin de journ\u00e9e, au sujet de l&rsquo;\u00e9pisode caniculaire.\u00a0<\/p>\n<p>\u00ab\u00a0Nous allons faire en fin d&rsquo;apr\u00e8s-midi une r\u00e9union \u00e0 Beauvau, en visio, avec l&rsquo;ensemble des pr\u00e9fets, les Agences r\u00e9gionales de sant\u00e9, ma coll\u00e8gue Catherine Vautrin, peut-\u00eatre un ou deux autres ministres, je ne le sais pas encore, pour mettre sous tension l&rsquo;ensemble des partenaires, notamment les pr\u00e9fets dans les d\u00e9partements, pour donner des consignes et pr\u00e9voir un certain nombre de dispositifs\u00a0\u00bb, indique le ministre de l&rsquo;Int\u00e9rieur.\u00a0<\/p>\n<p>La r\u00e9union se tiendra \u00e0 20h45, pr\u00e9cise le minist\u00e8re \u00e0 TF1\/LCI.\u00a0<\/p>\n<p>11:30<br class=\"jsx-494582681\"\/> 29 juin 2025MONT-BLANC<\/p>\n<p>D&rsquo;apr\u00e8s des donn\u00e9es relay\u00e9es par l&rsquo;observatoire Keraunos, les temp\u00e9ratures \u00e9taient positives au sommet du Mont-Blanc samedi. Dans les Alpes, il fallait monter \u00e0 plus de 5.100 m\u00e8tres d&rsquo;altitude pour trouver une temp\u00e9rature de 0 degr\u00e9. Une situation in\u00e9dite si t\u00f4t dans la saison.<\/p>\n<p>M\u00e9t\u00e9o et intemp\u00e9ries<img decoding=\"async\" src=\"https:\/\/www.europesays.com\/fr\/wp-content\/uploads\/2025\/06\/mont-blanc-200619-cf3e29-0@1x.jpeg\" alt=\"Canicule : des temp\u00e9ratures positives mesur\u00e9es au sommet du Mont-Blanc, un &quot;record pour un mois de juin&quot;\" loading=\"lazy\" importance=\"low\" fetchpriority=\"low\" class=\"\" aria-hidden=\"true\"\/>10:55<br class=\"jsx-494582681\"\/> 29 juin 2025AIGUILLE DU MIDI<\/p>\n<p>M\u00eame les sommets les plus \u00e9lev\u00e9s de France connaissent des temp\u00e9ratures largement positives. \u00ab\u00a0La temp\u00e9rature minimale \u00e0 l&rsquo;Aiguille du Midi (3.845 m\u00e8tres d&rsquo;altitude) est \u00e0 5,8\u00b0C ce matin entre 6 et 7h\u00a0\u00bb, indique M\u00e9t\u00e9o-France \u00e0 TF1info.<\/p>\n<p>10:17<br class=\"jsx-494582681\"\/> 29 juin 2025TOUR D&rsquo;EUROPE<\/p>\n<p>La vague de chaleur concerne tout le sud de l&rsquo;Europe, avec 17 villes d&rsquo;Italie plac\u00e9es en alerte rouge (niveau 3), dont Milan et Turin. Au Portugal, les deux tiers du pays sont en alerte orange ce dimanche, avec 42\u00b0C pr\u00e9vus \u00e0 Lisbonne et un risque maximal d&rsquo;incendie. En Espagne, les temp\u00e9ratures ont d\u00e9j\u00e0 d\u00e9pass\u00e9 40\u00b0C samedi \u00e0 S\u00e9ville et dans une large partie du pays.<\/p>\n<p>Canicule en Europe : les touristes s&rsquo;adaptentSource : TF1 Info<\/p>\n<p><img decoding=\"async\" src=\"https:\/\/www.europesays.com\/fr\/wp-content\/uploads\/2025\/06\/canicule-en-europe-les-touristes-s-adaptent-49344b-0@1x.jpeg\" alt=\"Canicule en Europe : les touristes s'adaptent\" loading=\"lazy\" importance=\"low\" fetchpriority=\"low\" class=\"\"\/><img decoding=\"async\" src=\"https:\/\/www.tf1info.fr\/images\/icons\/player-logo-play.svg\" alt=\"Logo lecture\" class=\"jsx-d0de44c05fe3042c PlayerLazyload__Play\"\/>09:11<br class=\"jsx-494582681\"\/> 29 juin 2025CANICULE MARINE<\/p>\n<p>\u00ab\u00a0Les temp\u00e9ratures de surface de la mer M\u00e9diterran\u00e9e sont sup\u00e9rieures de 5\u00b0C par rapport \u00e0 la normale\u00a0\u00bb, indique M\u00e9t\u00e9o-France. \u00ab\u00a0Ces temp\u00e9ratures anormalement chaudes de la mer peuvent venir accentuer les nuits tropicales sur le pourtour m\u00e9diterran\u00e9en, rendant plus \u00e9touffantes les nuits durant cet \u00e9pisode caniculaire.\u00a0\u00bb<\/p>\n<p>09:03<br class=\"jsx-494582681\"\/> 29 juin 2025RECORD DE HAUTE MINIMALE BATTU<\/p>\n<p>Le record mensuel de haute minimale a \u00e9t\u00e9 battu cette nuit \u00e0 Perpignan avec 26.6\u00b0C, contre 26.1\u00b0C en juin 2003, fait savoir l&rsquo;observatoire Keraunos.<\/p>\n<blockquote data-testid=\"EmbedTwitter\" id=\"tweet-1939217055858979045-:R76a4qqamij9n79m:\" class=\"jsx-aeff1a1c40f54d7a twitter-tweet flex justify-center items-center\"><p>Chaleur nocturne pr\u00e8s de la M\u00e9diterran\u00e9e avec une minimale exceptionnelle de 29.2\u00b0C \u00e0 Fitou dans l&rsquo;Aude et de 28\u00b0C \u00e0 Caixas dans les PO. Record mensuel de haute minimale battu \u00e0 Perpignan (26.6\u00b0 vs 26.1\u00b0C en juin 2003).  pic.twitter.com\/LWHF3CahZP \u2014 Keraunos (@KeraunosObs)  June 29, 2025<\/p><\/blockquote>\n<p>08:42<br class=\"jsx-494582681\"\/> 29 juin 2025PR\u00c8S DE 30\u00b0C&#8230; EN PLEINE NUIT<\/p>\n<p>Il a fait 29,2\u00b0C \u00e0 Fitou, dans l&rsquo;Aude, cette nuit, rapporte notre sp\u00e9cialiste m\u00e9t\u00e9o Guillaume Woznica.\u00a0<\/p>\n<blockquote data-testid=\"EmbedTwitter\" id=\"tweet-1939205743296512487-:R76akqqamij9n79m:\" class=\"jsx-aeff1a1c40f54d7a twitter-tweet flex justify-center items-center\"><p>[DIRECT]  #Canicule : la nuit derni\u00e8re, la  #temp\u00e9rature n\u2019est pas descendue en dessous de 29,2\u00b0C \u00e0 Fitou, dans l\u2019Aude ! Plus g\u00e9n\u00e9ralement, de nombreux secteurs du sud-est n\u2019ont pas vu passer les thermom\u00e8tres sous les 25\u00b0C, ne permettant pas aux organismes de r\u00e9cup\u00e9rer\u2026  #chaleur pic.twitter.com\/9rB06LE4zV \u2014 Guillaume Woznica (@GWoznica)  June 29, 2025<\/p><\/blockquote>\n<p>08:18<br class=\"jsx-494582681\"\/> 29 juin 2025FERMETURE D&rsquo;\u00c9COLES<\/p>\n<p>Plusieurs \u00e9coles situ\u00e9es dans des d\u00e9partements en vigilance orange seront totalement ou partiellement ferm\u00e9es ce lundi 30 juin. Une situation qui pourrait s&rsquo;\u00e9largir en cas d&rsquo;aggravation de la situation. \u00ab\u00a0En fonction de l&rsquo;\u00e9volution de la situation m\u00e9t\u00e9orologique, notamment en cas de passage en vigilance rouge, les autorit\u00e9s pr\u00e9fectorales pourront d\u00e9cider, si n\u00e9cessaire, de la fermeture temporaire de certains \u00e9tablissements scolaires afin de garantir la s\u00e9curit\u00e9 des \u00e9l\u00e8ves et des personnels\u00a0\u00bb, \u00e9crit le minist\u00e8re de l&rsquo;\u00c9ducation nationale.<\/p>\n<p>M\u00e9t\u00e9o et intemp\u00e9ries<img decoding=\"async\" src=\"https:\/\/www.europesays.com\/fr\/wp-content\/uploads\/2025\/06\/cour-ecole-illustration-93c0c7-0@1x.jpeg\" alt=\"ILLUSTRATION\" loading=\"lazy\" importance=\"low\" fetchpriority=\"low\" class=\"\" aria-hidden=\"true\"\/>08:09<br class=\"jsx-494582681\"\/> 29 juin 2025LES MESURES DANS LES CENTRES D&rsquo;EXAMEN<\/p>\n<p>Le minist\u00e8re de l&rsquo;\u00c9ducation nationale d\u00e9taille les mesures demand\u00e9es aux chefs des centres d&rsquo;examen, en cette p\u00e9riode de baccalaur\u00e9at :<\/p>\n<ul>\n<li>Utiliser, dans la mesure du possible, des salles \u00e0 l&rsquo;ombre pour les \u00e9preuves.<\/li>\n<li>Limiter les entr\u00e9es de chaleur dans les salles.<\/li>\n<li>V\u00e9rifier la fonctionnalit\u00e9 ou l&rsquo;installation de stores et\/ou de volets.<\/li>\n<li>Fermer les volets et rideaux des fa\u00e7ades les plus expos\u00e9es au soleil durant toute la journ\u00e9e.<\/li>\n<li>Maintenir les fen\u00eatres ferm\u00e9es tant que la temp\u00e9rature ext\u00e9rieure est sup\u00e9rieure \u00e0 la temp\u00e9rature int\u00e9rieure.<\/li>\n<li>S&rsquo;assurer que les candidats disposent d&rsquo;eau potable et\/ou leur permettre de sortir de la salle pour se d\u00e9salt\u00e9rer.<\/li>\n<li>Porter une vigilance particuli\u00e8re aux personnes et \u00e9l\u00e8ves pr\u00e9sentant des pathologies respiratoires ou en situation de handicap. En cas de prise de m\u00e9dicaments, v\u00e9rifier les modalit\u00e9s de conservation et les effets secondaires en sollicitant l&rsquo;avis d&rsquo;un m\u00e9decin.<\/li>\n<\/ul>\n<p>07:52<br class=\"jsx-494582681\"\/> 29 juin 2025MUS\u00c9ES GRATUITS<\/p>\n<p>\u00c0 Orl\u00e9ans, l&rsquo;acc\u00e8s \u00e0 certains mus\u00e9es climatis\u00e9s est gratuit, d&rsquo;apr\u00e8s la municipalit\u00e9, qui a \u00e9galement annonc\u00e9 l&rsquo;ouverture tardive de ses parcs et jardins.<\/p>\n<p>07:43<br class=\"jsx-494582681\"\/> 29 juin 2025LA BIODIVERSIT\u00c9 EN DIFFICULT\u00c9<\/p>\n<p>La canicule touche aussi durement la biodiversit\u00e9. \u00ab\u00a0Avec cette chaleur suffocante, la temp\u00e9rature peut d\u00e9passer 40\u00b0C dans certains nids\u00a0\u00bb, s&rsquo;alarme le pr\u00e9sident de la Ligue pour la protection des oiseaux Allain Bougrain-Dubourg aupr\u00e8s de l&rsquo;AFP. \u00ab\u00a0On r\u00e9cup\u00e8re partout des oiseaux en difficult\u00e9, nos sept centres de soins sont satur\u00e9s.\u00a0\u00bb<\/p>\n<p>07:08<br class=\"jsx-494582681\"\/> 29 juin 2025\u00c0 QUOI S&rsquo;ATTENDRE CE DIMANCHE ?<\/p>\n<p>Il faut s&rsquo;attendre ce dimanche \u00e0 des \u00ab\u00a0temp\u00e9ratures maximales affichant souvent entre 35 et 38\u00b0C sur le sud du pays\u00a0\u00bb avec des pointes \u00e0 40\u00b0C sur le Midi m\u00e9diterran\u00e9en. Quelque 32\u00b0C sont pr\u00e9vus \u00e0 Paris et seuls les bords de Manche compteront des temp\u00e9ratures inf\u00e9rieures \u00e0 30\u00b0C, selon les m\u00e9t\u00e9orologues.<\/p>\n<p>La m\u00e9t\u00e9o du dimanche 29 juin 2025Source : TF1 Info<\/p>\n<p><img decoding=\"async\" src=\"https:\/\/www.europesays.com\/fr\/wp-content\/uploads\/2025\/06\/la-meteo-du-dimanche-29-juin-2025-bb695c-0@1x.jpeg\" alt=\"La m\u00e9t\u00e9o du dimanche 29 juin 2025\" loading=\"lazy\" importance=\"low\" fetchpriority=\"low\" class=\"\"\/><img decoding=\"async\" src=\"https:\/\/www.tf1info.fr\/images\/icons\/player-logo-play.svg\" alt=\"Logo lecture\" class=\"jsx-d0de44c05fe3042c PlayerLazyload__Play\"\/>06:51<br class=\"jsx-494582681\"\/> 29 juin 202573 D\u00c9PARTEMENTS EN ORANGE<\/p>\n<p>M\u00e9t\u00e9o-France confirme que 73 d\u00e9partements sont plac\u00e9s en vigilance orange canicule ce dimanche. Ces territoires resteront en vigilance orange pour la journ\u00e9e de lundi, o\u00f9 le pic de l&rsquo;\u00e9pisode ne sera toujours pas attendu.<\/p>\n<blockquote data-testid=\"EmbedTwitter\" id=\"tweet-1939172243168231489-:R76dkqqamij9n79m:\" class=\"jsx-aeff1a1c40f54d7a twitter-tweet flex justify-center items-center\"><p>Pour dimanche 29 juin 2025 : \ud83d\udfe0 73 d\u00e9partements en Vigilance orange Pour lundi 30 juin 2025 : \ud83d\udfe0 73 d\u00e9partements en Vigilance orange Restez prudents et inform\u00e9s : https:\/\/t.co\/JGz4rTUvHP pic.twitter.com\/65pg0V67XX \u2014 VigiM\u00e9t\u00e9oFrance (@VigiMeteoFrance)  June 29, 2025<\/p><\/blockquote>\n<p>16:06<br class=\"jsx-494582681\"\/> 28 juin 2025LA VIGILANCE ORANGE LARGEMENT \u00c9TENDUE DEMAIN<\/p>\n<p>Pas moins de 73 d\u00e9partements seront plac\u00e9s en vigilance orange canicule demain, confirme un nouveau bulletin de M\u00e9t\u00e9o-France.\u00a0<\/p>\n<p>Cette vigilance, cantonn\u00e9e aujourd&rsquo;hui au pourtour m\u00e9diterran\u00e9en et jusqu&rsquo;en Rh\u00f4ne-Alpes, s&rsquo;\u00e9tendra \u00e0 une majeure partie du territoire dimanche, incluant l&rsquo;Ile-de-France.\u00a0<\/p>\n<p>Les temp\u00e9ratures maximales atteindront 30 \u00e0 34\u00b0C \u00ab\u00a0sur un axe allant du sud de la Bretagne, \u00e0 la r\u00e9gion Centre Val-de-Loire, \u00e0 l&rsquo;Ile-de-France et \u00e0 la Bourgogne\u00a0\u00bb, d\u00e9taille M\u00e9t\u00e9o France. Dans le sud du pays, les temp\u00e9ratures avoisineront les 34\u00b0C \u00e0 38\u00b0C, et jusqu&rsquo;\u00e0 39 \u00e0 40\u00b0C pr\u00e8s de la M\u00e9diterran\u00e9e.<\/p>\n<blockquote data-testid=\"EmbedTwitter\" id=\"tweet-1938961826454114412-:R76e4qqamij9n79m:\" class=\"jsx-aeff1a1c40f54d7a twitter-tweet flex justify-center items-center\"><p>Pour samedi 28 juin 2025 : \ud83d\udfe0 14 d\u00e9partements en Vigilance orange Pour dimanche 29 juin 2025 : \ud83d\udfe0 73 d\u00e9partements en Vigilance orange Restez prudents et inform\u00e9s : https:\/\/t.co\/JGz4rTUvHP pic.twitter.com\/2xNQJrsQXd \u2014 VigiM\u00e9t\u00e9oFrance (@VigiMeteoFrance)  June 28, 2025<\/p><\/blockquote>\n<p>14:15<br class=\"jsx-494582681\"\/> 28 juin 2025LES CHAMPIONNATS DE FRANCE DE CYCLISME RACCOURCIS<\/p>\n<p>La course en ligne masculine des championnats de France de cyclisme pr\u00e9vue ce dimanche sera raccourcie d&rsquo;un tour de circuit en raison des tr\u00e8s fortes chaleurs attendues aux Herbiers (Vend\u00e9e), ont annonc\u00e9 les organisateurs. Selon les pr\u00e9visions m\u00e9t\u00e9orologiques, la temp\u00e9rature devrait monter jusqu&rsquo;\u00e0 36\u00b0C, avec un vent de 10 km\/h.<\/p>\n<p>La \u00ab\u00a0commission protocole forte chaleur\u00a0\u00bb a d\u00e9cid\u00e9 une \u00ab\u00a0r\u00e9duction d&rsquo;un tour\u00a0\u00bb de la course qui devait voir les quelque 170 coureurs pr\u00e9vus au d\u00e9part parcourir 14 fois un circuit de 16,5 km. \u00ab\u00a0En raison des conditions climatiques pr\u00e9vues, l&rsquo;organisation et le coll\u00e8ge arbitral\u00a0\u00bb ont d\u00e9cid\u00e9 de r\u00e9duire \u00e0 13 le nombre de passages, notamment sur la bosse finale du Mont des Alouettes et sa pente \u00e0 4,7% sur 1,9 km.<\/p>\n<p>14:05<br class=\"jsx-494582681\"\/> 28 juin 2025UNE CANICULE QUI VA DURER<\/p>\n<p>La moiti\u00e9 de l&rsquo;Hexagone sera plac\u00e9e dimanche en vigilance orange canicule&#8230; mais le pic de l&rsquo;\u00e9pisode ne sera atteint que la semaine prochaine, pas avant mardi au plus t\u00f4t. Pourquoi cette vague de chaleur dure-t-elle si longtemps ? Les explications du 13H de TF1.<\/p>\n<p>Canicule : pourquoi \u00e7a va durerSource : JT 13h WE<\/p>\n<p><a href=\"https:\/\/www.tf1info.fr\/meteo\/videos\/video-canicule-pourquoi-ca-va-durer-68-2379706.html\" rel=\"noopener\" class=\"jsx-484472199 Link\" target=\"_blank\"><img decoding=\"async\" src=\"https:\/\/www.europesays.com\/fr\/wp-content\/uploads\/2025\/06\/canicule-pourquoi-ca-va-durer-1-964985-0@1x.jpeg\" alt=\"\" loading=\"lazy\" importance=\"low\" fetchpriority=\"low\" class=\"\" aria-hidden=\"true\"\/><\/p>\n<p>01:17<\/p>\n<p><\/a>13:45<br class=\"jsx-494582681\"\/> 28 juin 2025\u00ceLE-DE-FRANCE<\/p>\n<p>L&rsquo;\u00cele-de-France entrera dimanche, \u00e0 12h, en vigilance orange canicule. Le pr\u00e9fet de la r\u00e9gion Marc Guillaume \u00ab\u00a0a demand\u00e9 aux services de l&rsquo;\u00c9tat de d\u00e9ployer des actions en direction des publics les plus fragiles\u00a0\u00bb, fait-il savoir dans un communiqu\u00e9. Cela concerne notamment les \u00e9tablissements de sant\u00e9 et les Ehpad, les lieux accueillant des mineurs ainsi que les centres d&rsquo;h\u00e9bergement.<\/p>\n<p>13:37<br class=\"jsx-494582681\"\/> 28 juin 2025TOURNOI ANNUL\u00c9<\/p>\n<p>La ville de Nice, dont le d\u00e9partement est plac\u00e9 en vigilance orange, a annul\u00e9 ce samedi un tournoi de football inter-quartiers en raison de la canicule.<\/p>\n<p>13:15<br class=\"jsx-494582681\"\/> 28 juin 2025COUP DE CHAUD SUR L&rsquo;EUROPE<\/p>\n<p>La France n&rsquo;est pas le seul pays touch\u00e9 par la canicule. Cette vague de chaleur concerne tout le sud de l&rsquo;Europe, avec une vingtaine de villes d&rsquo;Italie, dont Rome et Venise, plac\u00e9es en alerte. Au Portugal, les deux tiers du pays seront en alerte orange dimanche, avec 42\u00b0C pr\u00e9vus \u00e0 Lisbonne et un risque maximal d&rsquo;incendie. En Espagne, le pic de chaleur est attendu \u00e0 partir de dimanche avec un mercure au-del\u00e0 des 40\u00b0C sur une grande partie du territoire.<\/p>\n<p>13:04<br class=\"jsx-494582681\"\/> 28 juin 2025VERS UNE NUIT \u00ab\u00a0\u00c9TOUFFANTE\u00a0\u00bb<\/p>\n<p>La nuit de samedi \u00e0 dimanche pr\u00e9voit d&rsquo;\u00eatre \u00ab\u00a0\u00e9touffante\u00a0\u00bb, met en garde M\u00e9t\u00e9o-France, qui pr\u00e9voit une nuit \u00ab\u00a0autour de 20 degr\u00e9s sur une large moiti\u00e9 sud du pays, 22 \u00e0 25 degr\u00e9s sur le quart sud-est de la France\u00a0\u00bb, et jusqu&rsquo;\u00e0 26 degr\u00e9s pr\u00e8s de la M\u00e9diterran\u00e9e, \u00ab\u00a0voire un peu plus ponctuellement\u00a0\u00bb.<\/p>\n<p>11:35<br class=\"jsx-494582681\"\/> 28 juin 2025ACTIVIT\u00c9 PHYSIQUE<\/p>\n<p>L&rsquo;activit\u00e9 physique lors des fortes chaleurs pr\u00e9sente des risques accrus d\u2019insolation et de d\u00e9shydratation. Voici quelques conseils pour r\u00e9duire les risques.<\/p>\n<p>Sant\u00e9 et bien \u00eatre<img decoding=\"async\" src=\"https:\/\/www.europesays.com\/fr\/wp-content\/uploads\/2025\/06\/sport-et-chaleur-2354-a91819-0@1x.jpeg\" alt=\"Sport et fortes temp\u00e9ratures : les conseils \u00e0 appliquer pour optimiser sa performance sans risque\" loading=\"lazy\" importance=\"low\" fetchpriority=\"low\" class=\"\" aria-hidden=\"true\"\/>Publi\u00e9 le 28 juin 2025 \u00e0 10h0010:29<br class=\"jsx-494582681\"\/> 28 juin 2025VAGUE DE CHALEUR<\/p>\n<p>La France traverse depuis le 19 juin sa 50\u1d49 vague de chaleur nationale depuis 1947, mais surtout sa 33\u1d49 du 21\u1d49 si\u00e8cle. La cons\u00e9quence du r\u00e9chauffement climatique qui augmente l&rsquo;intensit\u00e9 et la fr\u00e9quence des canicules.<\/p>\n<p>09:46<br class=\"jsx-494582681\"\/> 28 juin 2025CONSEILS POUR SE RAFRA\u00ceCHIR<\/p>\n<p>M\u00e9t\u00e9o-France diffuse sur son site les conseils pour se rafra\u00eechir durant la canicule :<\/p>\n<ul>\n<li>Buvez de l&rsquo;eau plusieurs fois par jour.<\/li>\n<li>Continuez \u00e0 manger normalement.<\/li>\n<li>Mouillez-vous le corps plusieurs fois par jour \u00e0 l&rsquo;aide d&rsquo;un brumisateur, d&rsquo;un gant de toilette ou en prenant des douches ou des bains ti\u00e8des.<\/li>\n<li>Ne sortez pas aux heures les plus chaudes. Si vous devez sortir, portez un chapeau et des v\u00eatements l\u00e9gers.<\/li>\n<li>Essayez de vous rendre dans un endroit frais ou climatis\u00e9 deux \u00e0 trois heures par jour.<\/li>\n<li>Limitez vos activit\u00e9s physiques et sportives.<\/li>\n<li>Pendant la journ\u00e9e, fermez volets, rideaux et fen\u00eatres. A\u00e9rez la nuit.<\/li>\n<li>Si vous avez des personnes \u00e2g\u00e9es, souffrant de maladies chroniques ou isol\u00e9es dans votre entourage, prenez de leurs nouvelles ou rendez-leur visite. Accompagnez-les dans un endroit frais.<\/li>\n<li>En cas de malaise ou de troubles du comportement, appelez un m\u00e9decin. Si vous avez besoin d&rsquo;aide, appelez la mairie.<\/li>\n<\/ul>\n<p>09:40<br class=\"jsx-494582681\"\/> 28 juin 2025NORMALES DE SAISON LARGEMENT D\u00c9PASS\u00c9ES<\/p>\n<p>Non, le temps actuel ne correspond pas aux standards de l&rsquo;\u00e9t\u00e9. D&rsquo;apr\u00e8s Tristan Amm, pr\u00e9visionniste chez M\u00e9t\u00e9o-France, les temp\u00e9ratures vont souvent atteindre des niveaux \u00ab\u00a012 \u00e0 15 degr\u00e9s au-dessus des normales\u00a0\u00bb de saison, pr\u00e9vient-il.<\/p>\n<p>09:34<br class=\"jsx-494582681\"\/> 28 juin 2025NUITS TROPICALES<\/p>\n<p>Il a localement fait plus de 26\u00b0C cette nuit, et ce n&rsquo;est pas fini. \u00c0 quoi faut-il s&rsquo;attendre pour ces prochaines \u00ab\u00a0nuits tropicales\u00a0\u00bb ?<\/p>\n<p>M\u00e9t\u00e9o et intemp\u00e9ries<img decoding=\"async\" src=\"https:\/\/www.europesays.com\/fr\/wp-content\/uploads\/2025\/06\/corse-nuit-electricite-c1953b-0@1x.jpeg\" alt=\"Canicule : des nuits tropicales avec &quot;des temp\u00e9ratures rarement atteintes&quot;, \u00e0 quoi faut-il s\u2019attendre ?\" loading=\"lazy\" importance=\"low\" fetchpriority=\"low\" class=\"\" aria-hidden=\"true\"\/>Publi\u00e9 le 27 juin 2025 \u00e0 16h2709:08<br class=\"jsx-494582681\"\/> 28 juin 2025DES VALEURS MINIMALES \u00c9LEV\u00c9ES<\/p>\n<p>Les temp\u00e9ratures minimales dans plusieurs villes atteignent des niveaux in\u00e9dits, indique M\u00e9t\u00e9o-France. C&rsquo;est par exemple le cas au Cap B\u00e9ar (27,9\u00b0C), \u00e0 Avignon (25,6\u00b0C) ou encore \u00e0 L\u00e9zignan-Corbi\u00e8res (25\u00b0C).<\/p>\n<blockquote data-testid=\"EmbedTwitter\" id=\"tweet-1938856127216648691-:R76k4qqamij9n79m:\" class=\"jsx-aeff1a1c40f54d7a twitter-tweet flex justify-center items-center\"><p>#VigilanceOrange #canicule Temp\u00e9ratures minimales le plus souvent au-dessus des 20 \u00b0C.  \ud83c\udf03 Quelques valeurs in\u00e9dites 27,9 \u00b0C \u00e0 Cap B\u00e9ar 25,6 \u00b0C \u00e0 Avignon  25 \u00b0C \u00e0 Lezignan-Corbi\u00e8res 24,6 \u00b0C \u00e0 Alba-la-Romaine 24,4 \u00b0C \u00e0 Bedarieux 24 \u00b0C \u00e0 Arles Valeurs provisoires  pic.twitter.com\/nLuW4Y43Ik \u2014 M\u00e9t\u00e9o-France (@meteofrance)  June 28, 2025<\/p><\/blockquote>\n<p>08:30<br class=\"jsx-494582681\"\/> 28 juin 2025NUM\u00c9RO VERT<\/p>\n<p>Le gouvernement a r\u00e9activ\u00e9 le num\u00e9ro vert Canicule Info Service face aux fortes chaleurs. De quoi s&rsquo;agit-il ?<\/p>\n<p>M\u00e9t\u00e9o et intemp\u00e9ries<img decoding=\"async\" src=\"https:\/\/www.europesays.com\/fr\/wp-content\/uploads\/2025\/06\/chaleur-canicule-smartphone-401adc-2@1x.jpeg\" alt=\"Qu'est-ce que le num\u00e9ro vert canicule, r\u00e9activ\u00e9 ce samedi face aux fortes chaleurs ?\" loading=\"lazy\" importance=\"low\" fetchpriority=\"low\" class=\"\" aria-hidden=\"true\"\/>Publi\u00e9 le 28 juin 2025 \u00e0 8h1908:11<br class=\"jsx-494582681\"\/> 28 juin 2025MARSEILLE OUVRE SES PISCINES<\/p>\n<p>La ville de Marseille, dont le d\u00e9partement des Bouches-du-Rh\u00f4ne est plac\u00e9 en vigilance orange, a d\u00e9cid\u00e9 d&rsquo;ouvrir gratuitement ses piscines municipales \u00ab\u00a0\u00e0 toutes et tous\u00a0\u00bb, jusqu&rsquo;\u00e0 la fin de l&rsquo;\u00e9pisode. \u00ab\u00a0Les piscines sont soumises \u00e0 un seuil maximum de fr\u00e9quentation\u00a0\u00bb, pr\u00e9vient tout de m\u00eame la mairie. \u00ab\u00a0Si la jauge est atteinte en cette p\u00e9riode de fortes chaleurs, un temps d&rsquo;attente \u00e0 l&rsquo;entr\u00e9e peut \u00eatre n\u00e9cessaire.\u00a0\u00bb<\/p>\n<p>08:00<br class=\"jsx-494582681\"\/> 28 juin 2025D\u00d4ME DE CHALEUR<\/p>\n<p>La cause de ce nouveau pic est un \u00ab\u00a0d\u00f4me de chaleur\u00a0\u00bb : un large et puissant anticyclone forme une sorte de couvercle qui vient bloquer l&rsquo;air en basses couches, emp\u00eachant l&rsquo;entr\u00e9e de perturbations, tout en le r\u00e9chauffant progressivement.<\/p>\n<p>07:45<br class=\"jsx-494582681\"\/> 28 juin 2025LES EHPAD S&rsquo;ADAPTENT<\/p>\n<p>En pleine vague de chaleur, les Ehpad sont contraints de s&rsquo;adapter pour offrir \u00e0 leurs r\u00e9sidents la meilleure protection face \u00e0 la canicule. Reportage.<\/p>\n<p>Canicule : comment les Ehpad s&rsquo;adaptent aux fortes chaleursSource : TF1 Info<\/p>\n<p><img decoding=\"async\" src=\"https:\/\/www.europesays.com\/fr\/wp-content\/uploads\/2025\/06\/canicule-comment-les-ehpad-s-adaptent-aux-fortes-chaleurs-b8630b-0@1x.jpeg\" alt=\"Canicule : comment les Ehpad s'adaptent aux fortes chaleurs\" loading=\"lazy\" importance=\"low\" fetchpriority=\"low\" class=\"\"\/><img decoding=\"async\" src=\"https:\/\/www.tf1info.fr\/images\/icons\/player-logo-play.svg\" alt=\"Logo lecture\" class=\"jsx-d0de44c05fe3042c PlayerLazyload__Play\"\/>07:20<br class=\"jsx-494582681\"\/> 28 juin 2025NUM\u00c9RO VERT<\/p>\n<p>Le num\u00e9ro vert canicule, qui permet d&rsquo;obtenir des conseils \u00ab\u00a0pour se prot\u00e9ger et prot\u00e9ger son entourage\u00a0\u00bb des fortes chaleurs, sera r\u00e9activ\u00e9 ce samedi \u00e0 partir de 8h, a annonc\u00e9 le minist\u00e8re de la Sant\u00e9. Joignable au <strong>0800.06.66.66<\/strong> de 8h \u00e0 19h, le num\u00e9ro de t\u00e9l\u00e9phone gratuit Canicule Info service restera en place jusqu&rsquo;\u00e0 la fin de l&rsquo;\u00e9pisode de canicule.<\/p>\n<p>07:10<br class=\"jsx-494582681\"\/> 28 juin 2025LES PR\u00c9VISIONS<\/p>\n<p>L&rsquo;\u00e9pisode de chaleur d\u00e9bute ce samedi dans le sud-est de la France, avant de s&rsquo;\u00e9tendre \u00e0 la quasi-totalit\u00e9 de l&rsquo;Hexagone dans les heures suivantes. D\u00e9couvrez les pr\u00e9visions.<\/p>\n<p>M\u00e9t\u00e9o : 14 d\u00e9partements en vigilance orange canicule samedi 28 juinSource : TF1 Info<\/p>\n<p><img decoding=\"async\" src=\"https:\/\/www.europesays.com\/fr\/wp-content\/uploads\/2025\/06\/meteo-14-departements-en-vigilance-orange-canicule-samedi-28-juin-00c1bd-0@1x.jpeg\" alt=\"M\u00e9t\u00e9o : 14 d\u00e9partements en vigilance orange canicule samedi 28 juin\" loading=\"lazy\" importance=\"low\" fetchpriority=\"low\" class=\"\"\/><img decoding=\"async\" src=\"https:\/\/www.tf1info.fr\/images\/icons\/player-logo-play.svg\" alt=\"Logo lecture\" class=\"jsx-d0de44c05fe3042c PlayerLazyload__Play\"\/>06:52<br class=\"jsx-494582681\"\/> 28 juin 2025VIGILANCE ORANGE<\/p>\n<p>M\u00e9t\u00e9o-France a plac\u00e9 14 d\u00e9partements de la M\u00e9diterran\u00e9e et de la vall\u00e9e du Rh\u00f4ne en vigilance orange canicule ce samedi. Il s&rsquo;agit de l&rsquo;<strong>Aude<\/strong>, du <strong>Vaucluse<\/strong>, du <strong>Var<\/strong>, des <strong>Alpes-Maritimes<\/strong>, de la <strong>Haute-Corse<\/strong>, des <strong>Alpes-de-Haute-Provence<\/strong>, de l&rsquo;<strong>Ard\u00e8che<\/strong>, de la <strong>Dr\u00f4me<\/strong>, de l&rsquo;<strong>Is\u00e8re<\/strong> et du <strong>Rh\u00f4ne <\/strong>qui rejoignent, \u00e0 partir de midi, les <strong>Bouches-du-Rh\u00f4ne<\/strong>, le <strong>Gard<\/strong>, l&rsquo;<strong>H\u00e9rault<\/strong> et les <strong>Pyr\u00e9n\u00e9es-Orientales<\/strong>.<\/p>\n<p>Il y en aura 53 pour la journ\u00e9e de dimanche. Les temp\u00e9ratures pourraient atteindre localement les 40\u00b0C. Le pic de l&rsquo;\u00e9pisode est attendu en d\u00e9but de semaine prochaine.<\/p>\n<blockquote data-testid=\"EmbedTwitter\" id=\"tweet-1938809762721743172-:R76nkqqamij9n79m:\" class=\"jsx-aeff1a1c40f54d7a twitter-tweet flex justify-center items-center\"><p>Pour samedi 28 juin 2025 : \ud83d\udfe0 14 d\u00e9partements en Vigilance orange Pour dimanche 29 juin 2025 : \ud83d\udfe0 53 d\u00e9partements en Vigilance orange Restez prudents et inform\u00e9s : https:\/\/t.co\/JGz4rTUvHP pic.twitter.com\/hRF99TcwNH \u2014 VigiM\u00e9t\u00e9oFrance (@VigiMeteoFrance)  June 28, 2025<\/p><\/blockquote>\n<p>06:49<br class=\"jsx-494582681\"\/> 28 juin 2025<\/p>\n<p>Bonjour et bienvenue sur TF1info pour suivre toute l&rsquo;actualit\u00e9 autour de la canicule.<\/p>\n<p data-module=\"article-paragraph\" class=\"jsx-3046738180 Paragraph\">Temp\u00e9ratures fr\u00f4lant les 40\u00b0C, fermeture des massifs forestiers pour risques \u00ab\u00a0s\u00e9v\u00e8res\u00a0\u00bb d&rsquo;incendies : la <a href=\"https:\/\/www.tf1info.fr\/meteo\/direct-meteo-france-previsions-canicule-quatre-departements-en-alerte-orange-vendredi-27-juin-2025-2379353.html\" target=\"_blank\" rel=\"noopener\">canicule qui s&rsquo;est abattue vendredi<\/a> sur le sud de la France, dont quatre d\u00e9partements sont en vigilance orange, devrait durer au moins jusqu&rsquo;\u00e0 mardi, et s&rsquo;\u00e9tendre progressivement vers le nord.\u00a0<\/p>\n<p data-module=\"article-paragraph\" class=\"jsx-3046738180 Paragraph\">Les Bouches-du-Rh\u00f4ne, le Gard, l&rsquo;H\u00e9rault et les Pyr\u00e9n\u00e9es-Orientales ont bascul\u00e9 vendredi \u00e0 midi en vigilance orange, enregistrant des temp\u00e9ratures comprises \u00ab\u00a0entre 36 et 38\u00b0C pr\u00e8s de la M\u00e9diterran\u00e9e\u00a0\u00bb. Ils seront rejoints d\u00e8s samedi par dix autres d\u00e9partements,<a href=\"https:\/\/www.tf1info.fr\/meteo\/previsions-meteo-france-canicule-un-dome-de-chaleur-apportera-des-pointes-a-40-c-des-ce-week-end-des-25-et-26-juin-2025-2379164.html\" target=\"_blank\" rel=\"noopener\"> voire davantage au cours du week-end<\/a> o\u00f9 \u00ab\u00a0un nouveau pic de chaleur comparable \u00e0 celui du week-end dernier, voire un cran au-dessus\u00a0\u00bb est attendu, selon Tristan Amm, pr\u00e9visionniste chez M\u00e9t\u00e9o-France.<\/p>\n<p data-module=\"article-paragraph\" class=\"jsx-3046738180 Paragraph Paragraph__End\">Les Alpes-de-Haute-Provence, les Alpes-Maritimes, l&rsquo;Ard\u00e8che, l&rsquo;Aude, la Dr\u00f4me, la Haute-Corse, l&rsquo;Is\u00e8re, le Rh\u00f4ne, le Var et le Vaucluse seront \u00e0 leur tour concern\u00e9s samedi par la vigilance orange, avec des temp\u00e9ratures qui atteindront les 34 \u00e0 38\u00b0C dans l&rsquo;apr\u00e8s-midi et jusqu&rsquo;\u00e0 40\u00b0C ponctuellement \u00e0 proximit\u00e9 de la M\u00e9diterran\u00e9e, la chaleur gagnant progressivement la moiti\u00e9 nord du pays, selon M\u00e9t\u00e9o-France.<\/p>\n<p data-module=\"article-paragraph\" class=\"jsx-3046738180 Paragraph Paragraph__End\">Dimanche et lundi, le thermom\u00e8tre affichera 35\u00b0C au moins sur les deux tiers du pays, promettant des nuits \u00ab\u00a0tr\u00e8s d\u00e9sagr\u00e9ables\u00a0\u00bb lors desquelles le mercure ne devrait pas descendre en dessous de 20 degr\u00e9s, a ajout\u00e9 Tristan Amm. Notamment pr\u00e8s de la M\u00e9diterran\u00e9e, dont les temp\u00e9ratures de surface \u00e9lev\u00e9es limitent \u00ab\u00a0le refroidissement nocturne sur le littoral\u00a0\u00bb, pr\u00e9cisent les pr\u00e9fectures du Var et de Haute-Corse.<\/p>\n<p><a href=\"https:\/\/www.tf1info.fr\/meteo\/ecole-canicule-plus-de-40-c-attendus-la-semaine-prochaine-face-au-pic-de-chaleur-fcpe-les-parents-d-eleves-tirent-la-sonnette-d-alarme-2379628.html\" rel=\"noopener\" class=\"jsx-3308031228 Link flex\" target=\"_blank\"><img decoding=\"async\" src=\"https:\/\/www.europesays.com\/fr\/wp-content\/uploads\/2025\/06\/salle-de-classe-ecole-college-lycee-f860e2-0@1x.jpeg\" alt=\"iStock\" loading=\"lazy\" importance=\"low\" fetchpriority=\"low\" class=\"\"\/><\/p>\n<p class=\"jsx-3657663356 ReadMoreArticle__Title\">Lire aussi<\/p>\n<p class=\"jsx-3657663356\">Plus de 40\u00b0C la semaine prochaine : face au pic de chaleur attendu, des parents d&rsquo;\u00e9l\u00e8ves tirent la sonnette d&rsquo;alarme<\/p>\n<p><\/a><\/p>\n<p data-module=\"article-paragraph\" class=\"jsx-3046738180 Paragraph Paragraph__End\">Cette vague de chaleur s\u00e9vit \u00e9galement dans le sud de l&rsquo;Europe, avec une vingtaine de villes d&rsquo;Italie, dont Rome et Venise, plac\u00e9es en alerte ce week-end. Au Portugal, les deux tiers du pays seront en alerte orange dimanche, avec 42\u00b0C pr\u00e9vus \u00e0 Lisbonne et un risque maximal d&rsquo;incendie. En Espagne, le pic de chaleur est attendu \u00e0 partir de dimanche avec un mercure au-del\u00e0 des 40\u00b0C sur une grande partie du territoire. Il s&rsquo;agit d&rsquo;un \u00ab\u00a0\u00e9pisode caniculaire pr\u00e9coce\u00a0\u00bb, dont \u00ab\u00a0la dur\u00e9e, l&rsquo;extension g\u00e9ographique et l&rsquo;intensit\u00e9 n\u00e9cessitent une vigilance particuli\u00e8re\u00a0\u00bb, insiste M\u00e9t\u00e9o-France.<\/p>\n<p>La r\u00e9daction de TF1info<\/p>\n<p><script async src=\"https:\/\/platform.twitter.com\/widgets.js\" charset=\"utf-8\"><\/script><\/p>\n","protected":false},"excerpt":{"rendered":"Des restrictions de circulation ont \u00e9t\u00e9 d\u00e9cid\u00e9es \u00e0 partir de lundi en Ile-de-France, en raison des fortes chaleurs&hellip;\n","protected":false},"author":2,"featured_media":214610,"comment_status":"","ping_status":"","sticky":false,"template":"","format":"standard","meta":{"footnotes":""},"categories":[1592],"tags":[1111,11,1921,2730,1777,674,1011,27,662,1922,12,626,25,34285,133,11009],"class_list":{"0":"post-214609","1":"post","2":"type-post","3":"status-publish","4":"format-standard","5":"has-post-thumbnail","7":"category-ile-de-france","8":"tag-actu","9":"tag-actualites","10":"tag-article-video","11":"tag-drome","12":"tag-eu","13":"tag-europe","14":"tag-fr","15":"tag-france","16":"tag-ile-de-france","17":"tag-info","18":"tag-news","19":"tag-paris","20":"tag-republique-francaise","21":"tag-vers-un-ete-2025-caniculaire-en-france","22":"tag-video","23":"tag-video-meteo-et-intemperies"},"share_on_mastodon":{"url":"https:\/\/pubeurope.com\/@fr\/114769838500109308","error":""},"_links":{"self":[{"href":"https:\/\/www.europesays.com\/fr\/wp-json\/wp\/v2\/posts\/214609","targetHints":{"allow":["GET"]}}],"collection":[{"href":"https:\/\/www.europesays.com\/fr\/wp-json\/wp\/v2\/posts"}],"about":[{"href":"https:\/\/www.europesays.com\/fr\/wp-json\/wp\/v2\/types\/post"}],"author":[{"embeddable":true,"href":"https:\/\/www.europesays.com\/fr\/wp-json\/wp\/v2\/users\/2"}],"replies":[{"embeddable":true,"href":"https:\/\/www.europesays.com\/fr\/wp-json\/wp\/v2\/comments?post=214609"}],"version-history":[{"count":0,"href":"https:\/\/www.europesays.com\/fr\/wp-json\/wp\/v2\/posts\/214609\/revisions"}],"wp:featuredmedia":[{"embeddable":true,"href":"https:\/\/www.europesays.com\/fr\/wp-json\/wp\/v2\/media\/214610"}],"wp:attachment":[{"href":"https:\/\/www.europesays.com\/fr\/wp-json\/wp\/v2\/media?parent=214609"}],"wp:term":[{"taxonomy":"category","embeddable":true,"href":"https:\/\/www.europesays.com\/fr\/wp-json\/wp\/v2\/categories?post=214609"},{"taxonomy":"post_tag","embeddable":true,"href":"https:\/\/www.europesays.com\/fr\/wp-json\/wp\/v2\/tags?post=214609"}],"curies":[{"name":"wp","href":"https:\/\/api.w.org\/{rel}","templated":true}]}}