{"id":214615,"date":"2025-06-30T02:00:13","date_gmt":"2025-06-30T02:00:13","guid":{"rendered":"https:\/\/www.europesays.com\/fr\/214615\/"},"modified":"2025-06-30T02:00:13","modified_gmt":"2025-06-30T02:00:13","slug":"montreuil-une-femme-en-trottinette-grievement-blessee-par-un-chauffard-ivre","status":"publish","type":"post","link":"https:\/\/www.europesays.com\/fr\/214615\/","title":{"rendered":"Montreuil\u00a0: une femme en trottinette gri\u00e8vement bless\u00e9e par un chauffard ivre"},"content":{"rendered":"<p class=\"paragraph text_align_left lp-f-body-02\">Un homme a \u00e9t\u00e9 interpell\u00e9 et plac\u00e9 en garde \u00e0 vue dimanche 29 juin \u00e0 <a href=\"https:\/\/www.leparisien.fr\/seine-saint-denis-93\/montreuil-93100\/\" target=\"_blank\" rel=\"noreferrer nofollow noopener\">Montreuil<\/a> (Seine-Saint-Denis), apr\u00e8s un grave accident de la route qui aurait pu co\u00fbter la vie \u00e0 une personne.<\/p>\n<p class=\"paragraph text_align_left lp-f-body-02\">Il est environ 1h45 dans la nuit de samedi \u00e0 dimanche, au niveau du 76, avenue Pasteur, lorsqu\u2019un conducteur percute de plein fouet une femme de 36 ans circulant \u00e0 trottinette.<\/p>\n<p class=\"paragraph text_align_left lp-f-body-02\">Tr\u00e8s vite, les secours interviennent pour la transporter \u00e0 La Piti\u00e9-Salp\u00eatri\u00e8re o\u00f9 elle est admise avec un pronostic vital engag\u00e9. D\u2019apr\u00e8s les informations du Parisien, elle souffrait d\u2019un traumatisme cr\u00e2nien, et de plusieurs fractures, notamment au niveau de la m\u00e2choire et du bassin.<\/p>\n<p class=\"paragraph text_align_left lp-f-body-02\">Le conducteur, n\u00e9 en 1971, a de son c\u00f4t\u00e9 \u00e9t\u00e9 interpell\u00e9. Il \u00e9tait alcoolis\u00e9 au moment des faits. Il a \u00e9t\u00e9 plac\u00e9 en garde \u00e0 vue, indique ce dimanche soir le parquet de Bobigny. La jeune femme, de son c\u00f4t\u00e9 est toujours hospitalis\u00e9e mais ses jours ne sont plus en danger, pr\u00e9cise le minist\u00e8re public.<\/p>\n<p class=\"paragraph text_align_left lp-f-body-02\">Les accidents impliquant des personnes alcoolis\u00e9es sont nombreux en Ile-de-France. Paris est d\u2019ailleurs aussi <a href=\"https:\/\/www.leparisien.fr\/paris-75\/a-paris-un-quart-des-conducteurs-controles-sont-positifs-a-lalcool-un-tiers-aux-stupefiants-23-12-2024-GQP6B2E72ZFCRAGAYRCL6FYN3Q.php\" target=\"_blank\" rel=\"noreferrer nofollow noopener\">la capitale de l\u2019alcool au volant<\/a>, selon une \u00e9tude r\u00e9cente. Les chiffres de d\u00e9pistages d\u2019alcool\u00e9mie au volant y sont cinq fois plus \u00e9lev\u00e9s qu\u2019ailleurs en France. Un conducteur contr\u00f4l\u00e9 sur quatre est positif \u00e0 l\u2019alcool dans la capitale.<\/p>\n","protected":false},"excerpt":{"rendered":"Un homme a \u00e9t\u00e9 interpell\u00e9 et plac\u00e9 en garde \u00e0 vue dimanche 29 juin \u00e0 Montreuil (Seine-Saint-Denis), apr\u00e8s&hellip;\n","protected":false},"author":2,"featured_media":214616,"comment_status":"","ping_status":"","sticky":false,"template":"","format":"standard","meta":{"footnotes":""},"categories":[1888],"tags":[11,1777,674,118,1011,27,1944,12,626,25,1945],"class_list":{"0":"post-214615","1":"post","2":"type-post","3":"status-publish","4":"format-standard","5":"has-post-thumbnail","7":"category-paris","8":"tag-actualites","9":"tag-eu","10":"tag-europe","11":"tag-faits-divers","12":"tag-fr","13":"tag-france","14":"tag-ma-ville","15":"tag-news","16":"tag-paris","17":"tag-republique-francaise","18":"tag-seine-saint-denis"},"share_on_mastodon":{"url":"https:\/\/pubeurope.com\/@fr\/114769849476429408","error":""},"_links":{"self":[{"href":"https:\/\/www.europesays.com\/fr\/wp-json\/wp\/v2\/posts\/214615","targetHints":{"allow":["GET"]}}],"collection":[{"href":"https:\/\/www.europesays.com\/fr\/wp-json\/wp\/v2\/posts"}],"about":[{"href":"https:\/\/www.europesays.com\/fr\/wp-json\/wp\/v2\/types\/post"}],"author":[{"embeddable":true,"href":"https:\/\/www.europesays.com\/fr\/wp-json\/wp\/v2\/users\/2"}],"replies":[{"embeddable":true,"href":"https:\/\/www.europesays.com\/fr\/wp-json\/wp\/v2\/comments?post=214615"}],"version-history":[{"count":0,"href":"https:\/\/www.europesays.com\/fr\/wp-json\/wp\/v2\/posts\/214615\/revisions"}],"wp:featuredmedia":[{"embeddable":true,"href":"https:\/\/www.europesays.com\/fr\/wp-json\/wp\/v2\/media\/214616"}],"wp:attachment":[{"href":"https:\/\/www.europesays.com\/fr\/wp-json\/wp\/v2\/media?parent=214615"}],"wp:term":[{"taxonomy":"category","embeddable":true,"href":"https:\/\/www.europesays.com\/fr\/wp-json\/wp\/v2\/categories?post=214615"},{"taxonomy":"post_tag","embeddable":true,"href":"https:\/\/www.europesays.com\/fr\/wp-json\/wp\/v2\/tags?post=214615"}],"curies":[{"name":"wp","href":"https:\/\/api.w.org\/{rel}","templated":true}]}}