{"id":214621,"date":"2025-06-30T02:03:19","date_gmt":"2025-06-30T02:03:19","guid":{"rendered":"https:\/\/www.europesays.com\/fr\/214621\/"},"modified":"2025-06-30T02:03:19","modified_gmt":"2025-06-30T02:03:19","slug":"nouvelles-frappes-russes-et-pourparlers-dans-limpasse-2","status":"publish","type":"post","link":"https:\/\/www.europesays.com\/fr\/214621\/","title":{"rendered":"Nouvelles frappes russes et pourparlers dans l\u2019impasse"},"content":{"rendered":"<p>Vous avez rat\u00e9 les derniers \u00e9v\u00e9nements sur la <a href=\"https:\/\/www.20minutes.fr\/monde\/ukraine\/\" target=\"_blank\" class=\"color-ultramarine c-link\" rel=\"noopener\">guerre en Ukraine<\/a>\u00a0? 20 Minutes fait le point pour vous tous les soirs. Voici l\u2019essentiel de ce dimanche 29\u00a0juin 2025, 1.222e jour du conflit.<\/p>\n<p>Le fait du jour<\/p>\n<p>Une dizaine de personnes ont \u00e9t\u00e9 bless\u00e9es dans la nuit de samedi \u00e0 dimanche dans des frappes russes visant plusieurs r\u00e9gions d\u2019Ukraine, ont rapport\u00e9 les autorit\u00e9s ukrainiennes. La <a href=\"https:\/\/www.20minutes.fr\/monde\/russie\/\" target=\"_blank\" class=\"color-ultramarine c-link\" rel=\"noopener\">Russie<\/a> poursuit ses bombardements quotidiens des villes et villages ukrainiens, comme tous les jours quasiment depuis le d\u00e9but de son invasion en f\u00e9vrier\u00a02022.<\/p>\n<\/p>\n<p>Au total, onze personnes ont \u00e9t\u00e9 bless\u00e9es, dont deux enfants, dans la r\u00e9gion de Tcherkassy (centre), a indiqu\u00e9 sur <a href=\"https:\/\/www.20minutes.fr\/high-tech\/telegram\/\" target=\"_blank\" class=\"color-ultramarine c-link\" rel=\"noopener\">Telegram <\/a>le gouverneur r\u00e9gional, Igor Tabourets. Dans la r\u00e9gion d\u2019Ivano-Frankivsk, dans l\u2019ouest du pays, tr\u00e8s loin du front, une femme a, elle aussi, \u00e9t\u00e9 bless\u00e9e et hospitalis\u00e9e, selon la responsable r\u00e9gionale, Svitlana Onychtchouk.<\/p>\n<p>La d\u00e9claration du jour<\/p>\n<blockquote class=\"mx-m@xs mx-xxl@md color-ultramarine c-citation\">\n<p class=\"font-weight-regular@xs text-italic font-source-serif-pro text-l@xs c-citation__content\">\u00ab\u00a0\u00ab\u00a0Poutine a d\u00e9cid\u00e9 depuis longtemps de poursuivre la guerre\u00a0\u00bb\u00a0\u00bb<\/p>\n<\/blockquote>\n<p>Le pr\u00e9sident ruse <a href=\"https:\/\/www.20minutes.fr\/monde\/vladimir_poutine\/\" target=\"_blank\" class=\"color-ultramarine c-link\" rel=\"noopener\">Vladimir \u00ab\u00a0Poutine<\/a> a d\u00e9cid\u00e9 depuis longtemps de poursuivre la guerre\u00a0\u00bb, a d\u00e9plor\u00e9 <a href=\"https:\/\/www.20minutes.fr\/monde\/volodymyr-zelensky\/\" target=\"_blank\" class=\"color-ultramarine c-link\" rel=\"noopener\">Volodymyr Zelensky<\/a>. \u00ab\u00a0L\u2019Ukraine doit renforcer sa d\u00e9fense a\u00e9rienne\u00a0\u00bb, a ajout\u00e9 le pr\u00e9sident ukrainien, se disant une nouvelle fois \u00ab\u00a0pr\u00eat \u00e0 acheter\u00a0\u00bb des syst\u00e8mes am\u00e9ricains Patriots.<\/p>\n<p><a href=\"https:\/\/www.20minutes.fr\/dossier\/donald_trump\" target=\"_blank\" class=\"color-ultramarine c-link\" rel=\"noopener\">Donald Trump<\/a>, qui s\u2019est rapproch\u00e9 de son homologue russe depuis f\u00e9vrier, n\u2019a, pour le moment, pas r\u00e9pondu favorablement \u00e0 cette demande de Kiev.<\/p>\n<p>Le chiffre du jour<\/p>\n<p>477. C\u2019est le nombre de drones explosifs tir\u00e9s par la Russie dans la nuit a ainsi que 60 missiles de plusieurs types, selon l\u2019arm\u00e9e de l\u2019air ukrainienne. Cette derni\u00e8re a assur\u00e9 en avoir neutralis\u00e9 respectivement 475 et 39.<\/p>\n<p>La tendance<\/p>\n<p>Volodymyr Zelensky a sign\u00e9 dimanche un d\u00e9cret en vue d\u2019un retrait de l\u2019Ukraine de la convention internationale interdisant les mines antipersonnel, dite \u00ab\u00a0d\u2019Ottawa\u00a0\u00bb, apr\u00e8s plus de trois ans d\u2019invasion de la Russie, qui utilise, elle, ces charges explosives.<\/p>\n<p><a href=\"https:\/\/www.20minutes.fr\/monde\/ukraine\/\" target=\"_blank\" class=\"c-link c-btn c-btn--primary\" rel=\"noopener\">Nos articles sur la guerre en Ukraine<\/a><\/p>\n<p>Il reste toutefois plusieurs \u00e9tapes avant un retrait effectif\u00a0: que le parlement ukrainien, la Rada, vote en faveur d\u2019une telle d\u00e9cision, et que Kiev notifie ensuite l\u2019<a href=\"https:\/\/www.20minutes.fr\/monde\/onu\/\" target=\"_blank\" class=\"color-ultramarine c-link\" rel=\"noopener\">ONU<\/a>. Le minist\u00e8re ukrainien des Affaires \u00e9trang\u00e8res a qualifi\u00e9 dans un communiqu\u00e9 la mesure de \u00ab\u00a0difficile\u00a0\u00bb mais \u00ab\u00a0n\u00e9cessaire et proportionn\u00e9e\u00a0\u00bb au regard de \u00ab\u00a0la priorit\u00e9 absolue qui est de d\u00e9fendre notre \u00c9tat contre l\u2019agression brutale de la Russie\u00a0\u00bb.<\/p>\n","protected":false},"excerpt":{"rendered":"Vous avez rat\u00e9 les derniers \u00e9v\u00e9nements sur la guerre en Ukraine\u00a0? 20 Minutes fait le point pour vous&hellip;\n","protected":false},"author":2,"featured_media":214622,"comment_status":"","ping_status":"","sticky":false,"template":"","format":"standard","meta":{"footnotes":""},"categories":[1590],"tags":[47,11,1777,674,131,74,12,3521,132,220,135,134],"class_list":{"0":"post-214621","1":"post","2":"type-post","3":"status-publish","4":"format-standard","5":"has-post-thumbnail","7":"category-ukraine","8":"tag-actualite","9":"tag-actualites","10":"tag-eu","11":"tag-europe","12":"tag-guerre-en-ukraine","13":"tag-monde","14":"tag-news","15":"tag-onu","16":"tag-russie","17":"tag-ukraine","18":"tag-vladimir-poutine","19":"tag-volodymyr-zelensky"},"share_on_mastodon":{"url":"https:\/\/pubeurope.com\/@fr\/114769861328984516","error":""},"_links":{"self":[{"href":"https:\/\/www.europesays.com\/fr\/wp-json\/wp\/v2\/posts\/214621","targetHints":{"allow":["GET"]}}],"collection":[{"href":"https:\/\/www.europesays.com\/fr\/wp-json\/wp\/v2\/posts"}],"about":[{"href":"https:\/\/www.europesays.com\/fr\/wp-json\/wp\/v2\/types\/post"}],"author":[{"embeddable":true,"href":"https:\/\/www.europesays.com\/fr\/wp-json\/wp\/v2\/users\/2"}],"replies":[{"embeddable":true,"href":"https:\/\/www.europesays.com\/fr\/wp-json\/wp\/v2\/comments?post=214621"}],"version-history":[{"count":0,"href":"https:\/\/www.europesays.com\/fr\/wp-json\/wp\/v2\/posts\/214621\/revisions"}],"wp:featuredmedia":[{"embeddable":true,"href":"https:\/\/www.europesays.com\/fr\/wp-json\/wp\/v2\/media\/214622"}],"wp:attachment":[{"href":"https:\/\/www.europesays.com\/fr\/wp-json\/wp\/v2\/media?parent=214621"}],"wp:term":[{"taxonomy":"category","embeddable":true,"href":"https:\/\/www.europesays.com\/fr\/wp-json\/wp\/v2\/categories?post=214621"},{"taxonomy":"post_tag","embeddable":true,"href":"https:\/\/www.europesays.com\/fr\/wp-json\/wp\/v2\/tags?post=214621"}],"curies":[{"name":"wp","href":"https:\/\/api.w.org\/{rel}","templated":true}]}}