{"id":214650,"date":"2025-06-30T02:21:10","date_gmt":"2025-06-30T02:21:10","guid":{"rendered":"https:\/\/www.europesays.com\/fr\/214650\/"},"modified":"2025-06-30T02:21:10","modified_gmt":"2025-06-30T02:21:10","slug":"un-cable-retenant-sa-cadillac-cede-la-star-frole-la-catastrophe-lors-de-son-concert-a-houston","status":"publish","type":"post","link":"https:\/\/www.europesays.com\/fr\/214650\/","title":{"rendered":"un c\u00e2ble retenant sa Cadillac c\u00e8de, la star fr\u00f4le la catastrophe lors de son concert \u00e0 Houston"},"content":{"rendered":"<p class=\"article-p mdl\">Le <strong>concert de Beyonc\u00e9 a failli se transformer en drame<\/strong>. Samedi 28 juin, la star internationale se produisait chez elle \u00e0 Houston, au Texas, lors du premier concert \u00e9tats-unien de sa tourn\u00e9e Cowboy Carter.\u00a0<\/p>\n<p class=\"article-p mdl\">Au moment d&rsquo;entonner 16 Carriages, Beyonc\u00e9, qui se trouvait \u00e0 bord d&rsquo;une Cadillac rouge suspendue au-dessus du public du NRG Stadium, s&rsquo;arr\u00eate net. <strong>Un des c\u00e2bles retenant la d\u00e9capotable orn\u00e9e d&rsquo;un drapeau am\u00e9ricain a c\u00e9d\u00e9.\u00a0<\/strong><\/p>\n<p class=\"article-p mdl\">\u00ab\u00a0Stop, stop, stop !\u00a0\u00bb, lance alors la chanteuse. En bas, le public ne met pas longtemps \u00e0 se rendre compte du probl\u00e8me. Queen B, qui attendait alors que les techniciens viennent la secourir, tente de d\u00e9dramatiser : <strong>\u00ab\u00a0Si jamais je tombe, je sais que vous me rattraperez\u00a0\u00bb<\/strong>, assure-t-elle au public, dans un calme olympien.<\/p>\n<p class=\"article-p mdl\">La sc\u00e8ne, film\u00e9e par de nombreuses personnes pr\u00e9sentes ce soir-l\u00e0, est <strong>massivement relay\u00e9e sur les r\u00e9seaux sociaux<\/strong>.<\/p>\n<blockquote class=\"twitter-tweet\">\n<p lang=\"en\" dir=\"ltr\">Beyonc\u00e9 was safely lowered after her flying car unexpectedly tilted mid-air at the Cowboy Carter tour in Houston while performing \u201816 CARRIAGES.\u2019 <a href=\"https:\/\/t.co\/FOgl9DIfFR\" rel=\"nofollow\">pic.twitter.com\/FOgl9DIfFR<\/a><\/p>\n<p>\u2014 Pop Base (@PopBase) <a href=\"https:\/\/twitter.com\/PopBase\/status\/1939168532077707629?ref_src=twsrc%5Etfw\" rel=\"nofollow noopener\" target=\"_blank\">June 29, 2025<\/a><\/p><\/blockquote>\n<blockquote class=\"twitter-tweet\">\n<p lang=\"en\" dir=\"ltr\">beyonc\u00e9 is professional af because how are you all smiles while dangling over your fans like djdjsjsj MOTHER\ud83d\ude2d\ud83d\ude2d\ud83d\ude2d <a href=\"https:\/\/t.co\/ZdgzQaym8Q\" rel=\"nofollow\">pic.twitter.com\/ZdgzQaym8Q<\/a><\/p>\n<p>\u2014 \ud835\uddf1\ud835\uddee\ud835\uddfb\ud835\uddfb\ud835\ude06\ud83e\udee7\ud83d\udc9a (@beyoncegarden) <a href=\"https:\/\/twitter.com\/beyoncegarden\/status\/1939172490460139589?ref_src=twsrc%5Etfw\" rel=\"nofollow noopener\" target=\"_blank\">June 29, 2025<\/a><\/p><\/blockquote>\n<p class=\"article-p mdl\">La Cadillac a \u00e9t\u00e9 redescendue vers la sc\u00e8ne, sans qu&rsquo;aucun accident ne vienne perturber davantage le concert.<strong> \u00ab\u00a0Je veux vous remercier tous de m&rsquo;aimer\u00a0\u00bb<\/strong>, a d\u00e9clar\u00e9 Beyonc\u00e9 une fois de retour sur la terre ferme.<\/p>\n<p class=\"article-p mdl\">Pas rancuni\u00e8re, elle a ensuite post\u00e9 une s\u00e9rie\u00a0de photos du concert sur son compte Instagram, accompagn\u00e9e d&rsquo;un sobre <strong>\u00ab\u00a0I love you, Houston\u00a0\u00bb<\/strong>.<\/p>\n<p class=\"article-p mdl\">Avant sa tourn\u00e9e aux \u00c9tats-Unis, Beyonc\u00e9 a donn\u00e9\u00a0<a class=\"link\" href=\"https:\/\/www.rtl.fr\/culture\/musique\/beyonce-au-stade-de-france-show-grandiose-et-engage-avec-miley-cyrus-en-invitee-surprise-7900517651\" target=\"_blank\" rel=\"nofollow noopener\"><strong>trois concerts au Stade de France<\/strong><\/a>. Des shows \u00e0 l&rsquo;am\u00e9ricaine sur fond de western, avec une mise en sc\u00e8ne spectaculaire et des chor\u00e9graphies endiabl\u00e9es. Au total, plus de 240.000 personnes ont pu voir Queen B.\u00a0<\/p>\n<p class=\"article-p mdl\">Avec cette tourn\u00e9e,\u00a0<strong><a class=\"link\" href=\"https:\/\/www.rtl.fr\/sujet\/beyonce\" rel=\"nofollow noopener\" target=\"_blank\">Beyonc\u00e9, reine de la pop,<\/a>\u00a0est\u00a0devenue une reine de la country.<\/strong>\u00a0Santiags dor\u00e9es, tenue de sh\u00e9rif \u00e0 paillettes, cuissardes \u00e0 franges, mini short en jean&#8230; et \u00e9videmment le chapeau de cowboy d\u00e9clin\u00e9 en toutes les couleurs viss\u00e9 sur un brushing impeccable. La Texane fait sa loi et a remis les pendules \u00e0 l&rsquo;heure d&rsquo;une Am\u00e9rique trop conservatrice et raciste.<\/p>\n<p>    La r\u00e9daction vous recommande<\/p>\n<p class=\"s-newsletter__title\">\n                L\u2019actualit\u00e9 par la r\u00e9daction de RTL dans votre bo\u00eete mail.\n            <\/p>\n<p class=\"s-newsletter__subtitle\">\n                Gr\u00e2ce \u00e0 votre compte RTL abonnez-vous \u00e0 la newsletter RTL info pour suivre toute l&rsquo;actualit\u00e9 au quotidien\n            <\/p>\n<p>\n                                    Lire la suite\n                                <\/p>\n<p>                            <script async src=\"https:\/\/platform.twitter.com\/widgets.js\" charset=\"utf-8\"><\/script><\/p>\n","protected":false},"excerpt":{"rendered":"Le concert de Beyonc\u00e9 a failli se transformer en drame. Samedi 28 juin, la star internationale se produisait&hellip;\n","protected":false},"author":2,"featured_media":214651,"comment_status":"","ping_status":"","sticky":false,"template":"","format":"standard","meta":{"footnotes":""},"categories":[1359],"tags":[7362,1697,58,59,73,107,1011,27,14,873,973],"class_list":{"0":"post-214650","1":"post","2":"type-post","3":"status-publish","4":"format-standard","5":"has-post-thumbnail","7":"category-people","8":"tag-beyonce","9":"tag-concert","10":"tag-divertissement","11":"tag-entertainment","12":"tag-etats-unis","13":"tag-fil-info","14":"tag-fr","15":"tag-france","16":"tag-international","17":"tag-musique","18":"tag-people"},"share_on_mastodon":{"url":"https:\/\/pubeurope.com\/@fr\/114769932079102562","error":""},"_links":{"self":[{"href":"https:\/\/www.europesays.com\/fr\/wp-json\/wp\/v2\/posts\/214650","targetHints":{"allow":["GET"]}}],"collection":[{"href":"https:\/\/www.europesays.com\/fr\/wp-json\/wp\/v2\/posts"}],"about":[{"href":"https:\/\/www.europesays.com\/fr\/wp-json\/wp\/v2\/types\/post"}],"author":[{"embeddable":true,"href":"https:\/\/www.europesays.com\/fr\/wp-json\/wp\/v2\/users\/2"}],"replies":[{"embeddable":true,"href":"https:\/\/www.europesays.com\/fr\/wp-json\/wp\/v2\/comments?post=214650"}],"version-history":[{"count":0,"href":"https:\/\/www.europesays.com\/fr\/wp-json\/wp\/v2\/posts\/214650\/revisions"}],"wp:featuredmedia":[{"embeddable":true,"href":"https:\/\/www.europesays.com\/fr\/wp-json\/wp\/v2\/media\/214651"}],"wp:attachment":[{"href":"https:\/\/www.europesays.com\/fr\/wp-json\/wp\/v2\/media?parent=214650"}],"wp:term":[{"taxonomy":"category","embeddable":true,"href":"https:\/\/www.europesays.com\/fr\/wp-json\/wp\/v2\/categories?post=214650"},{"taxonomy":"post_tag","embeddable":true,"href":"https:\/\/www.europesays.com\/fr\/wp-json\/wp\/v2\/tags?post=214650"}],"curies":[{"name":"wp","href":"https:\/\/api.w.org\/{rel}","templated":true}]}}