{"id":214664,"date":"2025-06-30T02:30:23","date_gmt":"2025-06-30T02:30:23","guid":{"rendered":"https:\/\/www.europesays.com\/fr\/214664\/"},"modified":"2025-06-30T02:30:23","modified_gmt":"2025-06-30T02:30:23","slug":"super-prix-des-soldes-pour-ce-laptop-acer-de-14-avec-ecran-oled-propulse-par-ia","status":"publish","type":"post","link":"https:\/\/www.europesays.com\/fr\/214664\/","title":{"rendered":"Super prix des soldes pour ce laptop Acer de 14&Prime; avec \u00e9cran OLED, propuls\u00e9 par IA"},"content":{"rendered":"<p>\u00c0 la recherche d\u2019un Ultrabook compact, intelligent, bien fini et qui ne co\u00fbte pas un bras ? Bingo. L\u2019Acer Aspire 14 AI est boost\u00e9 \u00e0 l\u2019Intel Core Ultra 5, embarque Copilot+, et profite d\u00e9j\u00e0 d\u2019une belle promo pour les soldes d\u2019\u00e9t\u00e9. Un 14 pouces OLED, 16 Go de RAM, 512 Go de SSD. Darty lance l\u2019offensive pour les soldes, le laptop passe 799,99 euros \u00e0 699 euros.<\/p>\n<p><a href=\"https:\/\/images.frandroid.com\/wp-content\/uploads\/2025\/06\/acer-aspire-14-a14-52m-soldes-ete-frandroid.jpg\" target=\"_blank\" class=\"article-content__figure\" rel=\"noopener\"><img fetchpriority=\"high\" decoding=\"async\" loading=\"eager\" width=\"1200\" height=\"799\" src=\"https:\/\/www.europesays.com\/fr\/wp-content\/uploads\/2025\/06\/acer-aspire-14-a14-52m-soldes-ete-frandroid.jpg\" alt=\"\" class=\"wp-image-2711165 wp-image wp-image\"  \/><\/a><\/p>\n<p>L\u2019arriv\u00e9e des PC Copilot+ change la donne avec beaucoup de nouvelles fonctionnalit\u00e9s IA embarqu\u00e9es, d\u2019un OS qui anticipe les besoins, et d\u2019une autonomie s\u00e9rieusement revue \u00e0 la hausse. Et Acer ne s\u2019est pas content\u00e9 de coller une \u00e9tiquette : le ch\u00e2ssis est propre, l\u2019\u00e9cran OLED est sublime, et sous le capot, Intel Arc pousse m\u00eame un peu en graphisme. Bref, un ultrabook r\u00e9actif, endurant et fut\u00e9, qui en fait plus. Les soldes d\u2019\u00e9t\u00e9 viennent seulement de commencer et Darty propose une <a href=\"https:\/\/shop.frandroid.com\/2x6g7bet\" data-type=\"link\" data-id=\"https:\/\/www.darty.com\/nav\/achat\/informatique\/ordinateur_portable-portable\/portable\/acer_aspire_a14_u5_16_1.html\" target=\"_blank\" rel=\"noreferrer noopener affiliate nofollow\" data-gtm=\"{&quot;event&quot;:&quot;afficlic&quot;,&quot;nom_marchand&quot;:&quot;darty&quot;,&quot;nom_produit&quot;:&quot;inconnu&quot;,&quot;categorie_produit&quot;:&quot;inconnu&quot;,&quot;module_produit&quot;:&quot;editolink&quot;,&quot;position_marchand&quot;:0,&quot;texte&quot;:&quot;belle-ristourne-de-100-euros-pour-ce-pc-portable-dopee-a-l-ia&quot;,&quot;offer_url&quot;:&quot;https:\/\/shop.frandroid.com\/2x6g7bet&quot;,&quot;zone&quot;:&quot;contenu-page&quot;}\">belle ristourne de 100 euros pour ce PC portable dop\u00e9e \u00e0 l\u2019IA<\/a>.<\/p>\n<p>Les points forts de l\u2019Acer 14 AI A14-52M<\/p>\n<ul class=\"wp-block-list\">\n<li>Un \u00c9cran OLED WQXGA de 14 pouces<\/li>\n<li>Un processeur Intel Core Ultra 5 avec l\u2019IA Copilot + d\u2019int\u00e9gr\u00e9e <\/li>\n<li>Un combo 16 Go de RAM et SSD 512 Go<\/li>\n<\/ul>\n<p>Au lieu de 799,99 euros, l\u2019Acer 14 AI A14-52M est <a href=\"https:\/\/shop.frandroid.com\/2x6g7bet\" data-type=\"link\" data-id=\"https:\/\/www.darty.com\/nav\/achat\/informatique\/ordinateur_portable-portable\/portable\/acer_aspire_a14_u5_16_1.html\" target=\"_blank\" rel=\"noreferrer noopener affiliate nofollow\" data-gtm=\"{&quot;event&quot;:&quot;afficlic&quot;,&quot;nom_marchand&quot;:&quot;darty&quot;,&quot;nom_produit&quot;:&quot;inconnu&quot;,&quot;categorie_produit&quot;:&quot;inconnu&quot;,&quot;module_produit&quot;:&quot;editolink&quot;,&quot;position_marchand&quot;:0,&quot;texte&quot;:&quot;aujourd-hui-disponible-en-promotion-a-699-euros-sur-darty&quot;,&quot;offer_url&quot;:&quot;https:\/\/shop.frandroid.com\/2x6g7bet&quot;,&quot;zone&quot;:&quot;contenu-page&quot;}\">aujourd\u2019hui disponible en promotion \u00e0 699 euros sur Darty<\/a>.<\/p>\n<p>Puissance et m\u00e9moire, Copilot+ en embuscade<\/p>\n<p>Ne pas se fier \u00e0 son design discret. Derri\u00e8re cette carapace sage, l\u2019Acer Aspire 14 AI embarque un Intel Core Ultra 5 226V, un processeur de derni\u00e8re g\u00e9n\u00e9ration capable de monter jusqu\u2019\u00e0 4,5 GHz, soutenu par 8 c\u0153urs bien align\u00e9s, et surtout un <a href=\"https:\/\/www.frandroid.com\/produits-android\/ordinateurs\/2343608_quest-ce-quun-npu-cette-nouvelle-puce-qui-sinvite-dans-votre-ordinateur-portable\" data-type=\"link\" data-id=\"https:\/\/www.frandroid.com\/produits-android\/ordinateurs\/2343608_quest-ce-quun-npu-cette-nouvelle-puce-qui-sinvite-dans-votre-ordinateur-portable\" target=\"_blank\" rel=\"noopener\">NPU d\u00e9di\u00e9 aux fonctions d\u2019intelligence artificielle<\/a>. Traduction concr\u00e8te : tout ce que Microsoft a imagin\u00e9 avec Copilot+ de la recherche <a href=\"https:\/\/www.frandroid.com\/marques\/microsoft\/2578903_la-fonctionnalite-controversee-recall-de-windows-11-arrive-pour-de-vrai-cette-fois#:~:text=Annonc%C3%A9%20en%20grandes%20pompes%20par,%C3%AAtre%20fait%20de%20leurs%20donn%C3%A9es\" data-type=\"link\" data-id=\"https:\/\/www.frandroid.com\/marques\/microsoft\/2578903_la-fonctionnalite-controversee-recall-de-windows-11-arrive-pour-de-vrai-cette-fois#:~:text=Annonc%C3%A9%20en%20grandes%20pompes%20par,%C3%AAtre%20fait%20de%20leurs%20donn%C3%A9es\" target=\"_blank\" rel=\"noopener\">contextuelle avec le controvers\u00e9 Recall<\/a>, aux effets de cam\u00e9ra optimis\u00e9s par Studio Effects.<\/p>\n<p>Le tout est parfaitement second\u00e9 par 16 Go de RAM en DDR5, un standard haut de gamme qui permet de faire tourner plusieurs applications lourdes sans provoquer de sueurs froides. Navigateur, traitement photo, visioconf\u00e9rence et fond sonore en streaming, tout tient sans ralentir. Pour le stockage, on retrouve un SSD PCIe de 512 Go, rapide comme l\u2019\u00e9clair au d\u00e9marrage, fluide \u00e0 l\u2019ouverture, r\u00e9actif \u00e0 la sauvegarde.<\/p>\n<p>Le clavier r\u00e9tro\u00e9clair\u00e9 en AZERTY est agr\u00e9able sous les doigts, bien pens\u00e9 pour les longues sessions. Le trackpad, large et pr\u00e9cis, suit la cadence. L\u2019ensemble p\u00e8se \u00e0 peine 1,5 kg : compact, transportable, et assez l\u00e9ger pour accompagner des journ\u00e9es bien remplies, ou s\u2019oublier dans un sac \u00e0 dos.<\/p>\n<p>Affichage, audio, connectique : pas de fausses notes<\/p>\n<p>Acer aurait pu jouer petit bras sur l\u2019\u00e9cran. Ce n\u2019est pas le cas. L\u2019Aspire 14 AI est \u00e9quip\u00e9 d\u2019un panneau OLED de 14 pouces, avec une r\u00e9solution WQXGA (1920\u00d71280) en format 16:10. Ce dernier d\u00e9tail change tout : plus de hauteur pour travailler confortablement, moins besoin de scroller, une meilleure gestion de l\u2019espace. L\u2019image est lumineuse, contrast\u00e9e, avec une colorim\u00e9trie percutante. Non, l\u2019\u00e9cran n\u2019est pas tactile, mais vu la qualit\u00e9 de la dalle, on ne lui en tiendra pas rigueur.<\/p>\n<p>C\u00f4t\u00e9 audio, deux haut-parleurs int\u00e9gr\u00e9s livrent un son clair et bien \u00e9quilibr\u00e9. Suffisants pour une r\u00e9union Teams, une s\u00e9rie en streaming, voire un peu de musique en fond. Rien d\u2019\u00e9poustouflant, mais rien de g\u00eanant non plus. <\/p>\n<p>La connectique est un vrai point fort. L\u00e0 o\u00f9 la concurrence coupe dans le gras, Acer fait le choix de la polyvalence avec 4 ports <a href=\"https:\/\/www.frandroid.com\/comment-faire\/comment-fonctionne-la-technologie\/391724_tout-savoir-sur-lusb-type-c-ce-nouveau-connecteur-unifie\" target=\"_blank\" rel=\"noopener\">USB Type-C<\/a> (\u00e7a laisse de la marge pour brancher tout ce petit monde), 1 port HDMI, pour connecter facilement un \u00e9cran secondaire ou un vid\u00e9oprojecteur,Wi-Fi 6E pour des connexions rapides, Bluetooth 5.3 pour une compatibilit\u00e9 moderne.<\/p>\n<p>Afin de comparer l\u2019Acer Aspire 14 AI A14-52M avec d\u2019autres produits de la m\u00eame cat\u00e9gorie, nous vous invitons d\u00e8s maintenant \u00e0 consulter <a href=\"https:\/\/www.frandroid.com\/guide-dachat\/638396_quels-sont-les-meilleurs-pc-portables-a-moins-de-1000-euros-en-2019\" data-type=\"link\" data-id=\"https:\/\/www.frandroid.com\/guide-dachat\/638396_quels-sont-les-meilleurs-pc-portables-a-moins-de-1000-euros-en-2019\" target=\"_blank\" rel=\"noopener\">notre guide sur les meilleurs PC portables \u00e0 moins de 1000 euros du moment<\/a>.<\/p>\n<p>Les Soldes d\u2019\u00e9t\u00e9 2025 avec Frandroid<\/p>\n<p>Jusqu\u2019au 22 juillet prochain, ce sont <a href=\"https:\/\/www.frandroid.com\/bons-plans\/2710589_soldes-en-direct-le-top-15-des-offres-tech-a-ne-pas-rater-cet-ete\" target=\"_blank\" rel=\"noreferrer noopener\">les soldes d\u2019\u00e9t\u00e9 en France<\/a>. En cette occasion, la r\u00e9daction de Frandroid met \u00e0 votre service son expertise en mati\u00e8re de nouvelles technologies pour vous aider \u00e0 faire votre choix dans votre prochain achat Tech \u00e0 prix r\u00e9duit. Il y a plusieurs articles avec diff\u00e9rentes th\u00e9matiques, \u00e0 vous de choisir :<\/p>\n<p>Et pour \u00eatre s\u00fbr de ne manquer aucun bon plan de l\u2019\u00e9dition 2025 des soldes d\u2019\u00e9t\u00e9, vous pouvez aussi : <\/p>\n<ul class=\"wp-block-list\">\n<li>Nous suivre sur notre compte X\u00a0<a href=\"https:\/\/twitter.com\/FrandroidPromos\" target=\"_blank\" rel=\"noopener noreferrer\">@FrandroidPromos<\/a> uniquement d\u00e9di\u00e9 aux bons plans (pensez \u00e0 activer la cloche pour recevoir les notifications en temps r\u00e9el)<\/li>\n<li>\n<a href=\"https:\/\/whatsapp.com\/channel\/0029VabYxm5LI8YhSlD8xc05\" target=\"_blank\" rel=\"noopener\">Rejoindre notre canal WhatsApp<\/a> pour recevoir une fois par jour un condens\u00e9 des meilleures offres<\/li>\n<li>T\u00e9l\u00e9charger notre <a href=\"https:\/\/www.frandroid.com\/telecharger\/apps\/frandroid\" target=\"_blank\" rel=\"noopener\">application Frandroid<\/a> (disponible sur iOS et Android) pour activer les notifications de la cat\u00e9gorie \u00ab Bons Plans \u00bb et ainsi recevoir en temps r\u00e9el les nouveaux articles li\u00e9s aux soldes d\u2019\u00e9t\u00e9 2025<\/li>\n<li>S\u2019abonner \u00e0 notre newsletter pour \u00eatre s\u00fbr de recevoir les offres en avant-premi\u00e8re (pas plus d\u2019un mail par jour, d\u00e9sinscription en 1 clic, aucune diffusion \u00e0 des tiers) :<\/li>\n<\/ul>\n<p class=\"newsletter-form__title is-size-6 is-size-7-mobile is-uppercase has-text-good-deals has-text-weight-semibold mb-4 px-5\">Frandroid Bons plans<\/p>\n<p class=\"has-text-centered-tablet newsletter-form__subtitle is-size-4 has-text-weight-bold has-text-primary column is-9-tablet is-10-mobile\">\n                C\u2019est enregistr\u00e9 ! Surveillez votre bo\u00eete aux lettres, vous allez entendre parler de nous\u00a0!\n            <\/p>\n<p class=\"newsletter-form__subtitle is-size-4 has-text-weight-bold has-text-gradient-pink\">Ne manquez aucun bon plan avec notre newsletter<\/p>\n<p class=\"is-size-7\">\n                Les donn\u00e9es transmises par le biais de ce formulaire sont destin\u00e9es \u00e0 Humanoid,<br \/>\n                soci\u00e9t\u00e9 \u00e9ditrice du site Frandroid en sa qualit\u00e9 de responsable de traitement.<br \/>\n                Elles ne seront en aucun cas c\u00e9d\u00e9es \u00e0 des tiers. Ces donn\u00e9es sont trait\u00e9es sous r\u00e9serve d\u2019obtention de<br \/>\n                votre consentement pour vous envoyer par e-mail des actualit\u00e9s et informations relatives aux contenus<br \/>\n                \u00e9ditoriaux publi\u00e9s sur Frandroid. Vous pouvez vous opposer \u00e0 tout moment \u00e0 ces e-mails<br \/>\n                en cliquant sur les liens de d\u00e9sinscriptions pr\u00e9sents dans chacun d\u2019eux. Pour plus d\u2019informations, vous<br \/>\n                pouvez consulter l\u2019int\u00e9gralit\u00e9 de notre <a href=\"https:\/\/www.frandroid.com\/politique-donnees-personnelles\" target=\"_blank\" rel=\"noopener\"><br \/>\n                politique de traitement de vos donn\u00e9es personnelles<\/a>.<br \/>\n                Vous disposez d\u2019un droit d\u2019acc\u00e8s, de rectification, d\u2019effacement, de limitation, de portabilit\u00e9 et<br \/>\n                d\u2019opposition pour motif l\u00e9gitime aux donn\u00e9es personnelles vous concernant. Pour exercer l\u2019un de ces droits,<br \/>\n                merci d\u2019effectuer votre demande via notre <a href=\"https:\/\/www.frandroid.com\/contact\/#RGPD\" target=\"_blank\" rel=\"noopener\">formulaire<br \/>\n                de demandes d\u2019exercices de droits d\u00e9di\u00e9<\/a>.\n            <\/p>\n<p>Envie de rejoindre une communaut\u00e9 de passionn\u00e9s ? <a href=\"https:\/\/discord.com\/invite\/frandroid-311789172149190657\" target=\"_blank\" rel=\"noopener\">Notre Discord<\/a> vous accueille, c\u2019est un lieu d\u2019entraide et de passion autour de la tech.<\/p>\n<p>            <script async src=\"https:\/\/platform.twitter.com\/widgets.js\" charset=\"utf-8\"><\/script><\/p>\n","protected":false},"excerpt":{"rendered":"\u00c0 la recherche d\u2019un Ultrabook compact, intelligent, bien fini et qui ne co\u00fbte pas un bras ? Bingo.&hellip;\n","protected":false},"author":2,"featured_media":214665,"comment_status":"","ping_status":"","sticky":false,"template":"","format":"standard","meta":{"footnotes":""},"categories":[7],"tags":[35429,943,1011,27,27068,43,40,41,39,34230,42,44],"class_list":{"0":"post-214664","1":"post","2":"type-post","3":"status-publish","4":"format-standard","5":"has-post-thumbnail","7":"category-sciences-et-technologies","8":"tag-acer","9":"tag-bons-plans-darty","10":"tag-fr","11":"tag-france","12":"tag-pc-portables-aux-meilleurs-prix","13":"tag-science","14":"tag-science-and-technology","15":"tag-sciences","16":"tag-sciences-et-technologies","17":"tag-soldes-dete-2025","18":"tag-technologies","19":"tag-technology"},"share_on_mastodon":{"url":"https:\/\/pubeurope.com\/@fr\/114769967488360179","error":""},"_links":{"self":[{"href":"https:\/\/www.europesays.com\/fr\/wp-json\/wp\/v2\/posts\/214664","targetHints":{"allow":["GET"]}}],"collection":[{"href":"https:\/\/www.europesays.com\/fr\/wp-json\/wp\/v2\/posts"}],"about":[{"href":"https:\/\/www.europesays.com\/fr\/wp-json\/wp\/v2\/types\/post"}],"author":[{"embeddable":true,"href":"https:\/\/www.europesays.com\/fr\/wp-json\/wp\/v2\/users\/2"}],"replies":[{"embeddable":true,"href":"https:\/\/www.europesays.com\/fr\/wp-json\/wp\/v2\/comments?post=214664"}],"version-history":[{"count":0,"href":"https:\/\/www.europesays.com\/fr\/wp-json\/wp\/v2\/posts\/214664\/revisions"}],"wp:featuredmedia":[{"embeddable":true,"href":"https:\/\/www.europesays.com\/fr\/wp-json\/wp\/v2\/media\/214665"}],"wp:attachment":[{"href":"https:\/\/www.europesays.com\/fr\/wp-json\/wp\/v2\/media?parent=214664"}],"wp:term":[{"taxonomy":"category","embeddable":true,"href":"https:\/\/www.europesays.com\/fr\/wp-json\/wp\/v2\/categories?post=214664"},{"taxonomy":"post_tag","embeddable":true,"href":"https:\/\/www.europesays.com\/fr\/wp-json\/wp\/v2\/tags?post=214664"}],"curies":[{"name":"wp","href":"https:\/\/api.w.org\/{rel}","templated":true}]}}