{"id":214666,"date":"2025-06-30T02:31:10","date_gmt":"2025-06-30T02:31:10","guid":{"rendered":"https:\/\/www.europesays.com\/fr\/214666\/"},"modified":"2025-06-30T02:31:10","modified_gmt":"2025-06-30T02:31:10","slug":"je-ne-suis-pas-une-femme-que-lon-fait-taire","status":"publish","type":"post","link":"https:\/\/www.europesays.com\/fr\/214666\/","title":{"rendered":"Je ne suis pas une femme que l\u2019on fait taire"},"content":{"rendered":"<p>La garden-party qu\u2019elle organisait ce dimanche \u00e0 l\u2019hippodrome de Bor\u00e9ly (8e) lui ressemble. Pas de petits fours, mais des assiettes bien remplies qui passent de table en table. Une bonne heure de retard au d\u00e9marrage sous un soleil de plomb, des parasols qui s\u2019envolent, un ventilateur-brumisateur de comp\u00e9tition lou\u00e9 pour l\u2019occasion mais sans le mode d\u2019emploi\u2026 Qu\u2019importe, les quelque 400 participants au rendez-vous \u00ab\u00a0des amis de Nora Preziosi\u00a0\u00bb ne lui en tiendront pas rigueur. Au c\u00f4t\u00e9 des familles, des avocats, des militants, l\u2019acteur Moussa Maaskri ou encore Rachid Zeroual, le patron des South Winners. \u00ab\u00a0On est l\u00e0 pour la soutenir, pour lui dire qu\u2019on est avec elle et qu\u2019elle a toute notre confiance, pose la quadrag\u00e9naire Malika, venue du 14e, avec enfants et \u00e9ventails. Encore plus avec ce qu\u2019on est en train de lui faire, c\u2019est d\u00e9gueulasse\u00a0\u00bb.<\/p>\n<p>Le 13\u00a0juin, <a href=\"https:\/\/www.laprovence.com\/article\/politique\/2442797452722115\/13-habitat-nora-preziosi-evincee-jean-marc-perrin-en-piste-pour-la-remplacer-a-la-presidence\" target=\"_blank\" rel=\"nofollow noopener\">La Provence relayait un rapport de l\u2019Agence nationale de contr\u00f4le des logements sociaux (Ancols) <\/a>concernant 13 Habitat. La gestion de Nora Preziosi, la pr\u00e9sidente du premier bailleur du d\u00e9partement, est point\u00e9e du doigt par le gendarme du logement social\u00a0: conflits d\u2019int\u00e9r\u00eats, recrutements n\u00e9buleux\u2026 On lui reproche notamment d\u2019avoir attribu\u00e9 des appartements aux membres de sa famille, dont un \u00e0 sa m\u00e8re dans le quartier des Catalans (7e).<\/p>\n<p>\u00ab\u00a0La politique des coups bas, des boules puantes\u2026\u00a0\u00bb<\/p>\n<p>Alors qu\u2019une enqu\u00eate a \u00e9t\u00e9 ouverte par le parquet de Marseille, <a href=\"https:\/\/www.laprovence.com\/article\/politique\/1101516765702914\/on-ne-me-jette-pas-comme-ca-nora-preziosi-denonce-son-depart-contraint-de-13-habitat-en-pleniere-au-departement\" target=\"_blank\" rel=\"nofollow noopener\">Nora Preziosi a d\u00e9finitivement \u00e9t\u00e9 \u00e9cart\u00e9e<\/a>, vendredi, de la pr\u00e9sidence de 13 Habitat. Alors deux jours apr\u00e8s, ce troisi\u00e8me rendez-vous des \u00ab\u00a0Amis de Nora Preziosi\u00a0\u00bb avait un parfum particulier. Celui de la contre-attaque en rangs serr\u00e9s. \u00ab\u00a0Moi je suis un ancien militant LR et il n\u2019y a qu\u2019elle qui ne m\u2019a pas d\u00e9\u00e7u\u00a0\u00bb, souffle Daniel, qui \u00e9tait d\u00e9j\u00e0 dans les rangs des supporters, <a href=\"https:\/\/www.laprovence.com\/article\/elections\/7943737234559314\/a-saint-marcel-a-marseille-nora-preziosi-compte-ses-amis-en-vue-des-municipales\" target=\"_blank\" rel=\"nofollow noopener\">en novembre dans le 14e, puis le 30\u00a0avril dernier, \u00e0 Saint-Marcel (11e).<\/a> Hier encore, la Marseillaise de Font-Vert a jou\u00e9 sa partition. Sans se forcer. Elle conna\u00eet tous les pr\u00e9noms, m\u00eame ceux des enfants dans les poussettes. Alors, elle s\u2019est \u00e0 nouveau pr\u00eat\u00e9e \u00e0 tous les selfies, \u00e0 tous les petits mots gliss\u00e9s \u00e0 l\u2019oreille, \u00e0 toutes les accolades. Et elles furent nombreuses sur le chemin qui l\u2019a men\u00e9e sur le podium, le poing lev\u00e9. Mais ce dimanche, point de Fr\u00e9d\u00e9ric Collart \u00e0 la tribune (SE) alors que le candidat d\u00e9clar\u00e9 \u00e0 la mairie de Marseille avait prononc\u00e9 un discours en son honneur en avril dernier.<\/p>\n<p>\u00ab\u00a0Je sais que la politique est rude, je sais que la femme libre que je suis d\u00e9pla\u00eet \u00e0 certains. mais je ne suis pas une femme que l\u2019on fait taire. Je refuse de c\u00e9der \u00e0 l\u2019intimidation, je ne suis pas une alimentaire de la politique, moi\u00a0!\u00a0\u00bb, lan\u00e7ait-elle \u00e0 la tribune. \u00ab\u00a0La politique des coups bas, des boules puantes, des planches savonn\u00e9es pour faire perdre et souvent dans son propre camp, cette politique ne m\u2019int\u00e9resse pas. Je peux m\u00eame vous dire que je la m\u00e9prise. Moi je n\u2019ai pas chang\u00e9 de num\u00e9ro de t\u00e9l\u00e9phone depuis\u00a02001, je ne suis pas comme les autres et je ne ressemblerai \u00e0 personne\u00a0!\u00a0\u00bb<\/p>\n<p>Une liste Nora Preziosi aux Municipales\u00a0?<\/p>\n<p>Devant ses fid\u00e8les, la conseill\u00e8re d\u00e9partementale l\u2019a redit. Malgr\u00e9 \u00ab\u00a0un assassinat politique\u00a0\u00bb, elle restera \u00ab\u00a0droite\u00a0\u00bb et compte bien peser lors des prochaines \u00e9ch\u00e9ances \u00e9lectorales. Depuis que Les amis de Nora Preziosi a bascul\u00e9 d\u2019association \u00e0 parti politique, la conseill\u00e8re municipale des 6-8 avance \u00ab\u00a0sans trembler\u00a0\u00bb, souffle un proche.<\/p>\n","protected":false},"excerpt":{"rendered":"La garden-party qu\u2019elle organisait ce dimanche \u00e0 l\u2019hippodrome de Bor\u00e9ly (8e) lui ressemble. Pas de petits fours, mais&hellip;\n","protected":false},"author":2,"featured_media":214667,"comment_status":"","ping_status":"","sticky":false,"template":"","format":"standard","meta":{"footnotes":""},"categories":[6],"tags":[17,35,33,34,35430,1011,27,4250,757,16264,5261,316,16265,758],"class_list":{"0":"post-214666","1":"post","2":"type-post","3":"status-publish","4":"format-standard","5":"has-post-thumbnail","7":"category-economie","8":"tag-17","9":"tag-business","10":"tag-economie","11":"tag-economy","12":"tag-evincee","13":"tag-fr","14":"tag-france","15":"tag-habitat","16":"tag-je","17":"tag-nora","18":"tag-pas","19":"tag-politique","20":"tag-preziosi","21":"tag-suis"},"share_on_mastodon":{"url":"https:\/\/pubeurope.com\/@fr\/114769971301939010","error":""},"_links":{"self":[{"href":"https:\/\/www.europesays.com\/fr\/wp-json\/wp\/v2\/posts\/214666","targetHints":{"allow":["GET"]}}],"collection":[{"href":"https:\/\/www.europesays.com\/fr\/wp-json\/wp\/v2\/posts"}],"about":[{"href":"https:\/\/www.europesays.com\/fr\/wp-json\/wp\/v2\/types\/post"}],"author":[{"embeddable":true,"href":"https:\/\/www.europesays.com\/fr\/wp-json\/wp\/v2\/users\/2"}],"replies":[{"embeddable":true,"href":"https:\/\/www.europesays.com\/fr\/wp-json\/wp\/v2\/comments?post=214666"}],"version-history":[{"count":0,"href":"https:\/\/www.europesays.com\/fr\/wp-json\/wp\/v2\/posts\/214666\/revisions"}],"wp:featuredmedia":[{"embeddable":true,"href":"https:\/\/www.europesays.com\/fr\/wp-json\/wp\/v2\/media\/214667"}],"wp:attachment":[{"href":"https:\/\/www.europesays.com\/fr\/wp-json\/wp\/v2\/media?parent=214666"}],"wp:term":[{"taxonomy":"category","embeddable":true,"href":"https:\/\/www.europesays.com\/fr\/wp-json\/wp\/v2\/categories?post=214666"},{"taxonomy":"post_tag","embeddable":true,"href":"https:\/\/www.europesays.com\/fr\/wp-json\/wp\/v2\/tags?post=214666"}],"curies":[{"name":"wp","href":"https:\/\/api.w.org\/{rel}","templated":true}]}}