{"id":214668,"date":"2025-06-30T02:33:18","date_gmt":"2025-06-30T02:33:18","guid":{"rendered":"https:\/\/www.europesays.com\/fr\/214668\/"},"modified":"2025-06-30T02:33:18","modified_gmt":"2025-06-30T02:33:18","slug":"ces-elus-qui-vont-decider-de-lacte-final-de-la-loi-duplomb-mediapart","status":"publish","type":"post","link":"https:\/\/www.europesays.com\/fr\/214668\/","title":{"rendered":"Ces \u00e9lus qui vont d\u00e9cider de l\u2019acte final de la loi \u00ab Duplomb \u00bb &#8211; Mediapart"},"content":{"rendered":"<ol>\n<li><a href=\"https:\/\/news.google.com\/rss\/articles\/CBMirgFBVV95cUxONEU4N3hBMXJBWE9XY1ZUbHdyT2lJRm1sXzBtT2hJTUxuNHlWT0FzcFBGc2VEdlJIdmw4LXhNZUFuT2c2U3lVT0NjSnE2Q19ZQmo5XzMxLVBITDdSMkYtVmtRZS0xakViSE9MOTc2MXBTTzl4UW9rb1NfMGJnTGV2LUxfODF4ZzhCVGlNYXlLaEZyVUhkQ3doeUZ0WWdxZUQ3Z01wSjE5NWQ0MWVfUWc?oc=5\" target=\"_blank\" rel=\"noopener\">Ces \u00e9lus qui vont d\u00e9cider de l\u2019acte final de la loi \u00ab Duplomb \u00bb<\/a>&nbsp;&nbsp;Mediapart<\/li>\n<li><a href=\"https:\/\/news.google.com\/rss\/articles\/CBMi2AFBVV95cUxNb1FlN3RkTlVWWDgtdkRuTldJQzZGcmtzcC1MazNLQUplTjZQMHpaQXBJamFaUjhrN3I0SXJZX3ZUNklCLU16V0lHZldSR1NsaWppeWVwbEQ5V2otZDVRclRockdBN29hcktqSVRjSFoweXo3Yy0wYkJITnk5VU0xSUo2ZWRVSlFDSlVTNGx1Y21YY2V6NUs2U3NXc3ZoY3M5QU5IN25Xb1FyZ2pfNWVBX0o0U3RUODBFWGlYRE5qSmtzUU9BTjdoLUpMbVFNVVlWM3p2VDJLU1c?oc=5\" target=\"_blank\" rel=\"noopener\">Des milliers d\u2019opposants \u00e0 la loi Duplomb mobilis\u00e9s ce week-end en France<\/a>&nbsp;&nbsp;Le Monde.fr<\/li>\n<li><a href=\"https:\/\/news.google.com\/rss\/articles\/CBMizwFBVV95cUxPVDl2MDZNcnN3cXZTMDlXS3ZSMnBzYS1WUkZWWGlZbFh3Yzc4dkJYQjF5bG9CYUJPRExMd2ZBWjdOWHRmeUc2MDNzZTVDY2FfSUhqekc1UVFyeF8zWUtZamkxYzc5SVoxSmNma3M5ckczZGRybFpuUnZBNkdEWmNZcEFPYUxIdm5hQk81M1FtNXBXOVNMZ1pjVlk0eWU3cllGTTUzOUVTTVlMc201a0VOaExzNngtdGpLN1VTVE9iUEhMWV9xel9DanVRRWk2aFk?oc=5\" target=\"_blank\" rel=\"noopener\">Pesticides: la d\u00e9cri\u00e9e loi Duplomb soumise \u00e0 des tractations d\u00e9cisives au Parlement<\/a>&nbsp;&nbsp;Actualit\u00e9s \u2013 Orange<\/li>\n<li><a href=\"https:\/\/news.google.com\/rss\/articles\/CBMiuwJBVV95cUxNY3JFN3RPZ09sUFE1Vy10X29MQmtCYmdFZmFFc3BQNU84Y1dHQnlSQ3p2WHhqVXNuZ0VMaGpHalpSVXF4a21yTkpJaDE5eXpsbDJXZ2tMd1ZIOU5Kb2NES25pY2pCcWNxcXYzcmo0X09fREh2aGwyUzc0WTB4UnBqRU1ubkxjczQzaXQ0RW96d0ZlVGI1cEdnVVhlSVJYZHpkd0dsZlV3QjNyOG9kYWN3RDdySWo0eXdpemdKYy1lNzFCMzBwa3NPU3FQOFNJS2tIU3NHTXBhTnZnZi1LRnpiMkg4TlhmendQdGtoU2lFU296cFIxZkFoeUhBbVczejJqRjhTcUw4SzNyWW0wYldOREFJempsd3k0bEs3V0ZwMGFtZjY5elRiWTB2N2M2TXQ4Z1JTU3l4Nk44V1U?oc=5\" target=\"_blank\" rel=\"noopener\">\u00ab\u00a0Ils veulent continuer \u00e0 nous empoisonner\u00a0\u00bb : plusieurs centaines de manifestants au Puy-en-Velay pour d\u00e9noncer la loi Duplomb<\/a>&nbsp;&nbsp;France 3 R\u00e9gions<\/li>\n<li><a href=\"https:\/\/news.google.com\/rss\/articles\/CBMiigJBVV95cUxOQTI4al9HN1pRczFzalNSOWFLTk1xbVlLNDNmajNRLW9jdmpKdFo0eDFZZzlUejFTdzlJelc5VUhiSmprMmNoMG4zbEY4ZUxFaWhHQ2R0U3NJUktQYTZRZmRjSDZDeTVvLUQ4c3JDaGh1aVdTdmVPVlNXS3d3QWxlV2RYdVVVdkplYWp1ZFJkMUFpcnZQQWtDSzg1aU15NmFYc2J3RHhlYi1CdUdrRlFBek9NQ2RWTUhldDBZM252cW9ueVg2NGRvT095Wks4SWU0Vk1ycnBiMXI2Y1ozVW91SUVKU1V3cl9wSU8wbmZCSld1SkR0VTBvbDlsd2VXRGhFNUpKblpwS0Zqdw?oc=5\" target=\"_blank\" rel=\"noopener\">\u00ab Je veux un salaire, pas un cancer \u00bb : paysans et apiculteurs contre \u00ab l\u2019empoisonnement du vivant \u00bb<\/a>&nbsp;&nbsp;Ouest-France<\/li>\n<\/ol>\n","protected":false},"excerpt":{"rendered":"Ces \u00e9lus qui vont d\u00e9cider de l\u2019acte final de la loi \u00ab Duplomb \u00bb&nbsp;&nbsp;Mediapart Des milliers d\u2019opposants \u00e0&hellip;\n","protected":false},"author":2,"featured_media":214669,"comment_status":"","ping_status":"","sticky":false,"template":"","format":"standard","meta":{"footnotes":""},"categories":[4],"tags":[11,35431,24728,1011,27,25756,12,2091,25],"class_list":{"0":"post-214668","1":"post","2":"type-post","3":"status-publish","4":"format-standard","5":"has-post-thumbnail","7":"category-france","8":"tag-actualites","9":"tag-agriculture-et-alimentation","10":"tag-fnsea","11":"tag-fr","12":"tag-france","13":"tag-neonicotinoides","14":"tag-news","15":"tag-pesticides","16":"tag-republique-francaise"},"share_on_mastodon":{"url":"https:\/\/pubeurope.com\/@fr\/114769979184776953","error":""},"_links":{"self":[{"href":"https:\/\/www.europesays.com\/fr\/wp-json\/wp\/v2\/posts\/214668","targetHints":{"allow":["GET"]}}],"collection":[{"href":"https:\/\/www.europesays.com\/fr\/wp-json\/wp\/v2\/posts"}],"about":[{"href":"https:\/\/www.europesays.com\/fr\/wp-json\/wp\/v2\/types\/post"}],"author":[{"embeddable":true,"href":"https:\/\/www.europesays.com\/fr\/wp-json\/wp\/v2\/users\/2"}],"replies":[{"embeddable":true,"href":"https:\/\/www.europesays.com\/fr\/wp-json\/wp\/v2\/comments?post=214668"}],"version-history":[{"count":0,"href":"https:\/\/www.europesays.com\/fr\/wp-json\/wp\/v2\/posts\/214668\/revisions"}],"wp:featuredmedia":[{"embeddable":true,"href":"https:\/\/www.europesays.com\/fr\/wp-json\/wp\/v2\/media\/214669"}],"wp:attachment":[{"href":"https:\/\/www.europesays.com\/fr\/wp-json\/wp\/v2\/media?parent=214668"}],"wp:term":[{"taxonomy":"category","embeddable":true,"href":"https:\/\/www.europesays.com\/fr\/wp-json\/wp\/v2\/categories?post=214668"},{"taxonomy":"post_tag","embeddable":true,"href":"https:\/\/www.europesays.com\/fr\/wp-json\/wp\/v2\/tags?post=214668"}],"curies":[{"name":"wp","href":"https:\/\/api.w.org\/{rel}","templated":true}]}}