{"id":214672,"date":"2025-06-30T02:35:09","date_gmt":"2025-06-30T02:35:09","guid":{"rendered":"https:\/\/www.europesays.com\/fr\/214672\/"},"modified":"2025-06-30T02:35:09","modified_gmt":"2025-06-30T02:35:09","slug":"foire-de-saint-etienne-2025-lirlande-a-lhonneur-pour-doper-leconomie-locale","status":"publish","type":"post","link":"https:\/\/www.europesays.com\/fr\/214672\/","title":{"rendered":"FOIRE DE SAINT-\u00c9TIENNE 2025 : L&rsquo;IRLANDE \u00c0 L&rsquo;HONNEUR POUR DOPER L&rsquo;\u00c9CONOMIE LOCALE"},"content":{"rendered":"<p>Cette manifestation \u00e9conomique majeure confirme son ancrage territorial avec 51% d\u2019exposants lig\u00e9riens et 76% originaires d\u2019Auvergne-Rh\u00f4ne-Alpes, transformant l\u2019\u00e9v\u00e9nement en v\u00e9ritable locomotive pour le tissu \u00e9conomique r\u00e9gional. Cette concentration g\u00e9ographique illustre parfaitement la vocation de plateforme commerciale locale de cette Foire embl\u00e9matique.<\/p>\n<p>Rendez-vous incontournable du 19 au 29 septembre<\/p>\n<p>L\u2019organisation s\u2019articule autour de secteurs porteurs : Habitat &amp; Jardin, Village du Savoir-Faire, Tourisme, Sport et Loisirs, auxquels s\u2019ajoute une nouveaut\u00e9 prometteuse d\u00e9di\u00e9e \u00e0 la mode, beaut\u00e9 et bien-\u00eatre. Cette diversification r\u00e9pond aux \u00e9volutions des attentes consommateurs tout en \u00e9largissant les opportunit\u00e9s commerciales. Le Village du Savoir-Faire m\u00e9rite une attention particuli\u00e8re, mettant en lumi\u00e8re l\u2019artisanat local et les comp\u00e9tences territoriales sp\u00e9cifiques qui font la richesse du patrimoine \u00e9conomique lig\u00e9rien.<\/p>\n<p>Tremplin de d\u00e9veloppement pour les entreprises<\/p>\n<p>Cette \u00e9dition 2025 d\u00e9passe la simple logique d\u2019exposition en proposant un v\u00e9ritable \u00e9cosyst\u00e8me de d\u00e9veloppement commercial. Les entreprises participantes b\u00e9n\u00e9ficient d\u2019une vitrine exceptionnelle pour tester leurs innovations, \u00e9largir leur client\u00e8le et nouer des partenariats strat\u00e9giques. L\u2019\u00e9v\u00e9nement fonctionne comme un acc\u00e9l\u00e9rateur de business, particuli\u00e8rement pr\u00e9cieux pour les PME locales en qu\u00eate de visibilit\u00e9 et de nouvelles opportunit\u00e9s.<\/p>\n<p>Espaces BtoB pour favoriser les synergies<\/p>\n<p>Au-del\u00e0 de l\u2019exposition grand public, la Foire met \u00e0 disposition des espaces privatisables pour \u00e9v\u00e9nements professionnels. Ces facilit\u00e9s permettent d\u2019organiser r\u00e9unions, cocktails networking et rencontres commerciales dans un cadre propice aux \u00e9changes.<\/p>\n<p>Cette dimension professionnelle transforme la Foire en v\u00e9ritable hub d\u2019affaires temporaire, favorisant les synergies entre acteurs \u00e9conomiques de l\u2019agglom\u00e9ration et du d\u00e9partement.<\/p>\n<p>Gastronomie locale \u00e0 l\u2019honneur<\/p>\n<p>La cr\u00e9ation d\u2019une Halle Gourmande consid\u00e9rablement agrandie et l\u2019ajout d\u2019un espace Guinguette t\u00e9moignent de l\u2019importance accord\u00e9e aux m\u00e9tiers de bouche. Producteurs, vignerons, fromagers, brasseurs et artisans culinaires disposent ainsi d\u2019une sc\u00e8ne privil\u00e9gi\u00e9e pour pr\u00e9senter leur savoir-faire.<\/p>\n<p>Ces espaces de d\u00e9gustation cr\u00e9ent une exp\u00e9rience gustative authentique qui valorise le terroir lig\u00e9rien et rh\u00f4nalpin aupr\u00e8s d\u2019un public \u00e9largi.<\/p>\n<p>Immersion irlandaise sur 1 000 m\u00b2<\/p>\n<p>L\u2019exposition th\u00e9matique consacr\u00e9e \u00e0 l\u2019Irlande constitue l\u2019attraction majeure de cette \u00e9dition. Sur pr\u00e8s de 1 000 m\u00e8tres carr\u00e9s, l\u00e9gendes celtiques, univers fantastiques et animations musicales cr\u00e9ent une exp\u00e9rience immersive totale.<\/p>\n<p>Cette sc\u00e9nographie ambitieuse renforce l\u2019attractivit\u00e9 de l\u2019\u00e9v\u00e9nement tout en participant au rayonnement touristique et culturel de Saint-\u00c9tienne sur la sc\u00e8ne r\u00e9gionale.<\/p>\n<p>Innovation dans la continuit\u00e9<\/p>\n<p>L\u2019introduction du secteur mode-beaut\u00e9-bien-\u00eatre illustre la capacit\u00e9 d\u2019adaptation de la Foire aux tendances contemporaines. Cette diversification strat\u00e9gique \u00e9largit le spectre des exposants potentiels tout en r\u00e9pondant aux pr\u00e9occupations actuelles des consommateurs.<\/p>\n<p>Cette \u00e9volution t\u00e9moigne de la vitalit\u00e9 d\u2019un \u00e9v\u00e9nement qui se renouvelle sans renier ses fondamentaux \u00e9conomiques et territoriaux.<\/p>\n<p>Plateforme de rencontres privil\u00e9gi\u00e9e<\/p>\n<p>La force de la Foire r\u00e9side dans sa capacit\u00e9 \u00e0 cr\u00e9er du lien direct entre professionnels et grand public. Cette proximit\u00e9 facilite la d\u00e9couverte de produits locaux, l\u2019\u00e9mergence de nouvelles collaborations et le d\u00e9veloppement de r\u00e9seaux commerciaux durables.<\/p>\n<p>Cette fonction de mise en relation constitue un atout majeur pour les entreprises participantes, particuli\u00e8rement dans un contexte de recherche de circuits courts et de consommation responsable.<\/p>\n<p>Catalyseur \u00e9conomique confirm\u00e9<\/p>\n<p>Les chiffres parlent d\u2019eux-m\u00eames : avec plus de la moiti\u00e9 des exposants issus de la Loire, la Foire confirme son statut de moteur \u00e9conomique d\u00e9partemental. Cette concentration locale g\u00e9n\u00e8re des retomb\u00e9es directes et durables sur le tissu entrepreneurial lig\u00e9rien.<\/p>\n<p>L\u2019\u00e9v\u00e9nement fonctionne comme un multiplicateur d\u2019opportunit\u00e9s, cr\u00e9ant des effets d\u2019entra\u00eenement qui d\u00e9passent largement la p\u00e9riode de la manifestation elle-m\u00eame.<\/p>\n<p>Rendez-vous \u00e9conomique incontournable<\/p>\n<p>La Foire de Saint-\u00c9tienne 2025 s\u2019affirme comme bien plus qu\u2019un simple salon commercial. Elle incarne un v\u00e9ritable projet territorial de d\u00e9veloppement \u00e9conomique, m\u00ealant tradition et innovation, ancrage local et ouverture culturelle. Cette \u00e9dition irlandaise promet de conjuguer efficacement dimension festive et objectifs business, confirmant la recette gagnante d\u2019un \u00e9v\u00e9nement devenu r\u00e9f\u00e9rence sur la sc\u00e8ne \u00e9conomique r\u00e9gionale.<\/p>\n","protected":false},"excerpt":{"rendered":"Cette manifestation \u00e9conomique majeure confirme son ancrage territorial avec 51% d\u2019exposants lig\u00e9riens et 76% originaires d\u2019Auvergne-Rh\u00f4ne-Alpes, transformant l\u2019\u00e9v\u00e9nement&hellip;\n","protected":false},"author":2,"featured_media":214673,"comment_status":"","ping_status":"","sticky":false,"template":"","format":"standard","meta":{"footnotes":""},"categories":[9653],"tags":[1111,11,2430,1777,674,4434,1011,27,516,3367,12,7054,25,4001],"class_list":{"0":"post-214672","1":"post","2":"type-post","3":"status-publish","4":"format-standard","5":"has-post-thumbnail","7":"category-saint-etienne","8":"tag-actu","9":"tag-actualites","10":"tag-auvergne-rhone-alpes","11":"tag-eu","12":"tag-europe","13":"tag-foire","14":"tag-fr","15":"tag-france","16":"tag-irlande","17":"tag-loire","18":"tag-news","19":"tag-parc-des-expositions","20":"tag-republique-francaise","21":"tag-saint-etienne"},"share_on_mastodon":{"url":"https:\/\/pubeurope.com\/@fr\/114769987055469236","error":""},"_links":{"self":[{"href":"https:\/\/www.europesays.com\/fr\/wp-json\/wp\/v2\/posts\/214672","targetHints":{"allow":["GET"]}}],"collection":[{"href":"https:\/\/www.europesays.com\/fr\/wp-json\/wp\/v2\/posts"}],"about":[{"href":"https:\/\/www.europesays.com\/fr\/wp-json\/wp\/v2\/types\/post"}],"author":[{"embeddable":true,"href":"https:\/\/www.europesays.com\/fr\/wp-json\/wp\/v2\/users\/2"}],"replies":[{"embeddable":true,"href":"https:\/\/www.europesays.com\/fr\/wp-json\/wp\/v2\/comments?post=214672"}],"version-history":[{"count":0,"href":"https:\/\/www.europesays.com\/fr\/wp-json\/wp\/v2\/posts\/214672\/revisions"}],"wp:featuredmedia":[{"embeddable":true,"href":"https:\/\/www.europesays.com\/fr\/wp-json\/wp\/v2\/media\/214673"}],"wp:attachment":[{"href":"https:\/\/www.europesays.com\/fr\/wp-json\/wp\/v2\/media?parent=214672"}],"wp:term":[{"taxonomy":"category","embeddable":true,"href":"https:\/\/www.europesays.com\/fr\/wp-json\/wp\/v2\/categories?post=214672"},{"taxonomy":"post_tag","embeddable":true,"href":"https:\/\/www.europesays.com\/fr\/wp-json\/wp\/v2\/tags?post=214672"}],"curies":[{"name":"wp","href":"https:\/\/api.w.org\/{rel}","templated":true}]}}