{"id":214675,"date":"2025-06-30T02:37:28","date_gmt":"2025-06-30T02:37:28","guid":{"rendered":"https:\/\/www.europesays.com\/fr\/214675\/"},"modified":"2025-06-30T02:37:28","modified_gmt":"2025-06-30T02:37:28","slug":"laxou-une-belle-reussite-pour-la-kermesse-de-lecole-louis-pergaud","status":"publish","type":"post","link":"https:\/\/www.europesays.com\/fr\/214675\/","title":{"rendered":"Laxou. Une belle r\u00e9ussite pour la kermesse de\u00a0l\u2019\u00e9cole Louis-Pergaud"},"content":{"rendered":"<p>La kermesse de l\u2019\u00e9cole Louis-Pergaud \u00e0 Laxou a connu un franc succ\u00e8s ce vendredi. Gr\u00e2ce \u00e0 l\u2019investissement des parents d\u2019\u00e9l\u00e8ves, la cour et la rue de l\u2019\u00e9cole se sont transform\u00e9es en un v\u00e9ritable terrain de f\u00eate, pour le plus grand bonheur des petits et des grands. Stands ludiques, animations (planche \u00e0 savon, lanc\u00e9 d\u2019anneaux, tir \u00e0 l\u2019arc,\u00a0etc.) ont rythm\u00e9 ce rendez-vous de fin d\u2019ann\u00e9e scolaire. Sur le stand de la planche \u00e0 savon, Oscar s\u2019est exclam\u00e9 \u00ab\u00a0la kermesse, c\u2019est trop, trop bien, formidable\u00a0\u00bb. Un avis qui r\u00e9sume bien l\u2019ambiance de la kermesse.<\/p>\n","protected":false},"excerpt":{"rendered":"La kermesse de l\u2019\u00e9cole Louis-Pergaud \u00e0 Laxou a connu un franc succ\u00e8s ce vendredi. Gr\u00e2ce \u00e0 l\u2019investissement des&hellip;\n","protected":false},"author":2,"featured_media":214676,"comment_status":"","ping_status":"","sticky":false,"template":"","format":"standard","meta":{"footnotes":""},"categories":[9635],"tags":[1111,11,1704,1057,1777,674,1011,27,775,10426,10425,10262,1702,12,25],"class_list":{"0":"post-214675","1":"post","2":"type-post","3":"status-publish","4":"format-standard","5":"has-post-thumbnail","7":"category-nancy","8":"tag-actu","9":"tag-actualites","10":"tag-edition-nancy-et-agglomeration","11":"tag-education","12":"tag-eu","13":"tag-europe","14":"tag-fr","15":"tag-france","16":"tag-grand-est","17":"tag-laxou","18":"tag-maternelle-elementaire","19":"tag-metropole-du-grand-nancy-54b5","20":"tag-nancy","21":"tag-news","22":"tag-republique-francaise"},"share_on_mastodon":{"url":"https:\/\/pubeurope.com\/@fr\/114769994954428045","error":""},"_links":{"self":[{"href":"https:\/\/www.europesays.com\/fr\/wp-json\/wp\/v2\/posts\/214675","targetHints":{"allow":["GET"]}}],"collection":[{"href":"https:\/\/www.europesays.com\/fr\/wp-json\/wp\/v2\/posts"}],"about":[{"href":"https:\/\/www.europesays.com\/fr\/wp-json\/wp\/v2\/types\/post"}],"author":[{"embeddable":true,"href":"https:\/\/www.europesays.com\/fr\/wp-json\/wp\/v2\/users\/2"}],"replies":[{"embeddable":true,"href":"https:\/\/www.europesays.com\/fr\/wp-json\/wp\/v2\/comments?post=214675"}],"version-history":[{"count":0,"href":"https:\/\/www.europesays.com\/fr\/wp-json\/wp\/v2\/posts\/214675\/revisions"}],"wp:featuredmedia":[{"embeddable":true,"href":"https:\/\/www.europesays.com\/fr\/wp-json\/wp\/v2\/media\/214676"}],"wp:attachment":[{"href":"https:\/\/www.europesays.com\/fr\/wp-json\/wp\/v2\/media?parent=214675"}],"wp:term":[{"taxonomy":"category","embeddable":true,"href":"https:\/\/www.europesays.com\/fr\/wp-json\/wp\/v2\/categories?post=214675"},{"taxonomy":"post_tag","embeddable":true,"href":"https:\/\/www.europesays.com\/fr\/wp-json\/wp\/v2\/tags?post=214675"}],"curies":[{"name":"wp","href":"https:\/\/api.w.org\/{rel}","templated":true}]}}