{"id":214683,"date":"2025-06-30T02:50:23","date_gmt":"2025-06-30T02:50:23","guid":{"rendered":"https:\/\/www.europesays.com\/fr\/214683\/"},"modified":"2025-06-30T02:50:23","modified_gmt":"2025-06-30T02:50:23","slug":"vague-de-chaleur-quand-les-temperatures-vont-elles-baisser-en-bretagne","status":"publish","type":"post","link":"https:\/\/www.europesays.com\/fr\/214683\/","title":{"rendered":"Vague de chaleur\u00a0: quand les temp\u00e9ratures vont-elles baisser en Bretagne\u00a0?"},"content":{"rendered":"<p>38 \u00b0C dans l\u2019Ille-et-Vilaine. Rennes va suffoquer, ce lundi apr\u00e8s-midi. Le reste de la Bretagne est aussi concern\u00e9 par la vague de chaleur, mais avec des temp\u00e9ratures moins extr\u00eames : les pr\u00e9visionnistes de M\u00e9t\u00e9o France annoncent 34 \u00b0C \u00e0 Pontivy, 32 \u00b0C \u00e0 Vannes, Quimper, Guingamp ou Callac.<\/p>\n<p>\u00ab Lundi sera la journ\u00e9e la plus chaude \u00e0 l\u2019\u00e9chelle de la Bretagne, pr\u00e9cisent-ils. \u00c0 l\u2019est d\u2019une ligne Saint-Brieuc &#8211; Vannes, les maximales atteindront 34 \u00e0 37 \u00b0C. \u00bb<\/p>\n<p>\u00ab Une vague de chaleur assez courte en Bretagne \u00bb<\/p>\n<p>\u00ab Pr\u00e8s de la Manche et dans le Finist\u00e8re, l\u2019\u00e9pisode devrait \u00eatre de courte dur\u00e9e, confirme J\u00e9r\u00f4me Dr\u00e9ano, pr\u00e9sident de M\u00e9t\u00e9o Bretagne. D\u00e8s mardi, le long des c\u00f4tes de la Manche et sur l\u2019extr\u00eame Ouest de la r\u00e9gion, les temp\u00e9ratures vont baisser fortement et assez rapidement. La chaleur va se concentrer sur le Sud-Est, le Centre et le Sud-Ouest de la Bretagne. \u00bb<\/p>\n<p>Un vent \u00ab davantage marin \u00bb devrait faire redescendre les thermom\u00e8tres : 22 \u00b0C sont attendus \u00e0 Lannion et Saint-Brieuc, 21 \u00b0C \u00e0 Brest, mardi apr\u00e8s-midi. Il devrait encore faire autour de 30 \u00b0C en Centre-Bretagne et autour de 32 \u00b0C \u00e0 Rennes. \u00ab On pourrait encore avoir jusqu\u2019\u00e0 38 \u00b0C, voire 39 \u00b0C \u00e0 Clisson, ce qui ferait un \u00e9cart de quasiment 20 \u00b0C \u00e0 l\u2019\u00e9chelle de la r\u00e9gion \u00bb, pointe J\u00e9r\u00f4me Dr\u00e9ano.<\/p>\n<p>Des temp\u00e9ratures supportables jusqu\u2019au 10 juillet ?<\/p>\n<p>Mercredi, les temp\u00e9ratures resteront \u00e9lev\u00e9es dans la partie est de la r\u00e9gion, mais elles devraient \u00eatre supportables ailleurs en Bretagne, avec des maximales entre 19 \u00b0C et 29 \u00b0C. \u00ab On a un risque orageux \u00e0 partir de mercredi, mais c\u2019est encore assez al\u00e9atoire, poursuit J\u00e9r\u00f4me Dr\u00e9ano. Mais les temp\u00e9ratures vont baisser, \u00e7a, c\u2019est certain. Ce devrait \u00eatre une vague de chaleur assez courte en Bretagne, et pas une <a href=\"https:\/\/www.letelegramme.fr\/t-plus\/meteo-a-quel-moment-peut-on-parler-de-canicule-en-bretagne-274748.php\" target=\"_blank\" rel=\"noopener\">canicule<\/a>, donc. \u00bb<\/p>\n<p>L\u2019\u00e9tude des mod\u00e8les \u00e0 plus longue \u00e9ch\u00e9ance pourrait rassurer ceux qui suffoquent : \u00ab On n\u2019a aucun signal d\u2019un retour de tr\u00e8s fortes chaleurs tout de suite, annonce J\u00e9r\u00f4me Dr\u00e9ano. Normalement, on devrait avoir des temp\u00e9ratures de saison au moins jusqu\u2019au 10 juillet. \u00bb<\/p>\n","protected":false},"excerpt":{"rendered":"38 \u00b0C dans l\u2019Ille-et-Vilaine. Rennes va suffoquer, ce lundi apr\u00e8s-midi. Le reste de la Bretagne est aussi concern\u00e9&hellip;\n","protected":false},"author":2,"featured_media":214684,"comment_status":"","ping_status":"","sticky":false,"template":"","format":"standard","meta":{"footnotes":""},"categories":[2821],"tags":[1111,11,829,2171,765,1777,674,3321,1011,27,848,21570,3729,12,584,25],"class_list":{"0":"post-214683","1":"post","2":"type-post","3":"status-publish","4":"format-standard","5":"has-post-thumbnail","7":"category-rennes","8":"tag-actu","9":"tag-actualites","10":"tag-bretagne","11":"tag-cotes-darmor","12":"tag-en-continu","13":"tag-eu","14":"tag-europe","15":"tag-finistere","16":"tag-fr","17":"tag-france","18":"tag-ille-et-vilaine","19":"tag-meteo-en-bretagne","20":"tag-morbihan","21":"tag-news","22":"tag-rennes","23":"tag-republique-francaise"},"share_on_mastodon":{"url":"https:\/\/pubeurope.com\/@fr\/114770046132959241","error":""},"_links":{"self":[{"href":"https:\/\/www.europesays.com\/fr\/wp-json\/wp\/v2\/posts\/214683","targetHints":{"allow":["GET"]}}],"collection":[{"href":"https:\/\/www.europesays.com\/fr\/wp-json\/wp\/v2\/posts"}],"about":[{"href":"https:\/\/www.europesays.com\/fr\/wp-json\/wp\/v2\/types\/post"}],"author":[{"embeddable":true,"href":"https:\/\/www.europesays.com\/fr\/wp-json\/wp\/v2\/users\/2"}],"replies":[{"embeddable":true,"href":"https:\/\/www.europesays.com\/fr\/wp-json\/wp\/v2\/comments?post=214683"}],"version-history":[{"count":0,"href":"https:\/\/www.europesays.com\/fr\/wp-json\/wp\/v2\/posts\/214683\/revisions"}],"wp:featuredmedia":[{"embeddable":true,"href":"https:\/\/www.europesays.com\/fr\/wp-json\/wp\/v2\/media\/214684"}],"wp:attachment":[{"href":"https:\/\/www.europesays.com\/fr\/wp-json\/wp\/v2\/media?parent=214683"}],"wp:term":[{"taxonomy":"category","embeddable":true,"href":"https:\/\/www.europesays.com\/fr\/wp-json\/wp\/v2\/categories?post=214683"},{"taxonomy":"post_tag","embeddable":true,"href":"https:\/\/www.europesays.com\/fr\/wp-json\/wp\/v2\/tags?post=214683"}],"curies":[{"name":"wp","href":"https:\/\/api.w.org\/{rel}","templated":true}]}}