{"id":214686,"date":"2025-06-30T02:53:19","date_gmt":"2025-06-30T02:53:19","guid":{"rendered":"https:\/\/www.europesays.com\/fr\/214686\/"},"modified":"2025-06-30T02:53:19","modified_gmt":"2025-06-30T02:53:19","slug":"strasbourg-un-detenu-meurt-dans-lincendie-de-sa-cellule-4","status":"publish","type":"post","link":"https:\/\/www.europesays.com\/fr\/214686\/","title":{"rendered":"Strasbourg\u00a0: un d\u00e9tenu meurt dans l\u2019incendie de sa cellule"},"content":{"rendered":"<p>Un d\u00e9tenu \u00e0 la maison d\u2019arr\u00eat de Strasbourg est mort dimanche dans l\u2019incendie de sa cellule, qu\u2019il occupait seul, a-t-on appris de source polici\u00e8re. L\u2019origine du sinistre n\u2019avait pas pu \u00eatre d\u00e9termin\u00e9e dimanche soir, indique l\u2019Agence France-Presse (AFP).<\/p>\n<p>L\u2019homme \u00e9tait incarc\u00e9r\u00e9 depuis le 16\u00a0octobre 2024 \u00e0 la maison d\u2019arr\u00eat de l\u2019Elsau, o\u00f9 sont d\u00e9tenues des personnes qui n\u2019ont pas encore \u00e9t\u00e9 condamn\u00e9es.<\/p>\n<p>200\u00a0morts chaque ann\u00e9e en prison<\/p>\n<p>Son identit\u00e9 et la raison pour laquelle il \u00e9tait en d\u00e9tention ne sont pas connues \u00e0 ce stade.<\/p>\n<p>Plus de 200\u00a0personnes meurent chaque ann\u00e9e dans les prisons fran\u00e7aises, selon le collectif d\u2019associations Les mort\u00b7e\u00b7s de la prison, la majeure partie par suicide.<\/p>\n<p>\u00a0<\/p>\n","protected":false},"excerpt":{"rendered":"Un d\u00e9tenu \u00e0 la maison d\u2019arr\u00eat de Strasbourg est mort dimanche dans l\u2019incendie de sa cellule, qu\u2019il occupait&hellip;\n","protected":false},"author":2,"featured_media":214259,"comment_status":"","ping_status":"","sticky":false,"template":"","format":"standard","meta":{"footnotes":""},"categories":[2820],"tags":[1111,11,10979,9625,1777,674,1011,27,775,1310,5479,12,25,3728,640],"class_list":{"0":"post-214686","1":"post","2":"type-post","3":"status-publish","4":"format-standard","5":"has-post-thumbnail","7":"category-strasbourg","8":"tag-actu","9":"tag-actualites","10":"tag-cellule","11":"tag-detenu","12":"tag-eu","13":"tag-europe","14":"tag-fr","15":"tag-france","16":"tag-grand-est","17":"tag-incendie","18":"tag-meurt","19":"tag-news","20":"tag-republique-francaise","21":"tag-saint-malo","22":"tag-strasbourg"},"share_on_mastodon":{"url":"https:\/\/pubeurope.com\/@fr\/114770057968394386","error":""},"_links":{"self":[{"href":"https:\/\/www.europesays.com\/fr\/wp-json\/wp\/v2\/posts\/214686","targetHints":{"allow":["GET"]}}],"collection":[{"href":"https:\/\/www.europesays.com\/fr\/wp-json\/wp\/v2\/posts"}],"about":[{"href":"https:\/\/www.europesays.com\/fr\/wp-json\/wp\/v2\/types\/post"}],"author":[{"embeddable":true,"href":"https:\/\/www.europesays.com\/fr\/wp-json\/wp\/v2\/users\/2"}],"replies":[{"embeddable":true,"href":"https:\/\/www.europesays.com\/fr\/wp-json\/wp\/v2\/comments?post=214686"}],"version-history":[{"count":0,"href":"https:\/\/www.europesays.com\/fr\/wp-json\/wp\/v2\/posts\/214686\/revisions"}],"wp:featuredmedia":[{"embeddable":true,"href":"https:\/\/www.europesays.com\/fr\/wp-json\/wp\/v2\/media\/214259"}],"wp:attachment":[{"href":"https:\/\/www.europesays.com\/fr\/wp-json\/wp\/v2\/media?parent=214686"}],"wp:term":[{"taxonomy":"category","embeddable":true,"href":"https:\/\/www.europesays.com\/fr\/wp-json\/wp\/v2\/categories?post=214686"},{"taxonomy":"post_tag","embeddable":true,"href":"https:\/\/www.europesays.com\/fr\/wp-json\/wp\/v2\/tags?post=214686"}],"curies":[{"name":"wp","href":"https:\/\/api.w.org\/{rel}","templated":true}]}}