{"id":21469,"date":"2025-04-13T05:39:24","date_gmt":"2025-04-13T05:39:24","guid":{"rendered":"https:\/\/www.europesays.com\/fr\/21469\/"},"modified":"2025-04-13T05:39:24","modified_gmt":"2025-04-13T05:39:24","slug":"strasbourg-des-etudiants-serbes-pedalent-1-400-km-pour-la-democratie-et-la-justice-2","status":"publish","type":"post","link":"https:\/\/www.europesays.com\/fr\/21469\/","title":{"rendered":"Strasbourg. Des \u00e9tudiants serbes p\u00e9dalent 1\u00a0400\u00a0km \u00ab\u00a0pour la d\u00e9mocratie et la justice\u00a0\u00bb"},"content":{"rendered":"<p>La jeunesse serbe par l\u2019initiative de 80 \u00e9tudiants est en train de parcourir\u00a0plus de 1\u00a0400\u00a0km \u00e0 v\u00e9lo \u00e0 travers six pays europ\u00e9ens \u00ab\u00a0pour la v\u00e9rit\u00e9\u00a0\u00bb. Partis de Novi Sad le 3\u00a0avril, ils d\u00e9noncent \u00ab\u00a0l\u2019effondrement des institutions d\u00e9mocratiques en Serbie\u00a0\u00bb. Ils exigent \u00ab\u00a0une r\u00e9ponse aux actes de corruption syst\u00e9mique et attirent l\u2019attention sur la r\u00e9pression des mouvements \u00e9tudiants et citoyens\u00a0\u00bb.<\/p>\n<p>  Un drame \u00e0 l\u2019origine du mouvement<\/p>\n<p>Ce mouvement \u00ab\u00a0fait suite au silence prolong\u00e9 des autorit\u00e9s serbes face \u00e0 une succession d\u2019\u00e9v\u00e9nements alarmants, survenus entre le 1er \u00a0novembre 2024 et le 23\u00a0mars\u00a02025\u00a0\u00bb, dont l\u2019effondrement d\u2019un auvent r\u00e9nov\u00e9 de la gare de Novi Sad ayant \u00ab\u00a0caus\u00e9 la mort de 16 personnes, sans qu\u2019aucune responsabilit\u00e9 ne soit encore \u00e9tablie\u00a0\u00bb. Ce drame \u00ab\u00a0r\u00e9v\u00e8le les cons\u00e9quences d\u2019un syst\u00e8me de sous-traitance \u00e0 plusieurs niveaux, qui a permis \u00e0 des individus proches du r\u00e9gime de d\u00e9tourner des fonds publics sans effectuer une r\u00e9novation ad\u00e9quate, accusent les militants. \u00c0 ce jour, les responsables de cette catastrophe n\u2019ont toujours pas \u00e9t\u00e9 traduits en justice\u00a0\u00bb.<\/p>\n<p>  Deux rassemblements \u00e0 Strasbourg les 15 et 16\u00a0avril<\/p>\n<p>Le cort\u00e8ge arrivera le 15\u00a0avril \u00e0 Strasbourg, \u00ab\u00a0ville symbole des droits de l\u2019homme et des institutions europ\u00e9ennes\u00a0\u00bb. Les militants, soutenus par la diaspora serbe de France et de Suisse, manifesteront dans la foul\u00e9e place Kl\u00e9ber vers 17\u00a0h.<\/p>\n<p>Le lendemain, le 16\u00a0avril, un second rassemblement est pr\u00e9vu \u00e0 partir de 11\u00a0h devant le conseil de l\u2019Europe, avec une marche vers la Cour europ\u00e9enne des droits de l\u2019homme et du Parlement europ\u00e9en.<\/p>\n","protected":false},"excerpt":{"rendered":"La jeunesse serbe par l\u2019initiative de 80 \u00e9tudiants est en train de parcourir\u00a0plus de 1\u00a0400\u00a0km \u00e0 v\u00e9lo \u00e0&hellip;\n","protected":false},"author":2,"featured_media":18224,"comment_status":"","ping_status":"","sticky":false,"template":"","format":"standard","meta":{"footnotes":""},"categories":[2820],"tags":[1111,11,2389,2880,1777,674,274,107,1011,27,775,12,316,25,640,2879],"class_list":{"0":"post-21469","1":"post","2":"type-post","3":"status-publish","4":"format-standard","5":"has-post-thumbnail","7":"category-strasbourg","8":"tag-actu","9":"tag-actualites","10":"tag-alsace","11":"tag-edition-strasbourg","12":"tag-eu","13":"tag-europe","14":"tag-faits-divers-justice","15":"tag-fil-info","16":"tag-fr","17":"tag-france","18":"tag-grand-est","19":"tag-news","20":"tag-politique","21":"tag-republique-francaise","22":"tag-strasbourg","23":"tag-strasbourg-ville"},"share_on_mastodon":{"url":"https:\/\/pubeurope.com\/@fr\/114329050377729877","error":""},"_links":{"self":[{"href":"https:\/\/www.europesays.com\/fr\/wp-json\/wp\/v2\/posts\/21469","targetHints":{"allow":["GET"]}}],"collection":[{"href":"https:\/\/www.europesays.com\/fr\/wp-json\/wp\/v2\/posts"}],"about":[{"href":"https:\/\/www.europesays.com\/fr\/wp-json\/wp\/v2\/types\/post"}],"author":[{"embeddable":true,"href":"https:\/\/www.europesays.com\/fr\/wp-json\/wp\/v2\/users\/2"}],"replies":[{"embeddable":true,"href":"https:\/\/www.europesays.com\/fr\/wp-json\/wp\/v2\/comments?post=21469"}],"version-history":[{"count":0,"href":"https:\/\/www.europesays.com\/fr\/wp-json\/wp\/v2\/posts\/21469\/revisions"}],"wp:featuredmedia":[{"embeddable":true,"href":"https:\/\/www.europesays.com\/fr\/wp-json\/wp\/v2\/media\/18224"}],"wp:attachment":[{"href":"https:\/\/www.europesays.com\/fr\/wp-json\/wp\/v2\/media?parent=21469"}],"wp:term":[{"taxonomy":"category","embeddable":true,"href":"https:\/\/www.europesays.com\/fr\/wp-json\/wp\/v2\/categories?post=21469"},{"taxonomy":"post_tag","embeddable":true,"href":"https:\/\/www.europesays.com\/fr\/wp-json\/wp\/v2\/tags?post=21469"}],"curies":[{"name":"wp","href":"https:\/\/api.w.org\/{rel}","templated":true}]}}