{"id":21470,"date":"2025-04-13T05:40:45","date_gmt":"2025-04-13T05:40:45","guid":{"rendered":"https:\/\/www.europesays.com\/fr\/21470\/"},"modified":"2025-04-13T05:40:45","modified_gmt":"2025-04-13T05:40:45","slug":"emegha-petrovic-santos-les-cinq-pieces-maitresses-de-strasbourg-pour-viser-la-ligue-des-champions","status":"publish","type":"post","link":"https:\/\/www.europesays.com\/fr\/21470\/","title":{"rendered":"Emegha, Petrovic, Santos&#8230; les cinq pi\u00e8ces ma\u00eetresses de Strasbourg pour viser la Ligue des champions"},"content":{"rendered":"<p>Ce samedi, pour le compte de la 29e journ\u00e9e, Strasbourg accueille Nice dans un match capital pour l\u2019Europe. Avec cinq atouts importants dans la manche du club alsacien.<\/p>\n<p class=\"fig-paragraph\">Un match \u00f4 combien important. Ce samedi (21h05), Strasbourg (4e) re\u00e7oit l\u2019OGC Nice (6e), un concurrent direct\u00a0<a href=\"http:\/\/www.lefigaro.fr\/sports\/football\/ligue-1\/ligue-1-monaco-om-nice-qui-aura-le-dernier-mot-dans-cette-course-effrenee-a-la-ligue-des-champions-20250403\" data-fig-type=\"NewsFlash\" data-gtm-custom-categorie=\"navigation\" data-gtm-custom-action=\"crossclick\" data-gtm-custom-label=\"Contextuel\" data-gtm-event=\"customEventSPE\" data-fig-domain=\"LEFIGARO\" target=\"_blank\" rel=\"noopener\">dans la folle course \u00e0 l\u2019Europe<\/a>. Auteurs d\u2019une tr\u00e8s belle saison, les hommes de\u00a0<a href=\"http:\/\/www.lefigaro.fr\/sports\/football\/ligue-1\/ligue-1-strasbourg-ne-doit-pas-se-fixer-de-limites-dit-liam-rosenior-20250406\" data-fig-type=\"NewsFlash\" data-gtm-custom-categorie=\"navigation\" data-gtm-custom-action=\"crossclick\" data-gtm-custom-label=\"Contextuel\" data-gtm-event=\"customEventSPE\" data-fig-domain=\"LEFIGARO\" target=\"_blank\" rel=\"noopener\">Liam Rosenior<\/a>\u00a0foncent tout droit vers une qualification en Ligue des champions. Ces hommes\u00a0? Presque tous brillent cette saison. \u00c0 commencer par le buteur strasbourgeois Emanuel Emegha.<\/p>\n<p>Emanuel Emegha, le buteur attitr\u00e9<\/p>\n<p class=\"fig-paragraph\">Grand par la taille, grand par le talent. Le buteur d\u20191m95 se r\u00e9v\u00e8le cette saison sous les couleurs de Strasbourg. M\u00eame s\u2019il a \u00e9t\u00e9 muet lors de la pr\u00e9c\u00e9dente journ\u00e9e \u00e0 Reims\u00a0<a href=\"http:\/\/www.lefigaro.fr\/sports\/football\/ligue-1\/ligue-1-strasbourg-au-pied-du-podium-montpellier-touche-et-coule-20250406\" data-fig-type=\"NewsFlash\" data-gtm-custom-categorie=\"navigation\" data-gtm-custom-action=\"crossclick\" data-gtm-custom-label=\"Contextuel\" data-gtm-event=\"customEventSPE\" data-fig-domain=\"LEFIGARO\" target=\"_blank\" rel=\"noopener\">(victoire 1-0)<\/a>, il n\u2019est pas en manque de statistiques cette saison. Avec 12 buts et 2 passes d\u00e9cisives \u00e0 son actif pour cet exercice 2024\/2025, Emanuel Emegha contribue grandement au succ\u00e8s du Racing Club de Strasbourg. Arriv\u00e9 en Alsace \u00e0 l\u2019\u00e9t\u00e9 2023 pour 13 millions d\u2019euros en provenance de Sturm Graz en Autriche, le N\u00e9erlandais avait d\u00e9barqu\u00e9 sur la pointe des pieds et a mis du temps \u00e0 s\u2019imposer dans l\u2019effectif strasbourgeois. Avec 9 buts et 2 passes d\u00e9cisives toutes comp\u00e9titions confondues en 31 rencontres disput\u00e9es pour sa premi\u00e8re saison, Emanuel Emegha a v\u00e9ritablement chang\u00e9 de dimension d\u00e8s la 2e journ\u00e9e de Ligue 1 cette saison, en inscrivant un but et une passe d\u00e9cisive contre le Losc (3-3). Il \u00e9tait lanc\u00e9. Une blessure au genou l\u2019a priv\u00e9 de cinq matchs en novembre, mais depuis, le jeune attaquant de 22 ans impressionne.<\/p>\n<p class=\"fig-body-link\">\n            \u00c0 lire aussi<br \/>\n        <a class=\"fig-body-link__link\" href=\"http:\/\/www.lefigaro.fr\/sports\/football\/ligue-1-abandonne-a-la-naissance-transfert-onereux-ultra-provocateur-5-choses-a-savoir-sur-l-attaquant-strasbourgeois-emmanuel-emegha-20250316\" data-fig-type=\"NewsFlash\" data-gtm-custom-categorie=\"navigation\" data-gtm-custom-action=\"crossclick\" data-gtm-custom-label=\"Contextuel\" data-gtm-event=\"customEventSPE\" data-fig-domain=\"LEFIGARO\" target=\"_blank\" rel=\"noopener\">Ligue 1\u00a0: abandonn\u00e9 \u00e0 la naissance, transfert on\u00e9reux, ultra-provocateur\u2026 5 choses \u00e0 savoir sur l\u2019attaquant strasbourgeois Emmanuel Emegha<br \/>\n    <\/a>\n<\/p>\n<p>Andrey Santos, o capit\u00e3o<\/p>\n<p class=\"fig-paragraph\">Capitaine \u00e0 20 ans. Quelle classe. La classe, il l\u2019apporte \u00e9galement sur le terrain. Avec un total de 2 484 minutes disput\u00e9es cette saison toutes comp\u00e9titions confondues, les chiffres parlent d\u2019eux-m\u00eames. Joueur pr\u00eat\u00e9 par Chelsea depuis f\u00e9vrier 2024 &#8211;\u00a0<a href=\"http:\/\/www.lefigaro.fr\/sports\/football\/ligue-1\/ligue-1-strasbourg-rachete-par-blueco-les-proprietaires-americains-de-chelsea-20230622\" data-fig-type=\"NewsFlash\" data-gtm-custom-categorie=\"navigation\" data-gtm-custom-action=\"crossclick\" data-gtm-custom-label=\"Contextuel\" data-gtm-event=\"customEventSPE\" data-fig-domain=\"LEFIGARO\" target=\"_blank\" rel=\"noopener\">dans le cadre de la fusion avec le club londonien par BlueCo<\/a>\u00a0&#8211; Andrey Santos devrait attirer de (tr\u00e8s) gros clubs. Cette saison, pour un milieu de terrain, les statistiques sont affolantes. 10 buts et 3 passes d\u00e9cisives. Rien que \u00e7a. Le Br\u00e9silien \u00e9pate par son aisance au c\u0153ur du terrain en dynamisant parfaitement le jeu strasbourgeois. Celui qui compte une s\u00e9lection avec la Sele\u00e7ao avait parfaitement commenc\u00e9 l\u2019exercice 2024\/2025 en claquant deux buts&#8230; en deux matchs. Un milieu de terrain jeune, mais d\u00e9j\u00e0 tr\u00e8s mature.<\/p>\n<p>Valent\u00edn Barco, la patte argentine<\/p>\n<p class=\"fig-paragraph\">Papa depuis peu, le jeune Argentin de 20 ans avait pu b\u00e9n\u00e9ficier de quelques jours de repos apr\u00e8s l\u2019\u00e9norme victoire face \u00e0 l\u2019Olympique Lyonnais (4-2), une belle image relay\u00e9e sur les r\u00e9seaux sociaux du club alsacien. Lui aussi est une pi\u00e8ce ma\u00eetresse de l\u2019entrejeu du RC Strasbourg. Lat\u00e9ral gauche de formation, Valent\u00edn Barco, pr\u00eat\u00e9 par le club de Brighton, peut aussi tr\u00e8s bien \u00e9voluer au milieu de terrain, aux c\u00f4t\u00e9s d\u2019Andrey Santos dans la tactique de Rosenior. Polyvalent, l\u2019homme d\u20191m72 est arriv\u00e9 \u00e0 Strasbourg \u00e0 la fin de ce mercato hivernal apr\u00e8s une pige de six mois du c\u00f4t\u00e9 de S\u00e9ville. Il s\u2019est rapidement install\u00e9 comme un incontournable et a particip\u00e9 \u00e0 l\u2019int\u00e9gralit\u00e9 des quatre derni\u00e8res rencontres, r\u00e9alisant deux passes d\u00e9cisives en huit rencontres de Ligue 1. Nul doute que le RCS voudra le garder \u00e0 l\u2019issue de la saison.<\/p>\n<p>Dilane Bakwa, l\u2019ailier turbulent<\/p>\n<p class=\"fig-paragraph\">Insaisissable. Lorsqu\u2019il s\u2019agit de pr\u00e9parer les matchs, les \u00e9quipes adverses de Strasbourg doivent scrupuleusement analyser l\u2019ailier virevoltant. \u00c0 22 ans, l\u2019attaquant form\u00e9 aux Girondins de Bordeaux s\u2019\u00e9panouit en Alsace. Avec ses 4 buts et ses 9 passes d\u00e9cisives en Ligue 1, le Fran\u00e7ais est en pleine bourre. Lui qui a manqu\u00e9 quatre rencontres en f\u00e9vrier pour une blessure au genou, l\u2019impact du comeilleur passeur du championnat aura manqu\u00e9 aux siens puisque sur ces quatre rencontres, les Strasbourgeois ont perdu contre Rennes en Ligue 1 et se sont fait sortir de la Coupe de France face \u00e0 Angers. S\u2019il a connu un d\u00e9but de saison plus compliqu\u00e9, Dilane Bakwa fait aujourd\u2019hui les beaux jours de Strasbourg. Dans des vid\u00e9os relay\u00e9es sur les r\u00e9seaux sociaux du club, l\u2019ailier fran\u00e7ais semble s\u2019\u00e9clater avec ses co\u00e9quipiers et faire partie des leaders de cette \u00e9quipe. Un bel avenir en vue.<\/p>\n<p>Djordje Petrovic, le mur strasbourgeois<\/p>\n<p class=\"fig-paragraph\">Il faut un bon gardien pour avoir une bonne \u00e9quipe. Strasbourg l\u2019a trouv\u00e9. Titulaire dans les cages de Chelsea la saison pass\u00e9e, le Serbe, lui aussi, aura eu raison de BlueCo. Tant mieux pour Strasbourg. Lui qui n\u2019a manqu\u00e9 que trois rencontres, toutes en Coupe de France, est un incontournable dans l\u2019effectif alsacien. Par son jeu au pied, sa prestance dans les buts, le portier de 25 ans sera dans les pourparlers pour le titre de meilleur gardien \u00e0 l\u2019issue de la saison. Titulaire \u00e0 25 reprises, lui qui est arriv\u00e9 en pr\u00eat le 30 ao\u00fbt au club, a r\u00e9alis\u00e9 9 clean sheet. Avec un pourcentage d\u2019arr\u00eats (tr\u00e8s) \u00e9lev\u00e9, 76 %, il est incontestablement un des meilleurs de notre championnat. Form\u00e9 en Serbie, chez lui (FK \u010cukari\u010dki), Djordje Petrovic aura \u00e9t\u00e9 d\u2019une importance capitale lors de la derni\u00e8re victoire \u00e0 Reims (1-0), en r\u00e9alisant un 7\/7 et contribuer \u00e0 l\u2019acquisition de la 4e place, synonyme de qualification en Ligue des champions. Le portier d\u20191m94 en r\u00eave, Strasbourg aussi, et \u00e7a continue ce samedi face \u00e0 l\u2019OGC Nice (21h05).<\/p>\n","protected":false},"excerpt":{"rendered":"Ce samedi, pour le compte de la 29e journ\u00e9e, Strasbourg accueille Nice dans un match capital pour l\u2019Europe.&hellip;\n","protected":false},"author":2,"featured_media":21471,"comment_status":"","ping_status":"","sticky":false,"template":"","format":"standard","meta":{"footnotes":""},"categories":[2820],"tags":[1111,11,525,1981,814,1777,674,2257,63,1011,27,775,3309,66,1307,955,12,1176,978,93,4448,25,1980,640],"class_list":{"0":"post-21470","1":"post","2":"type-post","3":"status-publish","4":"format-standard","5":"has-post-thumbnail","7":"category-strasbourg","8":"tag-actu","9":"tag-actualites","10":"tag-calendrier","11":"tag-classement","12":"tag-direct","13":"tag-eu","14":"tag-europe","15":"tag-foot","16":"tag-football","17":"tag-fr","18":"tag-france","19":"tag-grand-est","20":"tag-l1","21":"tag-ligue-1","22":"tag-lille","23":"tag-match","24":"tag-news","25":"tag-olympique-de-marseille","26":"tag-olympique-lyonnais","27":"tag-psg","28":"tag-rc-strasbourg","29":"tag-republique-francaise","30":"tag-resultats","31":"tag-strasbourg"},"share_on_mastodon":{"url":"https:\/\/pubeurope.com\/@fr\/114329054321299549","error":""},"_links":{"self":[{"href":"https:\/\/www.europesays.com\/fr\/wp-json\/wp\/v2\/posts\/21470","targetHints":{"allow":["GET"]}}],"collection":[{"href":"https:\/\/www.europesays.com\/fr\/wp-json\/wp\/v2\/posts"}],"about":[{"href":"https:\/\/www.europesays.com\/fr\/wp-json\/wp\/v2\/types\/post"}],"author":[{"embeddable":true,"href":"https:\/\/www.europesays.com\/fr\/wp-json\/wp\/v2\/users\/2"}],"replies":[{"embeddable":true,"href":"https:\/\/www.europesays.com\/fr\/wp-json\/wp\/v2\/comments?post=21470"}],"version-history":[{"count":0,"href":"https:\/\/www.europesays.com\/fr\/wp-json\/wp\/v2\/posts\/21470\/revisions"}],"wp:featuredmedia":[{"embeddable":true,"href":"https:\/\/www.europesays.com\/fr\/wp-json\/wp\/v2\/media\/21471"}],"wp:attachment":[{"href":"https:\/\/www.europesays.com\/fr\/wp-json\/wp\/v2\/media?parent=21470"}],"wp:term":[{"taxonomy":"category","embeddable":true,"href":"https:\/\/www.europesays.com\/fr\/wp-json\/wp\/v2\/categories?post=21470"},{"taxonomy":"post_tag","embeddable":true,"href":"https:\/\/www.europesays.com\/fr\/wp-json\/wp\/v2\/tags?post=21470"}],"curies":[{"name":"wp","href":"https:\/\/api.w.org\/{rel}","templated":true}]}}