{"id":214707,"date":"2025-06-30T03:07:18","date_gmt":"2025-06-30T03:07:18","guid":{"rendered":"https:\/\/www.europesays.com\/fr\/214707\/"},"modified":"2025-06-30T03:07:18","modified_gmt":"2025-06-30T03:07:18","slug":"a-lyon-une-baignade-derivante-sur-400-metres-proposee-ce-dimanche-dans-le-rhone","status":"publish","type":"post","link":"https:\/\/www.europesays.com\/fr\/214707\/","title":{"rendered":"\u00c0 Lyon, une \u00abbaignade d\u00e9rivante\u00bb sur 400 m\u00e8tres propos\u00e9e ce dimanche dans le Rh\u00f4ne"},"content":{"rendered":"<p>Alors que la canicule va faire son retour \u00e0 Lyon, la municipalit\u00e9 \u00e9cologiste pourra cette ann\u00e9e organiser le bain pr\u00e9vu dans le Rh\u00f4ne. Il avait \u00e9t\u00e9 annul\u00e9 l\u2019an pass\u00e9, en raison d\u2019orages ayant d\u00e9grad\u00e9 la qualit\u00e9 de l\u2019eau.<\/p>\n<p class=\"fig-paragraph\">Ils seront plus de 300 \u00e0 exp\u00e9rimenter la \u00abbaignade d\u00e9rivante dans le Rh\u00f4ne\u00bb. La municipalit\u00e9 \u00e9cologiste propose aux Lyonnais de\u00a0<a href=\"http:\/\/www.lefigaro.fr\/lyon\/a-lyon-la-baignade-dans-le-rhone-annulee-pas-de-nouvelle-experimentation-avant-2025-20240701\" data-fig-type=\"NewsFlash\" data-gtm-custom-categorie=\"navigation\" data-gtm-custom-action=\"crossclick\" data-gtm-custom-label=\"Contextuel\" data-gtm-event=\"customEventSPE\" data-fig-domain=\"LEFIGARO\" target=\"_blank\" rel=\"noopener\">faire trempette ce dimanche 29 juin dans le fleuve<\/a>\u00a0au niveau du parc des Berges de Gerland. Une proposition faite dans le cadre du festival entre Rh\u00f4ne et Sa\u00f4ne, cr\u00e9e par la majorit\u00e9 en 2022, et bienvenue au regard des temp\u00e9ratures caniculaires sur l\u2019agglom\u00e9ration.<\/p>\n<p class=\"fig-paragraph\">Les participants, inscrits en amont, \u00abeffectueront une descente de 400 m\u00e8tres \u00e0 la nage sur le Rh\u00f4ne, accompagn\u00e9s par le courant et \u00e9quip\u00e9s d\u2019une bou\u00e9e\u00bb, indique la ville de Lyon. Le tout \u00absous la surveillance attentive de professionnels de la s\u00e9curit\u00e9 aquatique\u00bb. \u00abOrganis\u00e9e dans un cadre s\u00e9curis\u00e9 et convivial, cette initiative vise \u00e0 permettre au grand public de red\u00e9couvrir autrement le fleuve qui traverse Lyon, en promouvant un usage respectueux, sportif et r\u00e9cr\u00e9atif de ses cours d\u2019eau\u00bb, vante la municipalit\u00e9.<\/p>\n<p>Baignade annul\u00e9e l\u2019an dernier<\/p>\n<p class=\"fig-paragraph\">Il s\u2019agit d\u2019une s\u00e9ance de rattrapage de la baignade avort\u00e9e l\u2019an dernier. En pleine angoisse collective sur la baignabilit\u00e9 de la Seine \u00e0 quelques jours des JO, la ville de Lyon avait tent\u00e9 de devancer la capitale en proposant ce bain dans le fleuve. L\u2019exp\u00e9rience avait \u00e9t\u00e9 annul\u00e9e au dernier moment en raison d\u2019une qualit\u00e9 de l\u2019eau fortement d\u00e9grad\u00e9e par des orages, alors m\u00eame que les tests des jours pr\u00e9c\u00e9dents \u00e9taient bons.<\/p>\n<p class=\"fig-body-link\">\n            \u00c0 lire aussi<br \/>\n        <a class=\"fig-body-link__link\" href=\"http:\/\/www.lefigaro.fr\/lyon\/alerte-aux-noyades-autour-de-lyon-apres-trois-deces-en-un-week-end-20250623\" data-fig-type=\"NewsFlash\" data-gtm-custom-categorie=\"navigation\" data-gtm-custom-action=\"crossclick\" data-gtm-custom-label=\"Contextuel\" data-gtm-event=\"customEventSPE\" data-fig-domain=\"LEFIGARO\" target=\"_blank\" rel=\"noopener\">Alerte aux noyades autour de Lyon, apr\u00e8s trois d\u00e9c\u00e8s en un week-end<br \/>\n    <\/a>\n<\/p>\n<p class=\"fig-paragraph\">Cette ann\u00e9e la trempette devrait se faire, pas d\u2019orage en vue. Le maire, Gr\u00e9gory Doucet, ne se jettera pas \u00e0 l\u2019eau pour autant, pas plus que ses adjoints. L\u2019\u00e9v\u00e9nement est d\u2019ores et d\u00e9j\u00e0 complet. Pour ceux qui n\u2019ont pas de place, il faudra trouver un autre lieu pour se rafra\u00eechir, la baignade dans le Rh\u00f4ne et la Sa\u00f4ne \u00e0 Lyon \u00e9tant formellement interdite et tr\u00e8s dangereuse. De nombreuses noyades sont recens\u00e9es chaque ann\u00e9e.<\/p>\n","protected":false},"excerpt":{"rendered":"Alors que la canicule va faire son retour \u00e0 Lyon, la municipalit\u00e9 \u00e9cologiste pourra cette ann\u00e9e organiser le&hellip;\n","protected":false},"author":2,"featured_media":214708,"comment_status":"","ping_status":"","sticky":false,"template":"","format":"standard","meta":{"footnotes":""},"categories":[1889],"tags":[1111,11,5273,2430,27245,5299,5272,6698,5312,5296,5285,1777,674,5293,1011,27,5303,5311,5301,5279,5275,5313,5276,5300,5302,5280,5298,5281,5306,5305,5308,5309,5284,5294,5297,5269,5271,5268,5270,5267,2428,5295,5307,5277,5304,5283,12,978,5274,25,2429,2431,5314,5288,5292,5289,5291,5290,5315,5282,5286,5310,5287,5278],"class_list":{"0":"post-214707","1":"post","2":"type-post","3":"status-publish","4":"format-standard","5":"has-post-thumbnail","7":"category-lyon","8":"tag-actu","9":"tag-actualites","10":"tag-ainay","11":"tag-auvergne-rhone-alpes","12":"tag-bain","13":"tag-bellecombe","14":"tag-bellecour","15":"tag-canicule","16":"tag-champvert-nord","17":"tag-champvert-sud","18":"tag-clos-jouve","19":"tag-eu","20":"tag-europe","21":"tag-fourviere","22":"tag-fr","23":"tag-france","24":"tag-gerland","25":"tag-gorge-de-loup","26":"tag-jean-mace","27":"tag-la-buire","28":"tag-la-confluence","29":"tag-la-duchere","30":"tag-la-guillotiere-nord-prefecture","31":"tag-la-guillotiere-sud","32":"tag-la-mouche","33":"tag-la-part-dieu","34":"tag-la-tete-dor","35":"tag-la-villette","36":"tag-laennec","37":"tag-le-bachut","38":"tag-le-grand-trou","39":"tag-le-moulin-a-vent","40":"tag-le-plateau-de-la-croix-rousse","41":"tag-le-point-du-jour","42":"tag-les-brotteaux","43":"tag-les-chartreux","44":"tag-les-cordeliers","45":"tag-les-pentes-de-la-croix-rousse","46":"tag-les-terreaux","47":"tag-les-traboules","48":"tag-lyon","49":"tag-menival","50":"tag-mermoz","51":"tag-moncey","52":"tag-monplaisir","53":"tag-montchat","54":"tag-news","55":"tag-olympique-lyonnais","56":"tag-perrache","57":"tag-republique-francaise","58":"tag-rhone","59":"tag-rhone-alpes","60":"tag-rochecardon-industrie","61":"tag-saint-georges","62":"tag-saint-irenee","63":"tag-saint-jean","64":"tag-saint-just","65":"tag-saint-paul","66":"tag-saint-rambert-lile-barbe","67":"tag-sans-souci-dauphine","68":"tag-serin-saint-charles","69":"tag-vaise","70":"tag-vieux-lyon","71":"tag-voltaire"},"share_on_mastodon":{"url":"","error":"Validation failed: Text character limit of 500 exceeded"},"_links":{"self":[{"href":"https:\/\/www.europesays.com\/fr\/wp-json\/wp\/v2\/posts\/214707","targetHints":{"allow":["GET"]}}],"collection":[{"href":"https:\/\/www.europesays.com\/fr\/wp-json\/wp\/v2\/posts"}],"about":[{"href":"https:\/\/www.europesays.com\/fr\/wp-json\/wp\/v2\/types\/post"}],"author":[{"embeddable":true,"href":"https:\/\/www.europesays.com\/fr\/wp-json\/wp\/v2\/users\/2"}],"replies":[{"embeddable":true,"href":"https:\/\/www.europesays.com\/fr\/wp-json\/wp\/v2\/comments?post=214707"}],"version-history":[{"count":0,"href":"https:\/\/www.europesays.com\/fr\/wp-json\/wp\/v2\/posts\/214707\/revisions"}],"wp:featuredmedia":[{"embeddable":true,"href":"https:\/\/www.europesays.com\/fr\/wp-json\/wp\/v2\/media\/214708"}],"wp:attachment":[{"href":"https:\/\/www.europesays.com\/fr\/wp-json\/wp\/v2\/media?parent=214707"}],"wp:term":[{"taxonomy":"category","embeddable":true,"href":"https:\/\/www.europesays.com\/fr\/wp-json\/wp\/v2\/categories?post=214707"},{"taxonomy":"post_tag","embeddable":true,"href":"https:\/\/www.europesays.com\/fr\/wp-json\/wp\/v2\/tags?post=214707"}],"curies":[{"name":"wp","href":"https:\/\/api.w.org\/{rel}","templated":true}]}}