{"id":214750,"date":"2025-06-30T03:32:09","date_gmt":"2025-06-30T03:32:09","guid":{"rendered":"https:\/\/www.europesays.com\/fr\/214750\/"},"modified":"2025-06-30T03:32:09","modified_gmt":"2025-06-30T03:32:09","slug":"sir-david-nasser-al-khelaifi-offre-un-maillot-du-psg-a-david-beckham-apres-le-match-face-a-linter-miami","status":"publish","type":"post","link":"https:\/\/www.europesays.com\/fr\/214750\/","title":{"rendered":"\u00ab\u00a0Sir David\u00a0\u00bb\u00a0: Nasser Al-Khela\u00effi offre un maillot du PSG \u00e0 David Beckham apr\u00e8s le match face \u00e0 l\u2019Inter Miami"},"content":{"rendered":"<p class=\"paragraph text_align_left lp-f-body-02\">Le Paris Saint-Germain n\u2019oublie pas David Beckham. Pass\u00e9 par la capitale pour terminer sa carri\u00e8re, l\u2019Anglais a marqu\u00e9 les esprits au PSG malgr\u00e9 14 petits matchs jou\u00e9s. Ce dimanche soir, l\u2019ancienne star de Manchester United retrouvait ses anciennes couleurs \u00e0 l\u2019occasion <a href=\"https:\/\/www.leparisien.fr\/sports\/football\/coupe-du-monde-des-clubs\/psg-inter-miami-4-0-les-notes-des-joueurs-parisiens-avec-neves-omnipresent-et-barcola-altruiste-29-06-2025-2OM22B6IRNGWJCLZUPIUWSX4KQ.php\" target=\"_blank\" rel=\"noreferrer nofollow noopener\">du 8e de finale de Coupe du monde des clubs <\/a>entre son club de l\u2019Inter Miami et les Parisiens (0-4).<\/p>\n<p class=\"paragraph text_align_left lp-f-body-02\">Si les hommes de Luis Enrique n\u2019ont fait qu\u2019une bouch\u00e9e des co\u00e9quipiers de Lionel Messi, David Beckham n\u2019en a pas perdu son sourire. Dans les trav\u00e9es du Mercedes-Benz Stadium d\u2019Atlanta, l\u2019ancien international anglais a crois\u00e9 la route de Nasser Al-Khela\u00effi, qui n\u2019\u00e9tait pas venu les mains vides. Le pr\u00e9sident du PSG en a profit\u00e9 pour offrir un maillot d\u00e9dicac\u00e9 du club avec le flocage <a href=\"https:\/\/www.leparisien.fr\/sports\/football\/angleterre-david-beckham-pourquoi-il-faudra-bientot-lappeler-sir-06-06-2025-N4BDCEXX45GEFAZ4KH6ZSL3W7E.php\" target=\"_blank\" rel=\"noreferrer nofollow noopener\">\u00ab Sir David \u00bb<\/a> et le num\u00e9ro 32, qu\u2019il a prt\u00e9 pendant 3 mois \u00e0 Paris en 2013. Un cadeau qui a visiblement fait plaisir au principal int\u00e9ress\u00e9, tr\u00e8s touch\u00e9 par le clin d\u2019oeil.<\/p>\n<p class=\"paragraph text_align_left lp-f-body-02\">Le 13 juin dernier, David Beckham et son \u00e9pouse Victoria ont \u00e9t\u00e9 anoblis par le roi Charles III pour services rendus \u00e0 la soci\u00e9t\u00e9 britannique. ils sont d\u00e9sormais \u00ab Sir \u00bb et \u00ab Lady \u00bb. <\/p>\n<p class=\"paragraph text_align_left lp-f-body-02\"><a href=\"https:\/\/www.leparisien.fr\/sports\/football\/coupe-du-monde-des-clubs\/psg-inter-miami-les-liaisons-secretes-entre-david-beckham-et-le-qatar-29-06-2025-NSD56RP3SBBCXMILUAVZYHO5WU.php\" target=\"_blank\" rel=\"noreferrer nofollow noopener\">Les deux hommes sont proches<\/a>, cela ne fait aucun doute. Li\u00e9s depuis ce passage au PSG, David Beckham avait m\u00eame tent\u00e9 de convaincre Nasser Al-Khela\u00effi de s\u2019engager \u00e0 ses c\u00f4t\u00e9s \u00e0 Miami. Malgr\u00e9 une longue r\u00e9flexion, QSI avait finalement fait marche arri\u00e8re, jugeant l\u2019enjeu financier trop incertain et le projet de stade trop tortueux. La liaison entre le Qatar et l\u2019Anglais ne s\u2019est toutefois pas arr\u00eat\u00e9e l\u00e0 puisqu\u2019il est devenu ambassadeur culturel de l\u2019\u00e9mirat pour un ch\u00e8que de 180 millions d\u2019euros sur 15 ans.<\/p>\n","protected":false},"excerpt":{"rendered":"Le Paris Saint-Germain n\u2019oublie pas David Beckham. Pass\u00e9 par la capitale pour terminer sa carri\u00e8re, l\u2019Anglais a marqu\u00e9&hellip;\n","protected":false},"author":2,"featured_media":214751,"comment_status":"","ping_status":"","sticky":false,"template":"","format":"standard","meta":{"footnotes":""},"categories":[1410],"tags":[7151,63,1011,27,60],"class_list":{"0":"post-214750","1":"post","2":"type-post","3":"status-publish","4":"format-standard","5":"has-post-thumbnail","7":"category-football","8":"tag-coupe-du-monde-des-clubs","9":"tag-football","10":"tag-fr","11":"tag-france","12":"tag-sports"},"share_on_mastodon":{"url":"https:\/\/pubeurope.com\/@fr\/114770211261301590","error":""},"_links":{"self":[{"href":"https:\/\/www.europesays.com\/fr\/wp-json\/wp\/v2\/posts\/214750","targetHints":{"allow":["GET"]}}],"collection":[{"href":"https:\/\/www.europesays.com\/fr\/wp-json\/wp\/v2\/posts"}],"about":[{"href":"https:\/\/www.europesays.com\/fr\/wp-json\/wp\/v2\/types\/post"}],"author":[{"embeddable":true,"href":"https:\/\/www.europesays.com\/fr\/wp-json\/wp\/v2\/users\/2"}],"replies":[{"embeddable":true,"href":"https:\/\/www.europesays.com\/fr\/wp-json\/wp\/v2\/comments?post=214750"}],"version-history":[{"count":0,"href":"https:\/\/www.europesays.com\/fr\/wp-json\/wp\/v2\/posts\/214750\/revisions"}],"wp:featuredmedia":[{"embeddable":true,"href":"https:\/\/www.europesays.com\/fr\/wp-json\/wp\/v2\/media\/214751"}],"wp:attachment":[{"href":"https:\/\/www.europesays.com\/fr\/wp-json\/wp\/v2\/media?parent=214750"}],"wp:term":[{"taxonomy":"category","embeddable":true,"href":"https:\/\/www.europesays.com\/fr\/wp-json\/wp\/v2\/categories?post=214750"},{"taxonomy":"post_tag","embeddable":true,"href":"https:\/\/www.europesays.com\/fr\/wp-json\/wp\/v2\/tags?post=214750"}],"curies":[{"name":"wp","href":"https:\/\/api.w.org\/{rel}","templated":true}]}}