{"id":214758,"date":"2025-06-30T03:37:21","date_gmt":"2025-06-30T03:37:21","guid":{"rendered":"https:\/\/www.europesays.com\/fr\/214758\/"},"modified":"2025-06-30T03:37:21","modified_gmt":"2025-06-30T03:37:21","slug":"radio-intensite-%f0%9f%94%8a80-ans-de-la-victoire-un-hommage-a-notre-histoire-a-bailleau-armenonville","status":"publish","type":"post","link":"https:\/\/www.europesays.com\/fr\/214758\/","title":{"rendered":"RADIO INTENSITE | \ud83d\udd0a80 ans de la Victoire : un hommage \u00e0 notre histoire \u00e0 Bailleau-Armenonville"},"content":{"rendered":"\n<p align=\"JUSTIFY\">A l&rsquo;occasion du 80\u1d49 anniversaire de la victoire du 8 mai 1945, la communaut\u00e9 de communes des Portes eur\u00e9liennes d&rsquo;Ile-de-France se mobilise \u00e0 travers un week-end sp\u00e9cial. Apr\u00e8s un parcours de la m\u00e9moire organis\u00e9 samedi \u00e0 N\u00e9ron, Nogent-le-Roi, Auneau et B\u00e9ville-le-Comte, rendez-vous ce dimanche sur l&rsquo;a\u00e9rodrome de Bailleau-Armenonville pour une journ\u00e9e d&rsquo;animation autour d&rsquo;un camp militaire reconstitu\u00e9. <\/p>\n<p align=\"JUSTIFY\">Pour l&rsquo;occasion l&rsquo;a\u00e9rodrome de Bailleau accueille du mat\u00e9riels d&rsquo;\u00e9poque, avions et v\u00e9hicules militaires<\/p>\n<p align=\"JUSTIFY\">Sur place \u00e9galement un temps de d\u00e9couverte en immersion gr\u00e2ce \u00e0 une association sp\u00e9cialis\u00e9e dans les reconstitutions d&rsquo;\u00e9poque \u00ab Red Diamonds Memory \u00bb qui propose un camp militaire de la lib\u00e9ration am\u00e9ricain. <\/p>\n<p align=\"JUSTIFY\">Livres historiques d\u2019\u00e9crivains locaux ou encore exposition photos viennent compl\u00e9ter cet \u00e9v\u00e9nement organis\u00e9 pour ce 80e anniversaire de la victoire de 1945.<\/p>\n<p align=\"JUSTIFY\">C&rsquo;est jusqu&rsquo;\u00e0 19h00 et c&rsquo;est gratuit.<\/p>\n<p align=\"JUSTIFY\">\u00a0<\/p>\n<p>Site internet d\u00e9di\u00e9 \u00e0 l&rsquo;\u00e9v\u00e9nment : <a href=\"http:\/\/victoire-ccpeidf.fr\/\" rel=\"noopener\" style=\"color: #0736d7;\" target=\"_blank\">victoire-ccpeidf.fr<\/a><\/p>\n<p>\u00a0<\/p>\n","protected":false},"excerpt":{"rendered":"A l&rsquo;occasion du 80\u1d49 anniversaire de la victoire du 8 mai 1945, la communaut\u00e9 de communes des Portes&hellip;\n","protected":false},"author":2,"featured_media":214759,"comment_status":"","ping_status":"","sticky":false,"template":"","format":"standard","meta":{"footnotes":""},"categories":[1355],"tags":[35438,47,35436,17337,58,59,1939,3293,1011,27,937,4879,1361,873,35435,35440,35439,35437],"class_list":{"0":"post-214758","1":"post","2":"type-post","3":"status-publish","4":"format-standard","5":"has-post-thumbnail","7":"category-musique","8":"tag-80e-anniversaire","9":"tag-actualite","10":"tag-bailleau-armenonville","11":"tag-commemoration","12":"tag-divertissement","13":"tag-entertainment","14":"tag-eure-et-loir","15":"tag-exposition","16":"tag-fr","17":"tag-france","18":"tag-histoire","19":"tag-hommage","20":"tag-music","21":"tag-musique","22":"tag-radio-intensite","23":"tag-reconstitution","24":"tag-vehicules-depoquee","25":"tag-victoire-1945"},"share_on_mastodon":{"url":"https:\/\/pubeurope.com\/@fr\/114770231096651609","error":""},"_links":{"self":[{"href":"https:\/\/www.europesays.com\/fr\/wp-json\/wp\/v2\/posts\/214758","targetHints":{"allow":["GET"]}}],"collection":[{"href":"https:\/\/www.europesays.com\/fr\/wp-json\/wp\/v2\/posts"}],"about":[{"href":"https:\/\/www.europesays.com\/fr\/wp-json\/wp\/v2\/types\/post"}],"author":[{"embeddable":true,"href":"https:\/\/www.europesays.com\/fr\/wp-json\/wp\/v2\/users\/2"}],"replies":[{"embeddable":true,"href":"https:\/\/www.europesays.com\/fr\/wp-json\/wp\/v2\/comments?post=214758"}],"version-history":[{"count":0,"href":"https:\/\/www.europesays.com\/fr\/wp-json\/wp\/v2\/posts\/214758\/revisions"}],"wp:featuredmedia":[{"embeddable":true,"href":"https:\/\/www.europesays.com\/fr\/wp-json\/wp\/v2\/media\/214759"}],"wp:attachment":[{"href":"https:\/\/www.europesays.com\/fr\/wp-json\/wp\/v2\/media?parent=214758"}],"wp:term":[{"taxonomy":"category","embeddable":true,"href":"https:\/\/www.europesays.com\/fr\/wp-json\/wp\/v2\/categories?post=214758"},{"taxonomy":"post_tag","embeddable":true,"href":"https:\/\/www.europesays.com\/fr\/wp-json\/wp\/v2\/tags?post=214758"}],"curies":[{"name":"wp","href":"https:\/\/api.w.org\/{rel}","templated":true}]}}