{"id":214772,"date":"2025-06-30T03:45:16","date_gmt":"2025-06-30T03:45:16","guid":{"rendered":"https:\/\/www.europesays.com\/fr\/214772\/"},"modified":"2025-06-30T03:45:16","modified_gmt":"2025-06-30T03:45:16","slug":"quatre-blesses-apres-un-accident-de-voiture-dans-cette-petite-commune-de-sarthe","status":"publish","type":"post","link":"https:\/\/www.europesays.com\/fr\/214772\/","title":{"rendered":"Quatre bless\u00e9s apr\u00e8s un accident de voiture dans cette petite commune de Sarthe"},"content":{"rendered":"<p>            Par<br \/>\n        <strong><br \/>\n            <a href=\"https:\/\/actu.fr\/auteur\/aurelien-burban\" title=\"Consulter tous les articles de Aur\u00e9lien Burban\" rel=\"nofollow noopener\" target=\"_blank\">Aur\u00e9lien Burban<\/a><br \/>\n        <\/strong><\/p>\n<p>        Publi\u00e9 le<\/p>\n<p>            29 juin 2025 \u00e0 10h32        <\/p>\n<p>Quatre personnes impliqu\u00e9es. Dans la nuit du samedi 28 au dimanche 29 juin 2025, un <a href=\"https:\/\/actu.fr\/tag\/accident\" rel=\"nofollow noopener\" target=\"_blank\">accident<\/a> de voiture a eu lieu dans la campagne de <b>Soulitr\u00e9<\/b> (<a href=\"https:\/\/actu.fr\/pays-de-la-loire\/sarthe_72\" rel=\"nofollow noopener\" target=\"_blank\">Sarthe<\/a>).<\/p>\n<p>Quatre personnes bless\u00e9s apr\u00e8s un accident de voiture<\/p>\n<p class=\" wall-content\">Plus pr\u00e9cis\u00e9ment, un seul v\u00e9hicule est impliqu\u00e9, au niveau du lieu-dit La Roche Simon, \u00e0 22 h 41. <b>Quatre personnes ont \u00e9t\u00e9 bless\u00e9s l\u00e9g\u00e8rement<\/b>.<\/p>\n<p class=\" wall-content\">Ce qui a n\u00e9cessit\u00e9 l\u2019intervention de <b>17 sapeurs-pompiers<\/b> venus de <a href=\"https:\/\/actu.fr\/pays-de-la-loire\/challes_72053\" rel=\"nofollow noopener\" target=\"_blank\">Challes<\/a>, <a href=\"https:\/\/actu.fr\/pays-de-la-loire\/montfort-le-gesnois_72241\" rel=\"nofollow noopener\" target=\"_blank\">Montfort-le-Gesnois<\/a>, <a href=\"https:\/\/actu.fr\/pays-de-la-loire\/connerre_72090\" rel=\"nofollow noopener\" target=\"_blank\">Connerr\u00e9<\/a>, <a href=\"https:\/\/actu.fr\/pays-de-la-loire\/le-breil-sur-merize_72046\" rel=\"nofollow noopener\" target=\"_blank\">Le Breil-sur-M\u00e9rize<\/a>, <a href=\"https:\/\/actu.fr\/pays-de-la-loire\/bouloire_72042\" rel=\"nofollow noopener\" target=\"_blank\">Bouloire<\/a> et <a href=\"https:\/\/actu.fr\/pays-de-la-loire\/parigne-l-eveque_72231\" rel=\"nofollow noopener\" target=\"_blank\">Parign\u00e9-l\u2019\u00c9v\u00eaque<\/a>. Toutes les victimes ont \u00e9t\u00e9 transport\u00e9s au <a href=\"https:\/\/actu.fr\/tag\/centre-hospitalier-du-mans\" rel=\"nofollow noopener\" target=\"_blank\">Centre hospitalier du Mans<\/a>.<\/p>\n<p class=\" wall-content\">Suivez toute l\u2019actualit\u00e9 de vos villes et m\u00e9dias favoris en vous inscrivant \u00e0 <a href=\"https:\/\/moncompte.actu.fr\" title=\"D\u00e9couvez Mon Actu\" rel=\"nofollow noopener\" data-trk=\"{&quot;cta&quot;:{&quot;action&quot;:&quot;https:\\\/\\\/moncompte.actu.fr&quot;,&quot;category&quot;:&quot;mon compte&quot;,&quot;from&quot;:&quot;article footer&quot;,&quot;name&quot;:&quot;Mon actu&quot;,&quot;type&quot;:&quot;cta&quot;}}\" target=\"_blank\">Mon Actu<\/a>.<\/p>\n","protected":false},"excerpt":{"rendered":"Par Aur\u00e9lien Burban Publi\u00e9 le 29 juin 2025 \u00e0 10h32 Quatre personnes impliqu\u00e9es. Dans la nuit du samedi&hellip;\n","protected":false},"author":2,"featured_media":214773,"comment_status":"","ping_status":"","sticky":false,"template":"","format":"standard","meta":{"footnotes":""},"categories":[4],"tags":[119,11,646,118,1011,27,12,1311,25],"class_list":{"0":"post-214772","1":"post","2":"type-post","3":"status-publish","4":"format-standard","5":"has-post-thumbnail","7":"category-france","8":"tag-accident","9":"tag-actualites","10":"tag-automobile","11":"tag-faits-divers","12":"tag-fr","13":"tag-france","14":"tag-news","15":"tag-pompiers","16":"tag-republique-francaise"},"share_on_mastodon":{"url":"https:\/\/pubeurope.com\/@fr\/114770262385451056","error":""},"_links":{"self":[{"href":"https:\/\/www.europesays.com\/fr\/wp-json\/wp\/v2\/posts\/214772","targetHints":{"allow":["GET"]}}],"collection":[{"href":"https:\/\/www.europesays.com\/fr\/wp-json\/wp\/v2\/posts"}],"about":[{"href":"https:\/\/www.europesays.com\/fr\/wp-json\/wp\/v2\/types\/post"}],"author":[{"embeddable":true,"href":"https:\/\/www.europesays.com\/fr\/wp-json\/wp\/v2\/users\/2"}],"replies":[{"embeddable":true,"href":"https:\/\/www.europesays.com\/fr\/wp-json\/wp\/v2\/comments?post=214772"}],"version-history":[{"count":0,"href":"https:\/\/www.europesays.com\/fr\/wp-json\/wp\/v2\/posts\/214772\/revisions"}],"wp:featuredmedia":[{"embeddable":true,"href":"https:\/\/www.europesays.com\/fr\/wp-json\/wp\/v2\/media\/214773"}],"wp:attachment":[{"href":"https:\/\/www.europesays.com\/fr\/wp-json\/wp\/v2\/media?parent=214772"}],"wp:term":[{"taxonomy":"category","embeddable":true,"href":"https:\/\/www.europesays.com\/fr\/wp-json\/wp\/v2\/categories?post=214772"},{"taxonomy":"post_tag","embeddable":true,"href":"https:\/\/www.europesays.com\/fr\/wp-json\/wp\/v2\/tags?post=214772"}],"curies":[{"name":"wp","href":"https:\/\/api.w.org\/{rel}","templated":true}]}}