{"id":214779,"date":"2025-06-30T03:49:11","date_gmt":"2025-06-30T03:49:11","guid":{"rendered":"https:\/\/www.europesays.com\/fr\/214779\/"},"modified":"2025-06-30T03:49:11","modified_gmt":"2025-06-30T03:49:11","slug":"une-cellule-de-recherche-integree-aux-pratique-de-soins","status":"publish","type":"post","link":"https:\/\/www.europesays.com\/fr\/214779\/","title":{"rendered":"une cellule de recherche int\u00e9gr\u00e9e aux pratique de soins"},"content":{"rendered":"<p>C\u2019est un service m\u00e9connu, dont beaucoup de patients ne soup\u00e7onnent pas m\u00eame l\u2019existence. <\/p>\n<p>Pourtant, la cellule de recherche et d\u2019innovation <a href=\"https:\/\/www.estrepublicain.fr\/sante\/2025\/01\/26\/au-coeur-de-l-institut-regional-de-readaptation-trois-sites-au-service-des-patients\" target=\"_blank\" rel=\"noopener\">de l\u2019Institut r\u00e9gional de r\u00e9adaptation (IRR)<\/a> est un atout majeur dans l\u2019organisation de l\u2019institut. Et pour cause : l\u2019\u00e9tablissement nanc\u00e9ien est le seul du groupe UGECAM (Union pour la gestion des \u00e9tablissements des Caisses de l\u2019Assurance Maladie) \u00e0 poss\u00e9der un tel service. <\/p>\n<p>C\u2019est dire si la cr\u00e9ation de cette cellule fin 2019 est un jalon marquant dans l\u2019histoire de l\u2019IRR.<\/p>\n<p>\u00ab Historiquement, il y avait d\u00e9j\u00e0 une forte activit\u00e9 de recherche \u00e0 l\u2019IRR, pose Jonathan Pierret, responsable de la cellule. Les professionnels de sant\u00e9 conduisent beaucoup de projets en collaboration avec des institutionnels et industriels et on s\u2019est rendus compte qu\u2019il y avait un besoin de structurer et coordonner nos activit\u00e9s pour non pas contr\u00f4ler mais monitorer et \u00eatre certains qu\u2019on valorisait bien nos activit\u00e9s et mieux communiquer dessus. \u00bb<\/p>\n<p>Un conseil scientifique<\/p>\n<p>Un peu&#8230;<\/p>\n","protected":false},"excerpt":{"rendered":"C\u2019est un service m\u00e9connu, dont beaucoup de patients ne soup\u00e7onnent pas m\u00eame l\u2019existence. Pourtant, la cellule de recherche&hellip;\n","protected":false},"author":2,"featured_media":214780,"comment_status":"","ping_status":"","sticky":false,"template":"","format":"standard","meta":{"footnotes":""},"categories":[9635],"tags":[1111,11,3602,1707,1704,1706,1705,10174,1777,674,24494,1011,27,775,27128,3457,1702,12,25,71],"class_list":{"0":"post-214779","1":"post","2":"type-post","3":"status-publish","4":"format-standard","5":"has-post-thumbnail","7":"category-nancy","8":"tag-actu","9":"tag-actualites","10":"tag-edition-bar-le-duc","11":"tag-edition-luneville","12":"tag-edition-nancy-et-agglomeration","13":"tag-edition-pont-a-mousson","14":"tag-edition-toul","15":"tag-edition-verdun","16":"tag-eu","17":"tag-europe","18":"tag-flavigny-sur-moselle","19":"tag-fr","20":"tag-france","21":"tag-grand-est","22":"tag-lay-saint-christophe","23":"tag-meurthe-et-moselle","24":"tag-nancy","25":"tag-news","26":"tag-republique-francaise","27":"tag-sante"},"share_on_mastodon":{"url":"https:\/\/pubeurope.com\/@fr\/114770277999598473","error":""},"_links":{"self":[{"href":"https:\/\/www.europesays.com\/fr\/wp-json\/wp\/v2\/posts\/214779","targetHints":{"allow":["GET"]}}],"collection":[{"href":"https:\/\/www.europesays.com\/fr\/wp-json\/wp\/v2\/posts"}],"about":[{"href":"https:\/\/www.europesays.com\/fr\/wp-json\/wp\/v2\/types\/post"}],"author":[{"embeddable":true,"href":"https:\/\/www.europesays.com\/fr\/wp-json\/wp\/v2\/users\/2"}],"replies":[{"embeddable":true,"href":"https:\/\/www.europesays.com\/fr\/wp-json\/wp\/v2\/comments?post=214779"}],"version-history":[{"count":0,"href":"https:\/\/www.europesays.com\/fr\/wp-json\/wp\/v2\/posts\/214779\/revisions"}],"wp:featuredmedia":[{"embeddable":true,"href":"https:\/\/www.europesays.com\/fr\/wp-json\/wp\/v2\/media\/214780"}],"wp:attachment":[{"href":"https:\/\/www.europesays.com\/fr\/wp-json\/wp\/v2\/media?parent=214779"}],"wp:term":[{"taxonomy":"category","embeddable":true,"href":"https:\/\/www.europesays.com\/fr\/wp-json\/wp\/v2\/categories?post=214779"},{"taxonomy":"post_tag","embeddable":true,"href":"https:\/\/www.europesays.com\/fr\/wp-json\/wp\/v2\/tags?post=214779"}],"curies":[{"name":"wp","href":"https:\/\/api.w.org\/{rel}","templated":true}]}}