{"id":21479,"date":"2025-04-13T05:46:10","date_gmt":"2025-04-13T05:46:10","guid":{"rendered":"https:\/\/www.europesays.com\/fr\/21479\/"},"modified":"2025-04-13T05:46:10","modified_gmt":"2025-04-13T05:46:10","slug":"bordeaux-saint-malo-en-direct-compo-enjeu-et-contexte-en-avant-match-de-national-2","status":"publish","type":"post","link":"https:\/\/www.europesays.com\/fr\/21479\/","title":{"rendered":"Bordeaux &#8211; Saint-Malo en direct : compo, enjeu et contexte en avant-match de National 2"},"content":{"rendered":"<p>\n    12\/04 &#8211; 17:15 | Il y a<br \/>\n    15 heures\n  <\/p>\n<p><strong>Nous faisons un point complet en duplex du Matmut Atlantique avant le coup d&rsquo;envoi du match entre les Girondins de Bordeaux et l&rsquo;US Saint-Malo, 25e journ\u00e9e de N2, avec Laurent Crocis de L&rsquo;\u00c9quipe, Nicolas Pietrelli de WebGirondins et le chroniqueur Fr\u00e9d\u00e9ric Si\u00e8ze. Compos, enjeux et contexte sont pass\u00e9s au crible pendant 30 minutes.<\/strong><\/p>\n<p><img decoding=\"async\" src=\"https:\/\/www.europesays.com\/fr\/wp-content\/uploads\/2025\/04\/671_be8445a36035ebbca981b0ced49c5899.png\" alt=\"Bordeaux - Saint-Malo en direct : compo, enjeu et contexte en avant-match de National 2\" class=\"img-responsive mt-3\"\/><\/p>\n<p class=\"text-center mb-3\" style=\"font-size: 14px\">\u00a9 Iconsport<\/p>\n<p>Regarder l&rsquo;\u00e9mission sur cette page ou la cha\u00eene YouTube de WebGirondins :\u00a0<\/p>\n<p>Ce navigateur ne supporte pas les iframes<\/p>\n<p>\u00c0 lire aussi &gt;&gt;\u00a0<a href=\"https:\/\/www.webgirondins.com\/actualite-girondins-girondins-oliver-kahn-nous-avons-deja-mis-30-millions-d-euros-sur-la-table-128694\" target=\"_blank\" rel=\"noopener\"><strong>Oliver Kahn : \u00ab\u00a0Nous avons d\u00e9j\u00e0 mis 30 millions d\u2019euros sur la table\u00a0\u00bb<\/strong><\/a><\/p>\n<p>\u00a0<\/p>\n<p>\u00a0<\/p>\n<p>  COMMENTAIRES<br \/>\n  ()<\/p>\n","protected":false},"excerpt":{"rendered":"12\/04 &#8211; 17:15 | Il y a 15 heures Nous faisons un point complet en duplex du Matmut&hellip;\n","protected":false},"author":2,"featured_media":21480,"comment_status":"","ping_status":"","sticky":false,"template":"","format":"standard","meta":{"footnotes":""},"categories":[2817],"tags":[1111,11,2865,3917,3396,1997,3949,8031,8033,3952,3956,814,8034,8032,2834,3953,2263,1777,674,3947,1011,27,1987,3465,3955,6073,955,2862,3238,12,3946,2219,3948,25,3213],"class_list":{"0":"post-21479","1":"post","2":"type-post","3":"status-publish","4":"format-standard","5":"has-post-thumbnail","7":"category-bordeaux","8":"tag-actu","9":"tag-actualites","10":"tag-atlantique","11":"tag-avant","12":"tag-avec","13":"tag-bordeaux","14":"tag-complet","15":"tag-compo","16":"tag-contexte","17":"tag-coup","18":"tag-crocis","19":"tag-direct","20":"tag-duplex","21":"tag-enjeu","22":"tag-entre","23":"tag-envoi","24":"tag-equipe","25":"tag-eu","26":"tag-europe","27":"tag-faisons","28":"tag-fr","29":"tag-france","30":"tag-girondins","31":"tag-journee","32":"tag-laurent","33":"tag-malo","34":"tag-match","35":"tag-matmut","36":"tag-national","37":"tag-news","38":"tag-nous","39":"tag-nouvelle-aquitaine","40":"tag-point","41":"tag-republique-francaise","42":"tag-saint"},"share_on_mastodon":{"url":"https:\/\/pubeurope.com\/@fr\/114329078073887678","error":""},"_links":{"self":[{"href":"https:\/\/www.europesays.com\/fr\/wp-json\/wp\/v2\/posts\/21479","targetHints":{"allow":["GET"]}}],"collection":[{"href":"https:\/\/www.europesays.com\/fr\/wp-json\/wp\/v2\/posts"}],"about":[{"href":"https:\/\/www.europesays.com\/fr\/wp-json\/wp\/v2\/types\/post"}],"author":[{"embeddable":true,"href":"https:\/\/www.europesays.com\/fr\/wp-json\/wp\/v2\/users\/2"}],"replies":[{"embeddable":true,"href":"https:\/\/www.europesays.com\/fr\/wp-json\/wp\/v2\/comments?post=21479"}],"version-history":[{"count":0,"href":"https:\/\/www.europesays.com\/fr\/wp-json\/wp\/v2\/posts\/21479\/revisions"}],"wp:featuredmedia":[{"embeddable":true,"href":"https:\/\/www.europesays.com\/fr\/wp-json\/wp\/v2\/media\/21480"}],"wp:attachment":[{"href":"https:\/\/www.europesays.com\/fr\/wp-json\/wp\/v2\/media?parent=21479"}],"wp:term":[{"taxonomy":"category","embeddable":true,"href":"https:\/\/www.europesays.com\/fr\/wp-json\/wp\/v2\/categories?post=21479"},{"taxonomy":"post_tag","embeddable":true,"href":"https:\/\/www.europesays.com\/fr\/wp-json\/wp\/v2\/tags?post=21479"}],"curies":[{"name":"wp","href":"https:\/\/api.w.org\/{rel}","templated":true}]}}