{"id":214790,"date":"2025-06-30T04:03:08","date_gmt":"2025-06-30T04:03:08","guid":{"rendered":"https:\/\/www.europesays.com\/fr\/214790\/"},"modified":"2025-06-30T04:03:08","modified_gmt":"2025-06-30T04:03:08","slug":"un-detenu-meurt-dans-lincendie-de-sa-cellule-3","status":"publish","type":"post","link":"https:\/\/www.europesays.com\/fr\/214790\/","title":{"rendered":"Un d\u00e9tenu meurt dans l\u2019incendie de sa cellule"},"content":{"rendered":"<p><strong>drame &#8211; L\u2019origine du sinistre n\u2019a pas encore \u00e9t\u00e9 d\u00e9termin\u00e9e<\/strong><\/p>\n<p>Un d\u00e9tenu \u00e0 la maison d\u2019arr\u00eat de <a href=\"https:\/\/www.20minutes.fr\/strasbourg\/?at_medium=RSS%20feed&amp;at_campaign=ynews&amp;utm_source=yahoo&amp;utm_medium=rss&amp;utm_campaign=news_feed&amp;utm_content=in_article_link\" rel=\"nofollow noopener\" target=\"_blank\" data-ylk=\"slk:Strasbourg;elm:context_link;itc:0;sec:content-canvas\" class=\"link \">Strasbourg<\/a> est mort dimanche dans l\u2019<a href=\"https:\/\/www.20minutes.fr\/dossier\/incendie?at_medium=RSS%20feed&amp;at_campaign=ynews&amp;utm_source=yahoo&amp;utm_medium=rss&amp;utm_campaign=news_feed&amp;utm_content=in_article_link\" rel=\"nofollow noopener\" target=\"_blank\" data-ylk=\"slk:incendie;elm:context_link;itc:0;sec:content-canvas\" class=\"link \">incendie<\/a> de sa cellule, qu\u2019il occupait seul, a-t-on appris de source polici\u00e8re. L\u2019origine du sinistre n\u2019avait pas pu \u00eatre d\u00e9termin\u00e9e dimanche soir.<\/p>\n<p>L\u2019homme \u00e9tait <a href=\"https:\/\/www.20minutes.fr\/dossier\/prison?at_medium=RSS%20feed&amp;at_campaign=ynews&amp;utm_source=yahoo&amp;utm_medium=rss&amp;utm_campaign=news_feed&amp;utm_content=in_article_link\" rel=\"nofollow noopener\" target=\"_blank\" data-ylk=\"slk:incarc\u00e9r\u00e9;elm:context_link;itc:0;sec:content-canvas\" class=\"link \">incarc\u00e9r\u00e9<\/a> depuis le 16 octobre 2024 \u00e0 la maison d\u2019arr\u00eat de l\u2019Elsau, o\u00f9 sont d\u00e9tenues des personnes qui n\u2019ont pas encore \u00e9t\u00e9 condamn\u00e9es.<\/p>\n<p>200 morts par an<\/p>\n<p>Son identit\u00e9 et la raison pour laquelle il \u00e9tait en d\u00e9tention ne sont pas connues \u00e0 ce stade.<\/p>\n<p><a href=\"https:\/\/www.20minutes.fr\/dossier\/prison\" rel=\"nofollow noopener\" target=\"_blank\" data-ylk=\"slk:Tous nos articles sur les prisons;elm:context_link;itc:0;sec:content-canvas\" class=\"link \">Tous nos articles sur les prisons<\/a><\/p>\n<p>Plus de 200 personnes meurent chaque ann\u00e9e dans les prisons fran\u00e7aises, selon le collectif d\u2019associations Les mort\u00b7e\u00b7s de la prison, la majeure partie par suicide.<\/p>\n<p><a href=\"https:\/\/www.20minutes.fr\/societe\/4160989-20250629-strasbourg-detenu-meurt-incendie-cellule?at_medium=RSS%20feed&amp;at_campaign=ynews&amp;utm_source=yahoo&amp;utm_medium=rss&amp;utm_campaign=news_feed&amp;utm_content=read_more_link\" rel=\"nofollow noopener\" target=\"_blank\" data-ylk=\"slk:Lire la suite sur 20minutes;elm:context_link;itc:0;sec:content-canvas\" class=\"link \">Lire la suite sur 20minutes<\/a><\/p>\n<p>\u00c0 lire aussi :<br \/><a href=\"https:\/\/www.20minutes.fr\/faits_divers\/faits-divers-rennes\/4159301-20250619-passe-prison-rennes-homme-sauvagement-tue-codetenu?at_medium=RSS%20feed&amp;at_campaign=ynews&amp;utm_source=yahoo&amp;utm_medium=rss&amp;utm_campaign=news_feed&amp;utm_content=related_content_link\" rel=\"nofollow noopener\" target=\"_blank\" data-ylk=\"slk:Que s\u2019est-il pass\u00e9 \u00e0 la prison de Rennes o\u00f9 un homme a \u00e9t\u00e9 sauvagement tu\u00e9 par son cod\u00e9tenu ?;elm:context_link;itc:0;sec:content-canvas\" class=\"link \">Que s\u2019est-il pass\u00e9 \u00e0 la prison de Rennes o\u00f9 un homme a \u00e9t\u00e9 sauvagement tu\u00e9 par son cod\u00e9tenu ?<\/a><br \/><a href=\"https:\/\/www.20minutes.fr\/societe\/4159438-20250619-surpopulation-prisons-bord-rupture-alertent-directeurs-penitentiaires?at_medium=RSS%20feed&amp;at_campaign=ynews&amp;utm_source=yahoo&amp;utm_medium=rss&amp;utm_campaign=news_feed&amp;utm_content=related_content_link\" rel=\"nofollow noopener\" target=\"_blank\" data-ylk=\"slk:Les prisons \u00ab sont au bord de la rupture \u00bb \u00e0 cause du nombre de d\u00e9tenus, alertent des directeurs p\u00e9nitentiaires;elm:context_link;itc:0;sec:content-canvas\" class=\"link \">Les prisons \u00ab sont au bord de la rupture \u00bb \u00e0 cause du nombre de d\u00e9tenus, alertent des directeurs p\u00e9nitentiaires<\/a><\/p>\n","protected":false},"excerpt":{"rendered":"drame &#8211; L\u2019origine du sinistre n\u2019a pas encore \u00e9t\u00e9 d\u00e9termin\u00e9e Un d\u00e9tenu \u00e0 la maison d\u2019arr\u00eat de Strasbourg&hellip;\n","protected":false},"author":2,"featured_media":214791,"comment_status":"","ping_status":"","sticky":false,"template":"","format":"standard","meta":{"footnotes":""},"categories":[2820],"tags":[1111,11,9625,1777,674,1011,27,775,9804,12,35443,35442,25,640],"class_list":{"0":"post-214790","1":"post","2":"type-post","3":"status-publish","4":"format-standard","5":"has-post-thumbnail","7":"category-strasbourg","8":"tag-actu","9":"tag-actualites","10":"tag-detenu","11":"tag-eu","12":"tag-europe","13":"tag-fr","14":"tag-france","15":"tag-grand-est","16":"tag-maison-darret","17":"tag-news","18":"tag-prison-de-rennes","19":"tag-prisons-francaises","20":"tag-republique-francaise","21":"tag-strasbourg"},"share_on_mastodon":{"url":"https:\/\/pubeurope.com\/@fr\/114770333126541897","error":""},"_links":{"self":[{"href":"https:\/\/www.europesays.com\/fr\/wp-json\/wp\/v2\/posts\/214790","targetHints":{"allow":["GET"]}}],"collection":[{"href":"https:\/\/www.europesays.com\/fr\/wp-json\/wp\/v2\/posts"}],"about":[{"href":"https:\/\/www.europesays.com\/fr\/wp-json\/wp\/v2\/types\/post"}],"author":[{"embeddable":true,"href":"https:\/\/www.europesays.com\/fr\/wp-json\/wp\/v2\/users\/2"}],"replies":[{"embeddable":true,"href":"https:\/\/www.europesays.com\/fr\/wp-json\/wp\/v2\/comments?post=214790"}],"version-history":[{"count":0,"href":"https:\/\/www.europesays.com\/fr\/wp-json\/wp\/v2\/posts\/214790\/revisions"}],"wp:featuredmedia":[{"embeddable":true,"href":"https:\/\/www.europesays.com\/fr\/wp-json\/wp\/v2\/media\/214791"}],"wp:attachment":[{"href":"https:\/\/www.europesays.com\/fr\/wp-json\/wp\/v2\/media?parent=214790"}],"wp:term":[{"taxonomy":"category","embeddable":true,"href":"https:\/\/www.europesays.com\/fr\/wp-json\/wp\/v2\/categories?post=214790"},{"taxonomy":"post_tag","embeddable":true,"href":"https:\/\/www.europesays.com\/fr\/wp-json\/wp\/v2\/tags?post=214790"}],"curies":[{"name":"wp","href":"https:\/\/api.w.org\/{rel}","templated":true}]}}