{"id":214797,"date":"2025-06-30T04:07:23","date_gmt":"2025-06-30T04:07:23","guid":{"rendered":"https:\/\/www.europesays.com\/fr\/214797\/"},"modified":"2025-06-30T04:07:23","modified_gmt":"2025-06-30T04:07:23","slug":"sur-lile-de-nantes-limmeuble-echosphere-dedie-a-lindustrie-musicale-3","status":"publish","type":"post","link":"https:\/\/www.europesays.com\/fr\/214797\/","title":{"rendered":"Sur l\u2019\u00eele de Nantes, l\u2019immeuble Echosph\u00e8re d\u00e9di\u00e9 \u00e0 l\u2019industrie musicale"},"content":{"rendered":"<p>Des p\u00f4les th\u00e9matiques se dessinent peu \u00e0 peu sur l\u2019\u00eele de Nantes. Quartier R\u00e9publique, \u00e9galement appel\u00e9 quartier de la Sant\u00e9, les <a href=\"https:\/\/nantes.maville.com\/actu\/actudet_-quartier-de-la-sante-a-nantes-le-batiment-gina-est-la-piece-maitresse-de-la-recherche-_8-6862887_actu.Htm\" target=\"_blank\" rel=\"nofollow noopener\">start-up de la biotech<\/a> s\u2019installent \u00e0 c\u00f4t\u00e9 du nouveau CHU, dans le b\u00e2timent Gina. \u00c0 la pointe ouest de l\u2019\u00eele, les <a href=\"https:\/\/nantes.maville.com\/actu\/actudet_-sur-l-ile-de-nantes-le-fercam-accueillera-les-amateurs-de-sports-urbains-_52716-6861113_actu.Htm\" target=\"_blank\" rel=\"nofollow noopener\">amateurs de sports urbains<\/a> trouveront leur bonheur apr\u00e8s la r\u00e9novation de l\u2019ancien hangar de fret ferroviaire Fercam, \u00e0 l\u2019hiver 2027. Entre les deux, l\u2019am\u00e9nageur Samoa (1) a choisi de faire place \u00e0 la cr\u00e9ation culturelle.<\/p>\n<p>Selon nos informations, la construction d\u2019un immeuble de 6\u00a0000\u00a0m\u00b2 enti\u00e8rement consacr\u00e9 aux industries musicales, Echosph\u00e8re, figure dans le calendrier de l\u2019am\u00e9nageur. S\u2019il veut faire preuve de discr\u00e9tion sur ce projet, la parcelle est bel et bien r\u00e9serv\u00e9e, \u00e0 l\u2019angle du boulevard L\u00e9on-Bureau et du boulevard de l\u2019Estuaire, face \u00e0 l\u2019actuel groupe scolaire Jos\u00e9phine-Baker. \u00c0 deux pas du studio de r\u00e9p\u00e9tition Trempo et de la salle de concert St\u00e9r\u00e9olux. La conception d\u2019Echosph\u00e8re est confi\u00e9e \u00e0 NFU Prod (Nouvelles fonctions urbaines), plateforme de production de projets immobiliers, qui le qualifie de <strong>\u00ab\u00a0premier immeuble \u00e9cosyst\u00e9mique pour l\u2019industrie musicale port\u00e9 par sa communaut\u00e9\u00a0\u00bb.<\/strong> La ma\u00eetrise d\u2019\u0153uvre sera assur\u00e9e par l\u2019atelier d\u2019architecture Raum-Cigu\u00eb.<\/p>\n<p>\t<img decoding=\"async\" src=\"https:\/\/www.europesays.com\/fr\/wp-content\/uploads\/2025\/06\/P35321758D6876911G_px_640_.jpg\" alt=\"photo le visuel de nfu prod laisse entrevoir la future configuration d\u2019echosph\u00e8re, sur l\u2019\u00eelot dean.  \u00a9  nfu prod\" width=\"640\" title=\" Le visuel de NFU Prod laisse entrevoir la future configuration d\u2019Echosph\u00e8re, sur l\u2019\u00eelot Dean.   NFU Prod \"\/><\/p>\n<p class=\"elmt-legende\"> Le visuel de NFU Prod laisse entrevoir la future configuration d\u2019Echosph\u00e8re, sur l\u2019\u00eelot Dean.   NFU Prod <\/p>\n<p>Plusieurs structures nantaises, depuis quelques mois, \u00e9changent sur leurs attentes autour d\u2019Echosph\u00e8re\u00a0: Wizard pictures (production audiovisuelle), le Collectif \u00d8p\u00e9ra, Trempo, Culture Bar-Bars (\u00e9v\u00e9nements culturels), la F\u00e9d\u00e9ration des lieux de musique actuelle (Fedelima), Pick Up production (arts du spectacle vivant), L\u2019incroyable studio (production cin\u00e9matographique), Terminus (studio d\u2019animation), Clack (production vid\u00e9o)\u2026 Mais aucune date de d\u00e9but de chantier n\u2019est pour l\u2019heure connue.<\/p>\n<p>Maison de la danse valid\u00e9e<\/p>\n<p>Sur la parcelle voisine, le long du boulevard L\u00e9on-Bureau et du futur tramway, le projet de la <a href=\"https:\/\/nantes.maville.com\/actu\/actudet_-a-nantes-la-maison-de-la-danse-au-rythme-du-hip-hop-_52716-6502018_actu.Htm\" target=\"_blank\" rel=\"nofollow noopener\">Maison de la danse<\/a> a re\u00e7u le feu vert des services de l\u2019urbanisme de la Ville. Le permis de construire a \u00e9t\u00e9 d\u00e9livr\u00e9 au printemps. Comme nous l\u2019\u00e9crivions l\u2019automne dernier, la Maison de la danse se r\u00e9partira sur trois studios de 120\u00a0m\u00b2 chacun. Le rez-de-chauss\u00e9e sera destin\u00e9 \u00e0 la pratique libre et amateure du hip-hop.<\/p>\n<p>Le b\u00e2timent, compris dans une op\u00e9ration immobili\u00e8re de trois immeubles de bureau du promoteur B\u00e2ti-Nantes, pour une surface totale de 9\u00a0300\u00a0m\u00b2, aura \u00e9galement vocation \u00e0 accueillir des classes et des habitants de l\u2019\u00eele de Nantes. Pick Up production et le Centre chor\u00e9graphique national de Nantes (CCNN) travaillent actuellement sur les contours du projet, dont la livraison est pr\u00e9vue fin 2027.<\/p>\n<p>\t<img decoding=\"async\" src=\"https:\/\/www.europesays.com\/fr\/wp-content\/uploads\/2025\/06\/P35321759D6876911G_px_640_.jpg\" alt=\"photo la maison de la danse prendra place au pied des tours de bureaux de l\u2019\u00eelot dory-dona.  \u00a9  bourbouze et graindorge \/ jean-fran\u00e7ois madec \/ b\u00e2ti-nantes\" width=\"640\" title=\" La Maison de la danse prendra place au pied des tours de bureaux de l\u2019\u00eelot Dory-Dona.   Bourbouze et Graindorge \/ Jean-Fran\u00e7ois Madec \/ B\u00e2ti-Nantes \"\/><\/p>\n<p class=\"elmt-legende\"> La Maison de la danse prendra place au pied des tours de bureaux de l\u2019\u00eelot Dory-Dona.   Bourbouze et Graindorge \/ Jean-Fran\u00e7ois Madec \/ B\u00e2ti-Nantes <\/p>\n<p>\t<img decoding=\"async\" src=\"https:\/\/www.europesays.com\/fr\/wp-content\/uploads\/2025\/06\/P35321760D6876911G_px_640_.jpg\" alt=\"photo l\u2019autorisation du permis de construire d\u00e9livr\u00e9 au promoteur b\u00e2ti-nantes par les services de l\u2019urbanisme de la ville.  \u00a9  ouest-france\" width=\"640\" title=\" L\u2019autorisation du permis de construire d\u00e9livr\u00e9 au promoteur B\u00e2ti-Nantes par les services de l\u2019urbanisme de la Ville.   Ouest-France \"\/><\/p>\n<p class=\"elmt-legende\"> L\u2019autorisation du permis de construire d\u00e9livr\u00e9 au promoteur B\u00e2ti-Nantes par les services de l\u2019urbanisme de la Ville.   Ouest-France <\/p>\n<p>(1) La Samoa n\u2019a pas souhait\u00e9 r\u00e9pondre \u00e0 nos questions.<\/p>\n<p>\u00a0<\/p>\n","protected":false},"excerpt":{"rendered":"Des p\u00f4les th\u00e9matiques se dessinent peu \u00e0 peu sur l\u2019\u00eele de Nantes. Quartier R\u00e9publique, \u00e9galement appel\u00e9 quartier de&hellip;\n","protected":false},"author":2,"featured_media":214377,"comment_status":"","ping_status":"","sticky":false,"template":"","format":"standard","meta":{"footnotes":""},"categories":[2818],"tags":[1111,11,2192,9728,35380,1777,674,1011,27,4323,5480,693,3724,766,12,2636,25],"class_list":{"0":"post-214797","1":"post","2":"type-post","3":"status-publish","4":"format-standard","5":"has-post-thumbnail","7":"category-nantes","8":"tag-actu","9":"tag-actualites","10":"tag-cholet","11":"tag-dedie","12":"tag-echosphere","13":"tag-eu","14":"tag-europe","15":"tag-fr","16":"tag-france","17":"tag-ile","18":"tag-immeuble","19":"tag-industrie","20":"tag-musicale","21":"tag-nantes","22":"tag-news","23":"tag-pays-de-la-loire","24":"tag-republique-francaise"},"share_on_mastodon":{"url":"https:\/\/pubeurope.com\/@fr\/114770349316038659","error":""},"_links":{"self":[{"href":"https:\/\/www.europesays.com\/fr\/wp-json\/wp\/v2\/posts\/214797","targetHints":{"allow":["GET"]}}],"collection":[{"href":"https:\/\/www.europesays.com\/fr\/wp-json\/wp\/v2\/posts"}],"about":[{"href":"https:\/\/www.europesays.com\/fr\/wp-json\/wp\/v2\/types\/post"}],"author":[{"embeddable":true,"href":"https:\/\/www.europesays.com\/fr\/wp-json\/wp\/v2\/users\/2"}],"replies":[{"embeddable":true,"href":"https:\/\/www.europesays.com\/fr\/wp-json\/wp\/v2\/comments?post=214797"}],"version-history":[{"count":0,"href":"https:\/\/www.europesays.com\/fr\/wp-json\/wp\/v2\/posts\/214797\/revisions"}],"wp:featuredmedia":[{"embeddable":true,"href":"https:\/\/www.europesays.com\/fr\/wp-json\/wp\/v2\/media\/214377"}],"wp:attachment":[{"href":"https:\/\/www.europesays.com\/fr\/wp-json\/wp\/v2\/media?parent=214797"}],"wp:term":[{"taxonomy":"category","embeddable":true,"href":"https:\/\/www.europesays.com\/fr\/wp-json\/wp\/v2\/categories?post=214797"},{"taxonomy":"post_tag","embeddable":true,"href":"https:\/\/www.europesays.com\/fr\/wp-json\/wp\/v2\/tags?post=214797"}],"curies":[{"name":"wp","href":"https:\/\/api.w.org\/{rel}","templated":true}]}}