{"id":214804,"date":"2025-06-30T04:11:11","date_gmt":"2025-06-30T04:11:11","guid":{"rendered":"https:\/\/www.europesays.com\/fr\/214804\/"},"modified":"2025-06-30T04:11:11","modified_gmt":"2025-06-30T04:11:11","slug":"orages-et-fortes-chaleurs-annonces","status":"publish","type":"post","link":"https:\/\/www.europesays.com\/fr\/214804\/","title":{"rendered":"orages et fortes chaleurs annonc\u00e9s"},"content":{"rendered":"<p>            Par<br \/>\n        <strong><br \/>\n            <a href=\"https:\/\/actu.fr\/auteur\/marie-lamarque\" title=\"Consulter tous les articles de Marie Lamarque\" rel=\"nofollow noopener\" target=\"_blank\">Marie Lamarque<\/a><br \/>\n        <\/strong><\/p>\n<p>        Publi\u00e9 le<\/p>\n<p>            30 juin 2025 \u00e0 5h10        <\/p>\n<p>Il fera encore tr\u00e8s chaud <a href=\"https:\/\/actu.fr\/toulouse\/\" rel=\"nofollow noopener\" target=\"_blank\">\u00e0 Toulouse<\/a> et en Occitanie ce lundi 30 juin 2025. M\u00e9t\u00e9o-France a <strong>maintenu sa vigilance orange<\/strong> sur toute la r\u00e9gion. Localement, on pourrait encore <strong>atteindre ou fr\u00f4ler les 40\u00b0C dans l\u2019apr\u00e8s-midi<\/strong>. Le point sur les pr\u00e9visions.<\/p>\n<p>39\u00b0C \u00e0 Toulouse<\/p>\n<p class=\" wall-content\">Les fortes chaleurs vont encore se faire ressentir dans la Ville rose ce lundi, et ce, d\u00e8s la matin\u00e9e. Il fera d\u00e9j\u00e0 <strong>24\u00b0C en d\u00e9but de journ\u00e9e, puis 39\u00b0C dans l\u2019apr\u00e8s-midi<\/strong>. Mais le ressenti pourrait \u00eatre bien plus important :<strong> jusqu\u2019\u00e0 43\u00b0C<\/strong>.<\/p>\n<p class=\" wall-content\">Le soleil va s\u2019imposer tout au long de ce lundi.<\/p>\n<p>    <img   decoding=\"async\" loading=\"lazy\" src=\"https:\/\/www.europesays.com\/fr\/wp-content\/uploads\/2025\/06\/meteo-toulouse-chaleur-1-960x640.png\" alt=\"Les pr\u00e9visions \u00e0 Toulouse pour ce lundi 30 juin 2025.\" width=\"960\" height=\"640\"\/><br \/>\n    Les pr\u00e9visions \u00e0 Toulouse pour ce lundi 30 juin 2025. (\u00a9Capture d\u2019\u00e9cran \/ M\u00e9t\u00e9o-France)Des orages pourraient \u00e9clater en Occitanie<\/p>\n<p class=\" wall-content\">En Occitanie aussi, le mercure sera bien \u00e9lev\u00e9. On pourrait atteindre les<strong> 41\u00b0C \u00e0 Cahors, 39\u00b0C \u00e0 Auch, 40\u00b0C \u00e0 Carcassonne<\/strong>. Ailleurs, M\u00e9t\u00e9o-France annonce aussi <strong>37\u00b0C \u00e0 N\u00eemes, 34\u00b0C \u00e0 Rodez ou encore 35\u00b0C \u00e0 Perpignan<\/strong>.<\/p>\n<p>Vid\u00e9os : en ce moment sur Actu<\/p>\n<p class=\" wall-content\">Si le soleil sera dominant dans la r\u00e9gion tout au long de la journ\u00e9e, <strong>des orages pourraient \u00e9clater<\/strong> dans l\u2019apr\u00e8s-midi en Loz\u00e8re et dans le Gard, mais aussi en Ari\u00e8ge.<\/p>\n<p>    <img   decoding=\"async\" loading=\"lazy\" src=\"https:\/\/www.europesays.com\/fr\/wp-content\/uploads\/2025\/06\/meteo-occitanie-previsions-2-960x640.png\" alt=\"Les pr\u00e9visions en Occitanie.\" width=\"960\" height=\"640\"\/><br \/>\n    Les pr\u00e9visions en Occitanie. (\u00a9Capture d\u2019\u00e9cran \/ M\u00e9t\u00e9o-France)<\/p>\n<p class=\" wall-content\">Suivez toute l\u2019actualit\u00e9 de vos villes et m\u00e9dias favoris en vous inscrivant \u00e0 <a href=\"https:\/\/moncompte.actu.fr\" title=\"D\u00e9couvez Mon Actu\" rel=\"nofollow noopener\" data-trk=\"{&quot;cta&quot;:{&quot;action&quot;:&quot;https:\\\/\\\/moncompte.actu.fr&quot;,&quot;category&quot;:&quot;mon compte&quot;,&quot;from&quot;:&quot;article footer&quot;,&quot;name&quot;:&quot;Mon actu&quot;,&quot;type&quot;:&quot;cta&quot;}}\" target=\"_blank\">Mon Actu<\/a>.<\/p>\n","protected":false},"excerpt":{"rendered":"Par Marie Lamarque Publi\u00e9 le 30 juin 2025 \u00e0 5h10 Il fera encore tr\u00e8s chaud \u00e0 Toulouse et&hellip;\n","protected":false},"author":2,"featured_media":214805,"comment_status":"","ping_status":"","sticky":false,"template":"","format":"standard","meta":{"footnotes":""},"categories":[2816],"tags":[1111,11,1777,674,1011,27,2487,2357,12,2680,25,2312],"class_list":{"0":"post-214804","1":"post","2":"type-post","3":"status-publish","4":"format-standard","5":"has-post-thumbnail","7":"category-toulouse","8":"tag-actu","9":"tag-actualites","10":"tag-eu","11":"tag-europe","12":"tag-fr","13":"tag-france","14":"tag-meteo","15":"tag-meteo-france","16":"tag-news","17":"tag-occitanie","18":"tag-republique-francaise","19":"tag-toulouse"},"share_on_mastodon":{"url":"https:\/\/pubeurope.com\/@fr\/114770364599204235","error":""},"_links":{"self":[{"href":"https:\/\/www.europesays.com\/fr\/wp-json\/wp\/v2\/posts\/214804","targetHints":{"allow":["GET"]}}],"collection":[{"href":"https:\/\/www.europesays.com\/fr\/wp-json\/wp\/v2\/posts"}],"about":[{"href":"https:\/\/www.europesays.com\/fr\/wp-json\/wp\/v2\/types\/post"}],"author":[{"embeddable":true,"href":"https:\/\/www.europesays.com\/fr\/wp-json\/wp\/v2\/users\/2"}],"replies":[{"embeddable":true,"href":"https:\/\/www.europesays.com\/fr\/wp-json\/wp\/v2\/comments?post=214804"}],"version-history":[{"count":0,"href":"https:\/\/www.europesays.com\/fr\/wp-json\/wp\/v2\/posts\/214804\/revisions"}],"wp:featuredmedia":[{"embeddable":true,"href":"https:\/\/www.europesays.com\/fr\/wp-json\/wp\/v2\/media\/214805"}],"wp:attachment":[{"href":"https:\/\/www.europesays.com\/fr\/wp-json\/wp\/v2\/media?parent=214804"}],"wp:term":[{"taxonomy":"category","embeddable":true,"href":"https:\/\/www.europesays.com\/fr\/wp-json\/wp\/v2\/categories?post=214804"},{"taxonomy":"post_tag","embeddable":true,"href":"https:\/\/www.europesays.com\/fr\/wp-json\/wp\/v2\/tags?post=214804"}],"curies":[{"name":"wp","href":"https:\/\/api.w.org\/{rel}","templated":true}]}}