{"id":214812,"date":"2025-06-30T04:16:08","date_gmt":"2025-06-30T04:16:08","guid":{"rendered":"https:\/\/www.europesays.com\/fr\/214812\/"},"modified":"2025-06-30T04:16:08","modified_gmt":"2025-06-30T04:16:08","slug":"lyon-mesurer-le-ressenti-emotionnel-des-habitants-pour-amenager-la-ville","status":"publish","type":"post","link":"https:\/\/www.europesays.com\/fr\/214812\/","title":{"rendered":"Lyon : mesurer le ressenti \u00e9motionnel des habitants pour am\u00e9nager la ville"},"content":{"rendered":"<p>C&rsquo;est une d\u00e9marche nouvelle, qui vise \u00e0 mesurer le ressenti \u00e9motionnel des habitants pour mieux s&rsquo;en inspirer en amont des projets urbains. De Confluence \u00e0 Guilloti\u00e8re, quel est l&rsquo;int\u00e9r\u00eat de ces enqu\u00eates ?<\/p>\n<p>Ce lundi 30 juin, Lyon accueillera la premi\u00e8re \u00e9dition des <b>Assises Internationales de la Ville Sensible<\/b>. <\/p>\n<p>\u00c9lus, architectes, promoteurs immobiliers : les professionnels de la ville seront au rendez-vous pour \u00e9changer sur une approche nouvelle, bas\u00e9e sur les cinq sens. <\/p>\n<p>Mesurer le bien-\u00eatre en partant du ressenti<\/p>\n<p>Ce que l&rsquo;on entend, ce que l&rsquo;on voit, ce que l&rsquo;on sent&#8230; Les enqu\u00eates de <b>SenCit\u00e9<\/b> questionnent aussi notre rapport aux autres, nos interactions sociales. <\/p>\n<p>\u00ab\u00a0On cherche \u00e0 comprendre ce que ressentent les habitants quand ils sont dans leur quartier, pour aller au travail, au parc, \u00e0 la cr\u00e8che&#8230; Qu&rsquo;est-ce que la ville leur renvoie ? Quelles sont leurs \u00e9motions, leur attachement \u00e0 certains \u00e9l\u00e9ments ?\u00a0\u00bb, interroge <b>Olivia Cuir<\/b>, fondatrice de SenCit\u00e9.<\/p>\n<p>Ainsi, deux quartiers de Confluences ont \u00e9t\u00e9 soumis \u00e0 cette enqu\u00eate de 75 questions, \u00e0 travers un \u00e9chantillon repr\u00e9sentatif de la population. La m\u00eame d\u00e9marche est en cours \u00e0 Guilloti\u00e8re. <\/p>\n<p>Le quotient \u00e9motionnel ainsi mesur\u00e9 est pr\u00e9sente comme \u00ab\u00a0un nouvel indicateur\u00a0\u00bb pour penser la ville de demain. <\/p>\n<p>Pour en savoir plus sur les Assises de la Ville Sensible, <a class=\"url\" href=\"https:\/\/sencite-ville.com\/actualites\/les-premieres-assises-internationales-de-la-ville-sensible-un-evenement-incontournable-pour-penser-la-ville-de-demain\/\" target=\"_blank\" rel=\"noopener\">rendez-vous ici !<\/a><\/p>\n<p><\/p>\n","protected":false},"excerpt":{"rendered":"C&rsquo;est une d\u00e9marche nouvelle, qui vise \u00e0 mesurer le ressenti \u00e9motionnel des habitants pour mieux s&rsquo;en inspirer en&hellip;\n","protected":false},"author":2,"featured_media":214813,"comment_status":"","ping_status":"","sticky":false,"template":"","format":"standard","meta":{"footnotes":""},"categories":[1889],"tags":[1111,11,2430,27517,1777,674,1011,27,2428,12,35447,25,4071,35446,4824],"class_list":{"0":"post-214812","1":"post","2":"type-post","3":"status-publish","4":"format-standard","5":"has-post-thumbnail","7":"category-lyon","8":"tag-actu","9":"tag-actualites","10":"tag-auvergne-rhone-alpes","11":"tag-emotions","12":"tag-eu","13":"tag-europe","14":"tag-fr","15":"tag-france","16":"tag-lyon","17":"tag-news","18":"tag-quotient","19":"tag-republique-francaise","20":"tag-sens","21":"tag-sensible","22":"tag-ville"},"share_on_mastodon":{"url":"https:\/\/pubeurope.com\/@fr\/114770384274571018","error":""},"_links":{"self":[{"href":"https:\/\/www.europesays.com\/fr\/wp-json\/wp\/v2\/posts\/214812","targetHints":{"allow":["GET"]}}],"collection":[{"href":"https:\/\/www.europesays.com\/fr\/wp-json\/wp\/v2\/posts"}],"about":[{"href":"https:\/\/www.europesays.com\/fr\/wp-json\/wp\/v2\/types\/post"}],"author":[{"embeddable":true,"href":"https:\/\/www.europesays.com\/fr\/wp-json\/wp\/v2\/users\/2"}],"replies":[{"embeddable":true,"href":"https:\/\/www.europesays.com\/fr\/wp-json\/wp\/v2\/comments?post=214812"}],"version-history":[{"count":0,"href":"https:\/\/www.europesays.com\/fr\/wp-json\/wp\/v2\/posts\/214812\/revisions"}],"wp:featuredmedia":[{"embeddable":true,"href":"https:\/\/www.europesays.com\/fr\/wp-json\/wp\/v2\/media\/214813"}],"wp:attachment":[{"href":"https:\/\/www.europesays.com\/fr\/wp-json\/wp\/v2\/media?parent=214812"}],"wp:term":[{"taxonomy":"category","embeddable":true,"href":"https:\/\/www.europesays.com\/fr\/wp-json\/wp\/v2\/categories?post=214812"},{"taxonomy":"post_tag","embeddable":true,"href":"https:\/\/www.europesays.com\/fr\/wp-json\/wp\/v2\/tags?post=214812"}],"curies":[{"name":"wp","href":"https:\/\/api.w.org\/{rel}","templated":true}]}}