{"id":214824,"date":"2025-06-30T04:23:10","date_gmt":"2025-06-30T04:23:10","guid":{"rendered":"https:\/\/www.europesays.com\/fr\/214824\/"},"modified":"2025-06-30T04:23:10","modified_gmt":"2025-06-30T04:23:10","slug":"apres-paris-2024-les-avancees-peinent-a-suivre","status":"publish","type":"post","link":"https:\/\/www.europesays.com\/fr\/214824\/","title":{"rendered":"apr\u00e8s Paris 2024, les avanc\u00e9es peinent \u00e0 suivre"},"content":{"rendered":"<p style=\"font-style: italic\" itemprop=\"description\">Pr\u00e8s d&rsquo;un an apr\u00e8s les Jeux de Paris 2024, le regard de la soci\u00e9t\u00e9 sur le handicap a \u00e9volu\u00e9, mais des changements concrets au b\u00e9n\u00e9fice des personnes handicap\u00e9es se font encore attendre dans la Capitale, d\u00e9plorent des associations.<\/p>\n<p>Par Vanessa Carronnier<\/p>\n<p>Les Jeux de Paris 2024 devaient \u00ab\u00a0\u00eatre l&rsquo;occasion d&rsquo;un coup d&rsquo;acc\u00e9l\u00e9rateur pour une soci\u00e9t\u00e9 plus inclusive\u00a0\u00bb, avait d\u00e9clar\u00e9 un an avant les comp\u00e9titions \u00c9lisabeth Borne, alors Premi\u00e8re ministre. Le gouvernement avait promis de faire de cet \u00e9v\u00e9nement un levier pour l&rsquo;accessibilit\u00e9. Un an plus tard, les associations regrettent que l&rsquo;h\u00e9ritage concret pour les personnes en situation de handicap reste limit\u00e9.<\/p>\n<p><strong>Une audience in\u00e9dite pour le parasport<\/strong><strong\/><\/p>\n<p>Organis\u00e9s pour la premi\u00e8re fois sur le sol fran\u00e7ais du 28 ao\u00fbt au 8 septembre 2024, les Jeux paralympiques ont rassembl\u00e9 quelque 4 4000 para-athl\u00e8tes, en lice dans 549 \u00e9preuves. Basket-fauteuil, c\u00e9cifoot ou encore boccia\u00a0: en France, six personnes sur dix ont regard\u00e9 au moins une comp\u00e9tition paralympique, selon une \u00e9tude de l&rsquo;Injep (<a href=\"https:\/\/informations.handicap.fr\/a-paris-2024-un-bilan-spectaculaire-pour-les-jo-et-les-jp-37231.php\" onclick=\"javascript:tracking_innerlink(&#039;38165&#039;,&#039;&#039;,&#039;Lien_page&#039;,&#039;https:\/\/informations.handicap.fr\/a-paris-2024-un-bilan-spectaculaire-pour-les-jo-et-les-jp-37231.php&#039;,&#039;https:\/\/www.handicap.fr\/tracking.php?s=1&#039;);\" rel=\"nofollow noopener\" target=\"_blank\">Paris 2024 : un bilan spectaculaire pour les JO et les JP!<\/a>). \u00ab\u00a0On a pu voir une diversit\u00e9 de handicaps, des performances sportives, des portraits d&rsquo;athl\u00e8tes, ce qui a permis de changer de mani\u00e8re positive le regard sur les personnes handicap\u00e9es\u00a0\u00bb, commente Aude Moulin Delalande, responsable sport de l&rsquo;APF France handicap. \u00ab\u00a0Mais, maintenant, il faut continuer \u00e0 travailler pour changer leur place dans la soci\u00e9t\u00e9.\u00a0\u00bb<\/p>\n<p><strong>Des promesses d&rsquo;accessibilit\u00e9&#8230; partiellement tenues<\/strong><strong\/><\/p>\n<p>C\u00f4t\u00e9 accessibilit\u00e9, les organisateurs des Jeux avaient affich\u00e9 de grandes ambitions. Certaines avanc\u00e9es ont \u00e9t\u00e9 salu\u00e9es\u00a0: annonces sonores sur les lignes de m\u00e9tro d\u00e9pourvues, automates de vente avec interface vocale \u00e0 la RATP, espaces pour chiens guides et salles \u00e9quip\u00e9es \u00e0 ADP, ou encore programme de mise en accessibilit\u00e9 dans 547 des 736 gares prioritaires pour la SNCF (<a href=\"https:\/\/informations.handicap.fr\/a-jo-2024-un-booster-d-accessibilite-pour-les-villes-36565.php\" onclick=\"javascript:tracking_innerlink(&#039;38165&#039;,&#039;&#039;,&#039;Lien_page&#039;,&#039;https:\/\/informations.handicap.fr\/a-jo-2024-un-booster-d-accessibilite-pour-les-villes-36565.php&#039;,&#039;https:\/\/www.handicap.fr\/tracking.php?s=1&#039;);\" rel=\"nofollow noopener\" target=\"_blank\">JO 2024 : un booster d&rsquo;accessibilit\u00e9 pour les villes<\/a>).<\/p>\n<p>Mais, pour Arnaud de Broca, pr\u00e9sident du Collectif handicaps, \u00ab\u00a0les Jeux n&rsquo;ont pas entra\u00een\u00e9 de changement structurel de la soci\u00e9t\u00e9, mais ce n&rsquo;est pas ce qu&rsquo;on peut attendre d&rsquo;un \u00e9v\u00e9nement sportif ponctuel\u00a0\u00bb. Il regrette toutefois que le gouvernement \u00ab\u00a0se soit peu mobilis\u00e9 pour changer les choses\u00a0\u00bb.<\/p>\n<p><strong>Une prise de conscience mais un manque d&rsquo;actions<\/strong><strong\/><\/p>\n<p>L&rsquo;ann\u00e9e 2025 a aussi marqu\u00e9 les 20 ans de la loi Handicap de 2005 (<a href=\"https:\/\/informations.handicap.fr\/a-loi-de-2005-toujours-pas-appliquee-place-a-l-action-37653.php\" onclick=\"javascript:tracking_innerlink(&#039;38165&#039;,&#039;&#039;,&#039;Lien_page&#039;,&#039;https:\/\/informations.handicap.fr\/a-loi-de-2005-toujours-pas-appliquee-place-a-l-action-37653.php&#039;,&#039;https:\/\/www.handicap.fr\/tracking.php?s=1&#039;);\" rel=\"nofollow noopener\" target=\"_blank\">Loi de 2005 toujours pas appliqu\u00e9e : place \u00e0 l&rsquo;action!<\/a>). L&rsquo;ex\u00e9cutif en a profit\u00e9 pour annoncer quelques mesures\u00a0: contr\u00f4les d&rsquo;accessibilit\u00e9, accessibilit\u00e9 num\u00e9rique, clubs sportifs inclusifs. Mais les associations les jugent largement insuffisantes. \u00ab\u00a0On parle davantage de handicap, on prend en compte la parole des personnes, il y a eu une prise de conscience\u00a0\u00bb, reconna\u00eet Bruno Gendron, pr\u00e9sident de la F\u00e9d\u00e9ration des aveugles et amblyopes de France. \u00ab\u00a0Mais, dans les faits, tout le travail est encore \u00e0 r\u00e9aliser.\u00a0\u00bb<\/p>\n<p><strong>Un regain d&rsquo;int\u00e9r\u00eat pour la pratique sportive<\/strong><strong\/><\/p>\n<p>C\u00f4t\u00e9 sport, la dynamique est pourtant tangible. \u00ab\u00a0On a gagn\u00e9 cette ann\u00e9e +10 \u00e0 15\u00a0% de licenci\u00e9s\u00a0\u00bb, indique Christophe Carayon, directeur technique national adjoint de la F\u00e9d\u00e9ration fran\u00e7aise handisport. Une hausse \u00ab\u00a0significative\u00a0\u00bb, notamment dans certaines disciplines comme la boccia, dans laquelle la Fran\u00e7aise Aur\u00e9lie Aubert a remport\u00e9 une m\u00e9daille d&rsquo;or (<a href=\"https:\/\/informations.handicap.fr\/a-21-de-licences-de-boccia-l-effet-aurelie-aubert-37819.php\" onclick=\"javascript:tracking_innerlink(&#039;38165&#039;,&#039;&#039;,&#039;Lien_page&#039;,&#039;https:\/\/informations.handicap.fr\/a-21-de-licences-de-boccia-l-effet-aurelie-aubert-37819.php&#039;,&#039;https:\/\/www.handicap.fr\/tracking.php?s=1&#039;);\" rel=\"nofollow noopener\" target=\"_blank\">+21 % de licences de boccia : \u00ab\u00a0l&rsquo;effet Aur\u00e9lie Aubert\u00a0\u00bb!<\/a>). Mais l\u00e0 encore, les limites sont rapidement atteintes. \u00ab\u00a0La principale difficult\u00e9 reste le manque d&rsquo;accessibilit\u00e9 des infrastructures sportives\u00a0\u00bb, insiste-t-il.<\/p>\n<p>\u00a9 Paris 2024<\/p>\n<p>\u00ab Tous droits de reproduction et de repr\u00e9sentation r\u00e9serv\u00e9s.\u00a9 (2025) Agence France-Presse.Toutes les informations reproduites sur cette page sont prot\u00e9g\u00e9es par des droits de propri\u00e9t\u00e9 intellectuelle d\u00e9tenus par l&rsquo;AFP. Par cons\u00e9quent, aucune de ces informations ne peut \u00eatre reproduite, modifi\u00e9e, rediffus\u00e9e, traduite, exploit\u00e9e commercialement ou r\u00e9utilis\u00e9e de quelque mani\u00e8re que ce soit sans l&rsquo;accord pr\u00e9alable \u00e9crit de l&rsquo;AFP. L&rsquo;AFP ne pourra \u00eatre tenue pour responsable des d\u00e9lais, erreurs, omissions qui ne peuvent \u00eatre exclus, ni des cons\u00e9quences des actions ou transactions effectu\u00e9es sur la base de ces informations \u00bb.<\/p>\n<p>\n\t\tTh\u00e8mes : <\/p>\n","protected":false},"excerpt":{"rendered":"Pr\u00e8s d&rsquo;un an apr\u00e8s les Jeux de Paris 2024, le regard de la soci\u00e9t\u00e9 sur le handicap a&hellip;\n","protected":false},"author":2,"featured_media":214825,"comment_status":"","ping_status":"","sticky":false,"template":"","format":"standard","meta":{"footnotes":""},"categories":[1888],"tags":[26087,11,1777,674,1011,27,1943,330,12,26667,21053,35448,626,5856,25],"class_list":{"0":"post-214824","1":"post","2":"type-post","3":"status-publish","4":"format-standard","5":"has-post-thumbnail","7":"category-paris","8":"tag-accessibilite","9":"tag-actualites","10":"tag-eu","11":"tag-europe","12":"tag-fr","13":"tag-france","14":"tag-handicap","15":"tag-jeux","16":"tag-news","17":"tag-obstacles","18":"tag-olympiques","19":"tag-paralympiques","20":"tag-paris","21":"tag-paris-2024","22":"tag-republique-francaise"},"share_on_mastodon":{"url":"https:\/\/pubeurope.com\/@fr\/114770412439521744","error":""},"_links":{"self":[{"href":"https:\/\/www.europesays.com\/fr\/wp-json\/wp\/v2\/posts\/214824","targetHints":{"allow":["GET"]}}],"collection":[{"href":"https:\/\/www.europesays.com\/fr\/wp-json\/wp\/v2\/posts"}],"about":[{"href":"https:\/\/www.europesays.com\/fr\/wp-json\/wp\/v2\/types\/post"}],"author":[{"embeddable":true,"href":"https:\/\/www.europesays.com\/fr\/wp-json\/wp\/v2\/users\/2"}],"replies":[{"embeddable":true,"href":"https:\/\/www.europesays.com\/fr\/wp-json\/wp\/v2\/comments?post=214824"}],"version-history":[{"count":0,"href":"https:\/\/www.europesays.com\/fr\/wp-json\/wp\/v2\/posts\/214824\/revisions"}],"wp:featuredmedia":[{"embeddable":true,"href":"https:\/\/www.europesays.com\/fr\/wp-json\/wp\/v2\/media\/214825"}],"wp:attachment":[{"href":"https:\/\/www.europesays.com\/fr\/wp-json\/wp\/v2\/media?parent=214824"}],"wp:term":[{"taxonomy":"category","embeddable":true,"href":"https:\/\/www.europesays.com\/fr\/wp-json\/wp\/v2\/categories?post=214824"},{"taxonomy":"post_tag","embeddable":true,"href":"https:\/\/www.europesays.com\/fr\/wp-json\/wp\/v2\/tags?post=214824"}],"curies":[{"name":"wp","href":"https:\/\/api.w.org\/{rel}","templated":true}]}}