{"id":21487,"date":"2025-04-13T05:51:14","date_gmt":"2025-04-13T05:51:14","guid":{"rendered":"https:\/\/www.europesays.com\/fr\/21487\/"},"modified":"2025-04-13T05:51:14","modified_gmt":"2025-04-13T05:51:14","slug":"une-application-innovante-pour-une-ville-plus-inclusive","status":"publish","type":"post","link":"https:\/\/www.europesays.com\/fr\/21487\/","title":{"rendered":"une application innovante pour une ville plus inclusive"},"content":{"rendered":"<p>\u00ab\u00a0L\u2019application My easy access est devenue un outil au quotidien. Elle fonctionne \u00e0 la mani\u00e8re de Waze, on choisit sa destination et son itin\u00e9raire pour aller au restaurant ou faire du shopping, je n\u2019ai pas besoin d\u2019anticiper et je peux enfin agir de mani\u00e8re spontan\u00e9e, malgr\u00e9 mon fauteuil\u00a0\u00bb, explique St\u00e9phanie Goncalves. Depuis le mois de janvier, la jeune femme en<a href=\"https:\/\/www.laprovence.com\/article\/france-monde\/8231543871237114\/handicap-malgre-la-reglementation-une-accessibilite-toujours-defaillante-au-quotidien\" target=\"_blank\" rel=\"noopener\"> situation de handicap<\/a> est devenue contributrice de cette application qui a vu le jour il y a un peu plus d\u2019un an dans les bureaux du groupe Michelin, \u00e0 Clermont-Ferrand.<\/p>\n","protected":false},"excerpt":{"rendered":"\u00ab\u00a0L\u2019application My easy access est devenue un outil au quotidien. Elle fonctionne \u00e0 la mani\u00e8re de Waze, on&hellip;\n","protected":false},"author":2,"featured_media":21488,"comment_status":"","ping_status":"","sticky":false,"template":"","format":"standard","meta":{"footnotes":""},"categories":[2814],"tags":[17,1111,11,8035,1777,674,1011,27,1943,8036,884,12,471,882,16,25,96],"class_list":{"0":"post-21487","1":"post","2":"type-post","3":"status-publish","4":"format-standard","5":"has-post-thumbnail","7":"category-marseille","8":"tag-17","9":"tag-actu","10":"tag-actualites","11":"tag-application","12":"tag-eu","13":"tag-europe","14":"tag-fr","15":"tag-france","16":"tag-handicap","17":"tag-innovante","18":"tag-marseille","19":"tag-news","20":"tag-pour","21":"tag-provence-alpes-cote-dazur","22":"tag-region","23":"tag-republique-francaise","24":"tag-une"},"share_on_mastodon":{"url":"https:\/\/pubeurope.com\/@fr\/114329097534628198","error":""},"_links":{"self":[{"href":"https:\/\/www.europesays.com\/fr\/wp-json\/wp\/v2\/posts\/21487","targetHints":{"allow":["GET"]}}],"collection":[{"href":"https:\/\/www.europesays.com\/fr\/wp-json\/wp\/v2\/posts"}],"about":[{"href":"https:\/\/www.europesays.com\/fr\/wp-json\/wp\/v2\/types\/post"}],"author":[{"embeddable":true,"href":"https:\/\/www.europesays.com\/fr\/wp-json\/wp\/v2\/users\/2"}],"replies":[{"embeddable":true,"href":"https:\/\/www.europesays.com\/fr\/wp-json\/wp\/v2\/comments?post=21487"}],"version-history":[{"count":0,"href":"https:\/\/www.europesays.com\/fr\/wp-json\/wp\/v2\/posts\/21487\/revisions"}],"wp:featuredmedia":[{"embeddable":true,"href":"https:\/\/www.europesays.com\/fr\/wp-json\/wp\/v2\/media\/21488"}],"wp:attachment":[{"href":"https:\/\/www.europesays.com\/fr\/wp-json\/wp\/v2\/media?parent=21487"}],"wp:term":[{"taxonomy":"category","embeddable":true,"href":"https:\/\/www.europesays.com\/fr\/wp-json\/wp\/v2\/categories?post=21487"},{"taxonomy":"post_tag","embeddable":true,"href":"https:\/\/www.europesays.com\/fr\/wp-json\/wp\/v2\/tags?post=21487"}],"curies":[{"name":"wp","href":"https:\/\/api.w.org\/{rel}","templated":true}]}}