{"id":214882,"date":"2025-06-30T04:58:13","date_gmt":"2025-06-30T04:58:13","guid":{"rendered":"https:\/\/www.europesays.com\/fr\/214882\/"},"modified":"2025-06-30T04:58:13","modified_gmt":"2025-06-30T04:58:13","slug":"saint-etienne-metropole-va-revolutionner-lamenagement-du-territoire","status":"publish","type":"post","link":"https:\/\/www.europesays.com\/fr\/214882\/","title":{"rendered":"SAINT-\u00c9TIENNE M\u00c9TROPOLE VA R\u00c9VOLUTIONNER L&rsquo;AM\u00c9NAGEMENT DU TERRITOIRE"},"content":{"rendered":"<p>Cette r\u00e9glementation, fruit de plusieurs ann\u00e9es de concertation avec les 53 communes membres, d\u00e9finira pendant quinze ans les r\u00e8gles du jeu pour tous ceux qui r\u00eavent de construire, r\u00e9nover ou simplement planter un abri de jardin. Gilles Thizy, responsable de la coh\u00e9sion territoriale m\u00e9tropolitaine, accompagn\u00e9 de sa coll\u00e8gue Nadia Semache, a d\u00e9voil\u00e9 les grandes lignes de ce document qui fera date. L\u2019objectif ? Organiser intelligemment le d\u00e9veloppement urbain en \u00e9vitant les d\u00e9rives du pass\u00e9.<\/p>\n<p>L\u2019une des mesures phares concerne l\u2019h\u00f4tellerie. Termin\u00e9 l\u2019\u00e9poque des \u00e9tablissements de fortune install\u00e9s n\u2019importe o\u00f9 ! D\u00e9sormais, seuls des h\u00e9bergements de qualit\u00e9 pourront voir le jour dans les centres urbains. Une mani\u00e8re de valoriser l\u2019attractivit\u00e9 des villes tout en pr\u00e9servant les espaces p\u00e9riph\u00e9riques.<\/p>\n<p>Six plans pour tout encadrer<\/p>\n<p>Premier outil de ce nouveau dispositif, le plan des destinations cartographie pr\u00e9cis\u00e9ment l\u2019usage de chaque parcelle. Commerce par ici, logement par l\u00e0, \u00e9quipements collectifs ailleurs. Il identifie \u00e9galement les zones n\u00e9cessitant une attention particuli\u00e8re en mati\u00e8re de mixit\u00e9 sociale et r\u00e9serve certains emplacements pour les futurs am\u00e9nagements routiers.<\/p>\n<p>Chaque maire pourra d\u00e9sormais prot\u00e9ger les tr\u00e9sors de sa commune gr\u00e2ce au plan des patrimoines. Qu\u2019il s\u2019agisse d\u2019un portail historique \u00e0 La Gimond ou de la fa\u00e7ade embl\u00e9matique du Caf\u00e9 de la gare \u00e0 Ch\u00e2teaucreux, rien n\u2019\u00e9chappera \u00e0 cette protection renforc\u00e9e.<\/p>\n<p>Le plan des vigilances r\u00e9pertorie tous les secteurs pr\u00e9sentant des risques particuliers : nuisances sonores, pollution atmosph\u00e9rique, anciens sites miniers\u2026 Mieux vaut \u00eatre averti avant d\u2019acheter ! Gr\u00e2ce au plan des hauteurs, plus de surprise sur la taille autoris\u00e9e des constructions. Chaque zone aura ses limites, exprim\u00e9es en m\u00e8tres ou en nombre d\u2019\u00e9tages. Le plan des implantations fixe les r\u00e8gles de voisinage en d\u00e9finissant les distances minimales et maximales entre les b\u00e2timents et les limites de propri\u00e9t\u00e9s. Enfin, le plan de coefficient de biotope impose un pourcentage minimum d\u2019espaces v\u00e9g\u00e9talis\u00e9s ou perm\u00e9ables sur chaque terrain. La nature reprend ses droits !<\/p>\n<p>Quatre grandes familles de zones<\/p>\n<p>Pour simplifier la compr\u00e9hension du territoire, les espaces sont class\u00e9s en quatre cat\u00e9gories distinctes :<\/p>\n<p><strong>Les zones urbaines<\/strong>\u00a0regroupent tous les secteurs d\u00e9j\u00e0 b\u00e2tis et \u00e9quip\u00e9s.<\/p>\n<p><strong>Les zones \u00e0 urbaniser<\/strong>\u00a0concernent les terrains vierges destin\u00e9s \u00e0 accueillir de futures constructions.<\/p>\n<p><strong>Les zones naturelles<\/strong>\u00a0prot\u00e8gent les espaces forestiers et les sites remarquables pour leur biodiversit\u00e9.<\/p>\n<p><strong>Les zones agricoles<\/strong>\u00a0pr\u00e9servent les terres cultiv\u00e9es et autorisent uniquement les b\u00e2timents li\u00e9s \u00e0 l\u2019activit\u00e9 agricole.<\/p>\n<p>Du sur-mesure pour chaque quartier<\/p>\n<p>\u00c0 l\u2019int\u00e9rieur des zones urbaines, une subdivision plus fine permet d\u2019adapter les r\u00e8gles aux sp\u00e9cificit\u00e9s locales. Les zones mixtes (UM) autorisent habitat et activit\u00e9s diverses, les zones r\u00e9sidentielles (UR) privil\u00e9gient le logement, les zones d\u2019\u00e9quipement (UE) accueillent les services publics, tandis que les zones \u00e9conomiques (UF) se consacrent aux entreprises.<\/p>\n<p>Concr\u00e8tement, dans une zone mixte, on pourra implanter \u00e9coles, commerces, restaurants et cin\u00e9mas. Les h\u00f4tels resteront possibles mais devront respecter des crit\u00e8res stricts. En revanche, le commerce de gros sera formellement interdit.<\/p>\n<p>Les plus impatients devront encore patienter. Si le document sera finalis\u00e9 d\u2019ici fin 2025, son application effective n\u2019interviendra qu\u2019apr\u00e8s validation par l\u2019\u00c9tat, le D\u00e9partement, la R\u00e9gion et autres organismes comp\u00e9tents. Une enqu\u00eate publique de plusieurs mois compl\u00e9tera le processus, repoussant l\u2019entr\u00e9e en vigueur \u00e0 fin 2027.<\/p>\n<p>Venez vous informer !<\/p>\n<p>Quatre r\u00e9unions publiques permettront aux habitants de d\u00e9couvrir ces nouvelles r\u00e8gles :<\/p>\n<ul class=\"wp-block-list\">\n<li>Saint-\u00c9tienne : 7 juillet, 18h-20h, Maison de l\u2019emploi (retransmission en direct)<\/li>\n<li>Rive-de-Gier : 8 juillet, 18h-20h, salle Michel-Dessel<\/li>\n<li>Andr\u00e9zieux-Bouth\u00e9on : 9 juillet, 18h-20h, salle Andrena<\/li>\n<li>Le Chambon-Feugerolles : 10 juillet, 18h-20h, salle Louis-Aragon<\/li>\n<\/ul>\n","protected":false},"excerpt":{"rendered":"Cette r\u00e9glementation, fruit de plusieurs ann\u00e9es de concertation avec les 53 communes membres, d\u00e9finira pendant quinze ans les&hellip;\n","protected":false},"author":2,"featured_media":127604,"comment_status":"","ping_status":"","sticky":false,"template":"","format":"standard","meta":{"footnotes":""},"categories":[9653],"tags":[1111,11,2430,33,1777,674,1011,27,11079,3367,7357,12,25,9838,9669,4001],"class_list":{"0":"post-214882","1":"post","2":"type-post","3":"status-publish","4":"format-standard","5":"has-post-thumbnail","7":"category-saint-etienne","8":"tag-actu","9":"tag-actualites","10":"tag-auvergne-rhone-alpes","11":"tag-economie","12":"tag-eu","13":"tag-europe","14":"tag-fr","15":"tag-france","16":"tag-habitation","17":"tag-loire","18":"tag-montbrison","19":"tag-news","20":"tag-republique-francaise","21":"tag-roanne","22":"tag-saint-chamond","23":"tag-saint-etienne"},"share_on_mastodon":{"url":"https:\/\/pubeurope.com\/@fr\/114770549346489332","error":""},"_links":{"self":[{"href":"https:\/\/www.europesays.com\/fr\/wp-json\/wp\/v2\/posts\/214882","targetHints":{"allow":["GET"]}}],"collection":[{"href":"https:\/\/www.europesays.com\/fr\/wp-json\/wp\/v2\/posts"}],"about":[{"href":"https:\/\/www.europesays.com\/fr\/wp-json\/wp\/v2\/types\/post"}],"author":[{"embeddable":true,"href":"https:\/\/www.europesays.com\/fr\/wp-json\/wp\/v2\/users\/2"}],"replies":[{"embeddable":true,"href":"https:\/\/www.europesays.com\/fr\/wp-json\/wp\/v2\/comments?post=214882"}],"version-history":[{"count":0,"href":"https:\/\/www.europesays.com\/fr\/wp-json\/wp\/v2\/posts\/214882\/revisions"}],"wp:featuredmedia":[{"embeddable":true,"href":"https:\/\/www.europesays.com\/fr\/wp-json\/wp\/v2\/media\/127604"}],"wp:attachment":[{"href":"https:\/\/www.europesays.com\/fr\/wp-json\/wp\/v2\/media?parent=214882"}],"wp:term":[{"taxonomy":"category","embeddable":true,"href":"https:\/\/www.europesays.com\/fr\/wp-json\/wp\/v2\/categories?post=214882"},{"taxonomy":"post_tag","embeddable":true,"href":"https:\/\/www.europesays.com\/fr\/wp-json\/wp\/v2\/tags?post=214882"}],"curies":[{"name":"wp","href":"https:\/\/api.w.org\/{rel}","templated":true}]}}