{"id":214885,"date":"2025-06-30T05:07:17","date_gmt":"2025-06-30T05:07:17","guid":{"rendered":"https:\/\/www.europesays.com\/fr\/214885\/"},"modified":"2025-06-30T05:07:17","modified_gmt":"2025-06-30T05:07:17","slug":"au-petit-quevilly-un-boulevard-devient-une-piste-de-karting","status":"publish","type":"post","link":"https:\/\/www.europesays.com\/fr\/214885\/","title":{"rendered":"au Petit-Quevilly, un boulevard devient \u00ab une piste de karting \u00bb"},"content":{"rendered":"<p>            Par<br \/>\n        <strong><br \/>\n            <a href=\"https:\/\/actu.fr\/auteur\/fmass\" title=\"Consulter tous les articles de Fabien Massin\" target=\"_blank\" rel=\"noopener\">Fabien Massin<\/a><br \/>\n        <\/strong><\/p>\n<p>        Publi\u00e9 le<\/p>\n<p>            30 juin 2025 \u00e0 6h44        <\/p>\n<p>Un dramatique accident fin mai\u00a02025 \u2014 <a href=\"https:\/\/actu.fr\/normandie\/le-petit-quevilly_76498\/accident-au-petit-quevilly-les-voitures-s-embrasent-un-mort-et-deux-blesses-en-urgence-absolue_62711278.html\" target=\"_blank\" rel=\"noopener\">deux v\u00e9hicules se sont embras\u00e9s et un homme a perdu la vie<\/a> \u2014 est venu tristement le rappeler\u2009: le <strong>boulevard du 11-Novembre<\/strong> au <a href=\"https:\/\/actu.fr\/normandie\/le-petit-quevilly_76498\" target=\"_blank\" rel=\"noopener\">Petit-Quevilly (Seine-Maritime)<\/a> est accidentog\u00e8ne. Un axe rectiligne entre le rond-point des Bruy\u00e8res et le carrefour des Chartreux, par o\u00f9 passe une voie de <a href=\"https:\/\/actu.fr\/tag\/reseau-astuce-tcar\" target=\"_blank\" rel=\"noopener\">Teor<\/a> (T4), et <strong>qui se poursuit jusqu\u2019au Z\u00e9nith<\/strong>. Les riverains constatent et d\u00e9noncent r\u00e9guli\u00e8rement des vitesses excessives \u2014 dans une zone o\u00f9 la vitesse est pourtant limit\u00e9e \u00e0 30\u00a0km\/h \u2014, des courses nocturnes et des accidents fr\u00e9quents. C\u00f4t\u00e9 ville du Petit-Quevilly et <a href=\"https:\/\/actu.fr\/tag\/metropole-rouen\" target=\"_blank\" rel=\"noopener\">M\u00e9tropole Rouen Normandie<\/a>, on t\u00e2che d\u2019apporter des solutions pour s\u00e9curiser le boulevard.<\/p>\n<p>\u00ab\u2009C\u2019est devenu une piste de karting\u2009\u00bb<\/p>\n<p class=\" wall-content\"><strong>Herminio<\/strong> habite ici depuis 30\u00a0ans, \u00e0 proximit\u00e9 de l\u2019arr\u00eat de Teor 11-Novembre. \u00ab\u2009Il y a eu cet accident, mais en fait \u00e7a n\u2019arr\u00eate pas\u2009\u00bb, d\u00e9plore-t-il. \u00ab\u2009R\u00e9cemment, il y en a eu \u00e9galement un au croisement des Chartreux. \u00c7a roule vite ici, des voitures arrachent r\u00e9guli\u00e8rement des poteaux, la nuit, on voit des automobilistes griller les feux rouges.\u2009\u00bb<\/p>\n<blockquote class=\"ac-article-quote wall-content\">\n<p>C&rsquo;est limit\u00e9 \u00e0 30 km\/h, mais si d\u00e9j\u00e0 les voitures roulaient \u00e0 50 ce serait bien. Et les voitures continuent comme \u00e7a avenue des Canadiens, c&rsquo;est devenu une piste de karting. Il y aura d&rsquo;autre accidents c&rsquo;est s\u00fbr.\u00a0<\/p>\n<p>    <strong>Herminio<\/strong><br \/>\n        riverain du boulevard du 11-Novembre    <\/p><\/blockquote>\n<p class=\" wall-content\">Personnellement, le riverain aimerait que plus de feux rouges soient mis en place, \u00ab\u2009pour ralentir les voitures\u2009\u00bb, ainsi qu\u2019un radar et pourquoi pas des ralentisseurs.<\/p>\n<p>\u00ab\u2009Une voiture sur l\u2019axe normale et l\u2019autre sur la voie du Teor\u2009\u00bb<\/p>\n<p class=\" wall-content\">\u00c0 quelques maisons de l\u00e0, <strong>Thierry Leconte<\/strong> est un pourfendeur des am\u00e9nagements apport\u00e9s dans le cadre de l\u2019arriv\u00e9e de la T4. En ce sens,<a href=\"https:\/\/actu.fr\/normandie\/le-petit-quevilly_76498\/pres-rouen-amenagements-t4-compliquent-vie-commercants-riverains_25849008.html\" target=\"_blank\" rel=\"noopener\"> il a lanc\u00e9 une p\u00e9tition en ligne d\u00e8s 2019<\/a>. Sur la vitesse et la dangerosit\u00e9 du boulevard, il t\u00e9moigne\u2009: \u00ab\u2009<strong>Cela fait des mois et des mois qu\u2019il y a des \u00ab\u2009runs\u2009\u00bb sur cet axe<\/strong>, surtout la nuit de samedi \u00e0 dimanche vers 3-4\u00a0heures du matin. Ces \u00ab\u2009runs\u2009\u00bb sont tr\u00e8s brefs et ne durent que quelques minutes. Une des voitures roule sur l\u2019axe normal et l\u2019autre sur la voie du Teor. Le tout \u00e0 fond les ballons.\u2009\u00bb<\/p>\n<p class=\" wall-content\">Selon lui, les <strong>bordures centrales<\/strong> constituent \u00e9galement un danger\u2009: \u00ab\u2009Ces bordures cens\u00e9es ralentir la circulation automobile ne jouent pas leur r\u00f4le\u2009\u00bb, estime le riverain. \u00ab\u2009Bien au contraire, elles occupent une quantit\u00e9 \u00e9norme d\u2019espace public, pour rien.\u2009\u00bb \u00c0 ses yeux, elles sont m\u00eame \u00ab\u2009accidentog\u00e8nes\u2009\u00bb.<\/p>\n<p>    <img   decoding=\"async\" loading=\"lazy\" src=\"https:\/\/www.europesays.com\/fr\/wp-content\/uploads\/2025\/06\/accident-boulevard-11-novembre-petit-quevilly-960x640.jpg\" alt=\"Fin mai 2025, un dramatique accident s'est produit sur le boulevard : deux v\u00e9hicules se sont embras\u00e9s et un homme a perdu la vie.\" width=\"960\" height=\"640\"\/><br \/>\n    Fin mai\u00a02025, un dramatique accident s\u2019est produit sur le boulevard du 11-Novembre\u2009: deux v\u00e9hicules se sont embras\u00e9s (\u00e0 cause de la pr\u00e9sence protoxyde d\u2019azote) et un homme a perdu la vie. (\u00a9FM\/76actu)<\/p>\n<p class=\" wall-content\">Du c\u00f4t\u00e9 de la Ville et de la M\u00e9tropole (qui a la comp\u00e9tence voirie), on est bien conscient des probl\u00e8mes rencontr\u00e9s sur le boulevard du 11-Novembre. Une r\u00e9union \u00e0 ce propos a eu lieu dans le courant du mois de juin.<\/p>\n<p class=\" wall-content\">\u00ab\u2009Les relev\u00e9s effectu\u00e9s par les services de la M\u00e9tropole montrent que<strong> 80\u2009% des voitures roulent au-dessus de 40\u00a0km\/h<\/strong> et des vitesses allant jusqu\u2019\u00e0 130\u00a0km\/heures ont \u00e9t\u00e9 constat\u00e9es\u2009\u00bb, informe <strong>Charlotte Goujon<\/strong>, maire du Petit-Quevilly, vice-pr\u00e9sidente de la M\u00e9tropole en charge de la transition \u00e9cologique. \u00ab\u2009Les riverains nous alertent, il y a des accidents corporels et on observe que du mobilier urbain est d\u00e9grad\u00e9 du fait d\u2019accidents. En g\u00e9n\u00e9ral, tout cela se produit la nuit.\u2009\u00bb<\/p>\n<blockquote class=\"ac-article-quote wall-content\">\n<p>Les exc\u00e8s de vitesse ne sont pas li\u00e9s aux am\u00e9nagements mais aux comportements. N\u00e9anmoins on ne peut pas se satisfaire de \u00e7a. Nous avons ainsi renforc\u00e9 la signalisation indiquant la zone 30, avec des panneaux et du marquage au sol. La pr\u00e9sence de notre police municipale a \u00e9t\u00e9 renforc\u00e9e, elle fait ici des passages r\u00e9guliers et verbalise le cas \u00e9ch\u00e9ant.<\/p>\n<p>    <strong>Charlotte Goujon<\/strong><br \/>\n        mairie du Petit-Quevilly    <\/p><\/blockquote>\n<p class=\" wall-content\">Mais cela n\u2019est pas encore suffisant selon l\u2019\u00e9lue. \u00ab\u2009Nous esp\u00e9rons que l\u2019\u00c9tat acc\u00e8de \u00e0 notre demande d\u2019installation d\u2019un <strong>radar de vitesse qui verbalise<\/strong> sur cet axe. La M\u00e9tropole r\u00e9fl\u00e9chit \u00e0 installer une cam\u00e9ra au carrefour Gambetta\/11-Novembre. Nous examinons \u00e9galement la possibilit\u00e9 de <strong>bloquer l\u2019acc\u00e8s la voie de Teor la nuit<\/strong>.\u2009\u00bb<\/p>\n<p>Suivez l\u2019actualit\u00e9 de Rouen sur notre <a href=\"https:\/\/www.whatsapp.com\/channel\/0029VaKfnf99hXF2ddApFB1D\" target=\"_blank\" rel=\"noopener\">cha\u00eene WhatsApp<\/a> et sur notre <a href=\"https:\/\/www.tiktok.com\/@76actu.fr?lang=fr\" target=\"_blank\" rel=\"noopener\">compte TikTok<\/a><\/p>\n<p class=\" wall-content\">Suivez toute l\u2019actualit\u00e9 de vos villes et m\u00e9dias favoris en vous inscrivant \u00e0 <a href=\"https:\/\/moncompte.actu.fr\" title=\"D\u00e9couvez Mon Actu\" rel=\"nofollow noopener\" data-trk=\"{&quot;cta&quot;:{&quot;action&quot;:&quot;https:\\\/\\\/moncompte.actu.fr&quot;,&quot;category&quot;:&quot;mon compte&quot;,&quot;from&quot;:&quot;article footer&quot;,&quot;name&quot;:&quot;Mon actu&quot;,&quot;type&quot;:&quot;cta&quot;}}\" target=\"_blank\">Mon Actu<\/a>.<\/p>\n<p>                    <script async src=\"\/\/www.tiktok.com\/embed.js\"><\/script><\/p>\n","protected":false},"excerpt":{"rendered":"Par Fabien Massin Publi\u00e9 le 30 juin 2025 \u00e0 6h44 Un dramatique accident fin mai\u00a02025 \u2014 deux v\u00e9hicules&hellip;\n","protected":false},"author":2,"featured_media":214886,"comment_status":"","ping_status":"","sticky":false,"template":"","format":"standard","meta":{"footnotes":""},"categories":[9587],"tags":[119,1111,11,1777,674,118,1011,27,9725,12,5161,25,9590,31790],"class_list":{"0":"post-214885","1":"post","2":"type-post","3":"status-publish","4":"format-standard","5":"has-post-thumbnail","7":"category-rouen","8":"tag-accident","9":"tag-actu","10":"tag-actualites","11":"tag-eu","12":"tag-europe","13":"tag-faits-divers","14":"tag-fr","15":"tag-france","16":"tag-metropole-rouen","17":"tag-news","18":"tag-normandie","19":"tag-republique-francaise","20":"tag-rouen","21":"tag-teor"},"share_on_mastodon":{"url":"https:\/\/pubeurope.com\/@fr\/114770584776371340","error":""},"_links":{"self":[{"href":"https:\/\/www.europesays.com\/fr\/wp-json\/wp\/v2\/posts\/214885","targetHints":{"allow":["GET"]}}],"collection":[{"href":"https:\/\/www.europesays.com\/fr\/wp-json\/wp\/v2\/posts"}],"about":[{"href":"https:\/\/www.europesays.com\/fr\/wp-json\/wp\/v2\/types\/post"}],"author":[{"embeddable":true,"href":"https:\/\/www.europesays.com\/fr\/wp-json\/wp\/v2\/users\/2"}],"replies":[{"embeddable":true,"href":"https:\/\/www.europesays.com\/fr\/wp-json\/wp\/v2\/comments?post=214885"}],"version-history":[{"count":0,"href":"https:\/\/www.europesays.com\/fr\/wp-json\/wp\/v2\/posts\/214885\/revisions"}],"wp:featuredmedia":[{"embeddable":true,"href":"https:\/\/www.europesays.com\/fr\/wp-json\/wp\/v2\/media\/214886"}],"wp:attachment":[{"href":"https:\/\/www.europesays.com\/fr\/wp-json\/wp\/v2\/media?parent=214885"}],"wp:term":[{"taxonomy":"category","embeddable":true,"href":"https:\/\/www.europesays.com\/fr\/wp-json\/wp\/v2\/categories?post=214885"},{"taxonomy":"post_tag","embeddable":true,"href":"https:\/\/www.europesays.com\/fr\/wp-json\/wp\/v2\/tags?post=214885"}],"curies":[{"name":"wp","href":"https:\/\/api.w.org\/{rel}","templated":true}]}}