{"id":214887,"date":"2025-06-30T05:10:15","date_gmt":"2025-06-30T05:10:15","guid":{"rendered":"https:\/\/www.europesays.com\/fr\/214887\/"},"modified":"2025-06-30T05:10:15","modified_gmt":"2025-06-30T05:10:15","slug":"la-municipalite-essaye-de-masquer-le-desastre-culturel","status":"publish","type":"post","link":"https:\/\/www.europesays.com\/fr\/214887\/","title":{"rendered":"LA MUNICIPALIT\u00c9 ESSAYE DE MASQUER LE D\u00c9SASTRE CULTUREL"},"content":{"rendered":"<p>Posted On 30 juin 2025 <\/p>\n<p style=\"text-align: justify;\">La municipalit\u00e9 Piolle tente tant bien que mal de trouver des motifs de r\u00e9jouissance. <a target=\"_blank\" href=\"https:\/\/c.ledauphine.com\/culture-loisirs\/2025\/06\/25\/3000-spectateurs-en-plus-pour-le-theatre-municipal-en-2024-2025\" rel=\"noopener\">Derni\u00e8rement, dans le Dauphin\u00e9 Lib\u00e9r\u00e9<\/a> elle se f\u00e9licite d\u2019une timide hausse de 3 000 spectateurs au th\u00e9\u00e2tre municipal. Une goutte d&rsquo;eau triomphante qui n&rsquo;enraye aucunement le d\u00e9clin de l&rsquo;institution ces derni\u00e8res ann\u00e9es.<\/p>\n<p>L&rsquo;\u00c9ROSION VERTIGINEUSE DU NOMBRE DE SPECTATEURS<\/p>\n<p style=\"text-align: justify;\">Si le th\u00e9\u00e2tre a p\u00e9niblement attir\u00e9 14 400 spectateurs cette saison, il convient de rappeler pour avoir un ordre de grandeur en t\u00eate qu&rsquo;il en attirait&#8230; 54 000 en 2002\/2003, <a href=\"https:\/\/grenoble-le-changement.fr\/2025\/02\/01\/quand-lhistoire-du-theatre-de-grenoble-rejoint-lactualite\/\" target=\"_blank\" rel=\"noopener\">apr\u00e8s l&rsquo;\u00e2ge d&rsquo;or du directeur Guy Sisti<\/a>. La perte s\u00e8che est de 40 000 spectateurs en 20 ans. Ce n&rsquo;est pas un accident, mais le r\u00e9sultat m\u00e9canique d\u2019une politique qui, sous couvert \u00ab\u00a0d&rsquo;\u00e9largir les publics\u00a0\u00bb, a surtout r\u00e9ussi \u00e0 vider les salles. D\u00e9clin qui s&rsquo;est encore accentu\u00e9 \u00e0 partir de 2014, ann\u00e9e de l&rsquo;\u00e9lection d&rsquo;Eric Piolle et de l&rsquo;arriv\u00e9e des Verts\/LFI.<\/p>\n<p><a href=\"https:\/\/i0.wp.com\/grenoble-le-changement.fr\/wp-content\/uploads\/2023\/07\/Capture-de\u0301cran-2023-07-27-a\u0300-19.14.31.png?ssl=1\" rel=\"lightbox[82865] noopener\" target=\"_blank\"><img loading=\"lazy\" decoding=\"async\" class=\" wp-image-65354 jetpack-lazy-image\" src=\"https:\/\/i0.wp.com\/grenoble-le-changement.fr\/wp-content\/uploads\/2023\/07\/Capture-de\u0301cran-2023-07-27-a\u0300-19.14.31.png?resize=526%2C737&amp;ssl=1\" alt=\"\" width=\"526\" height=\"737\" data-recalc-dims=\"1\" data-lazy-src=\"https:\/\/i0.wp.com\/grenoble-le-changement.fr\/wp-content\/uploads\/2023\/07\/Capture-de\u0301cran-2023-07-27-a\u0300-19.14.31.png?resize=526%2C737&amp;is-pending-load=1#038;ssl=1\" \/><\/a>Les chiffres de fr\u00e9quentation du th\u00e9\u00e2tre. Un crash complet.<br \/>\nLA FR\u00c9QUENTATION DIVIS\u00c9E PAR DEUX SOUS L&rsquo;\u00c8RE PIOLLE<\/p>\n<p style=\"text-align: justify;\">En 10 ans, <a href=\"https:\/\/grenoble-le-changement.fr\/2024\/09\/04\/la-municipalisation-du-theatre-saccentue\/\" target=\"_blank\" rel=\"noopener\">la fr\u00e9quentation du th\u00e9\u00e2tre a \u00e9t\u00e9 divis\u00e9e par deux<\/a>. Et encore, ce sont des chiffres artificiellement gonfl\u00e9s par le fait qu&rsquo;ils ont, en plus du grand th\u00e9\u00e2tre, repris en main la gestion du th\u00e9\u00e2tre 145 et du th\u00e9\u00e2tre de poche pour les municipaliser alors qu&rsquo;ils \u00e9taient jusque-l\u00e0 confi\u00e9s \u00e0 des collectifs d&rsquo;artistes ind\u00e9pendants. Ils comparent donc les chiffres de trois structures \u00e0 ceux d&rsquo;une seule structure par le pass\u00e9 : et malgr\u00e9 ce tour de passe-passe, la descente aux enfers est claire et nette.<\/p>\n<p>LE SPECTACLE DE L&rsquo;ID\u00c9OLOGIE IMPOS\u00c9E&#8230;<\/p>\n<p style=\"text-align: justify;\">Les raisons ne sont pas compliqu\u00e9es \u00e0 identifier. Les Verts\/LFi ont souhait\u00e9 faire du th\u00e9\u00e2tre une chambre de r\u00e9sonnance caricaturale de leurs obsessions id\u00e9ologiques. Les th\u00e9matiques des spectacles sont impos\u00e9es pour ob\u00e9ir \u00e0 leur agenda, <a target=\"_blank\" href=\"https:\/\/c.ledauphine.com\/culture-loisirs\/2025\/06\/25\/3000-spectateurs-en-plus-pour-le-theatre-municipal-en-2024-2025\" rel=\"noopener\">comme le rappelle encore le Dauphin\u00e9 Lib\u00e9r\u00e9<\/a> qui \u00e9voque la ligne directrice de la saison : \u00ab\u00a0violences faites aux femmes, l\u2019alt\u00e9rit\u00e9, le rapport \u00e0 notre histoire, le d\u00e9r\u00e8glement climatique\u2026\u00a0\u00bb.\u00a0<\/p>\n<p>&#8230; CONDUIT AU RABOUGRISSEMENT CULTUREL<\/p>\n<p style=\"text-align: justify;\">Le th\u00e9\u00e2tre n&rsquo;est plus vu comme un lieu de cr\u00e9ation, mais comme une pauvre annexe du conseil municipal o\u00f9 l&rsquo;on d\u00e9roule le programme politique des Verts\/LFI. L\u2019art n\u2019est plus qu\u2019un pr\u00e9texte au service de leur cause. Forc\u00e9ment avec une telle vision, les spectateurs se sont massivement d\u00e9tourn\u00e9s de l&rsquo;institution qui, \u00e0 l&rsquo;instar de tout ce que touchent les Piollistes, <a href=\"https:\/\/grenoble-le-changement.fr\/2025\/06\/26\/pas-de-limites-au-copinage-pour-les-verts-lfi-a-grenoble\/\" target=\"_blank\" rel=\"noopener\">devient un espace r\u00e9serv\u00e9 \u00e0 une client\u00e8le sociologiquement homog\u00e8ne et acquise \u00e0 leurs id\u00e9es<\/a>. Le grand rabougrissement.<\/p>\n<p><a href=\"https:\/\/i1.wp.com\/grenoble-le-changement.fr\/wp-content\/uploads\/2019\/08\/culture-tricycle-envahissement-1816-.png?ssl=1\" rel=\"lightbox[82865] noopener\" target=\"_blank\"><img loading=\"lazy\" decoding=\"async\" class=\" wp-image-36323 jetpack-lazy-image\" src=\"https:\/\/i1.wp.com\/grenoble-le-changement.fr\/wp-content\/uploads\/2019\/08\/culture-tricycle-envahissement-1816-.png?resize=678%2C398&amp;ssl=1\" alt=\"\" width=\"678\" height=\"398\" data-recalc-dims=\"1\" data-lazy-src=\"https:\/\/www.europesays.com\/fr\/wp-content\/uploads\/2025\/06\/1751260214_699_culture-tricycle-envahissement-1816-.png\" \/><\/a>Lors du pr\u00e9c\u00e9dent mandat, manifestation des collectifs envahissant l&rsquo;h\u00f4tel de ville pour protester contre la prise en mains de la programmation des th\u00e9\u00e2tres par les \u00e9lus.<br \/>\nLES RECETTES DIVIS\u00c9ES PAR 10<\/p>\n<p style=\"text-align: justify;\">Cette politique n&rsquo;est pas seulement un d\u00e9sastre artistique, <a href=\"https:\/\/grenoble-le-changement.fr\/2024\/02\/07\/le-theatre-de-grenoble-sacrifie-sur-lautel-de-lideologie\/\" target=\"_blank\" rel=\"noopener\">c&rsquo;est aussi un gouffre financier<\/a>. Les recettes de billetterie, qui s&rsquo;\u00e9levaient \u00e0 1 000 000 \u20ac par an en moyenne de 1990 \u00e0 2001 (le th\u00e9\u00e2tre \u00e9tait m\u00eame b\u00e9n\u00e9ficiaire), s&rsquo;effondrent aujourd&rsquo;hui \u00e0 environ 120 000 \u20ac : elles sont presque divis\u00e9es par 10 ! Ce gouffre financier est pay\u00e9 par le contribuable, toujours selon le sch\u00e9ma habituel de la gestion Piolliste : les Grenoblois qui payent l&rsquo;imp\u00f4t financent des services qui b\u00e9n\u00e9ficient \u00e0 une maigre poign\u00e9e.<\/p>\n<p>SUBVENTIONNER POUR MIEUX R\u00c9GNER<\/p>\n<p style=\"text-align: justify;\">Mais comment s&rsquo;assurer que les cr\u00e9ateurs culturels suivent bien la ligne municipale ? <a href=\"https:\/\/grenoble-le-changement.fr\/2023\/07\/28\/culture-la-prise-en-mains-par-la-municipalite-saccelere\/\" target=\"_blank\" rel=\"noopener\">Par un assez peu subtil chantage aux subventions<\/a>. Les \u00e9lus ont mis en place une \u00ab\u00a0charte culturelle\u00a0\u00bb qui conditionne son soutien. Les artistes doivent d\u00e9sormais prouver leur bonne conduite id\u00e9ologique et montrer patte blanche dans les diff\u00e9rents mantras des Verts\/LFI : pourcentage de femmes au plateau, empreinte \u00e9cologique, r\u00e9partition des genres par m\u00e9tier&#8230; L&rsquo;artiste doit avant tout r\u00e9fl\u00e9chir \u00e0 comment rentrer dans les cases de l&rsquo;adjointe \u00ab\u00a0aux cultures\u00a0\u00bb Lucille Lheureux plut\u00f4t qu&rsquo;\u00e0 cr\u00e9er !<\/p>\n<\/p>\n<p>En conseil municipal, l&rsquo;expos\u00e9 minutieux de Brigitte Boer, copr\u00e9sidente du groupe d&rsquo;opposition avec Alain Carignon, sur l&rsquo;historique et la situation du th\u00e9\u00e2tre \u00e0 Grenoble.<\/p>\n<p>LES BIBLIOTH\u00c8QUES SUBISSENT LE M\u00caME SORT<\/p>\n<p style=\"text-align: justify;\">Le th\u00e9\u00e2tre n&rsquo;est pas le seul \u00e0 faire les frais des orientations culturelles de la majorit\u00e9. <a href=\"https:\/\/grenoble-le-changement.fr\/2025\/06\/04\/aujourdhui-manifestation-contre-la-fermeture-de-bibliotheques-a-grenoble\/\" target=\"_blank\" rel=\"noopener\">Les biblioth\u00e8ques ont aussi \u00e9t\u00e9 tr\u00e8s malmen\u00e9es<\/a>, avec la fermeture de deux points de lecture de proximit\u00e9 lors du premier mandat. Malgr\u00e9 les r\u00e9sultats de cette politique de r\u00e9tr\u00e9cissement (-50% de fr\u00e9quentation du r\u00e9seau entre 2017 et 2021 !), les Verts\/LFI entendent persister avec un nouveau projet de fermeture de deux biblioth\u00e8ques de quartier et la suppression d&rsquo;une partie du fond d&rsquo;une troisi\u00e8me&#8230;<\/p>\n<p>DE LA CAPITALE DES ALPES AU VILLAGE DORTOIR<\/p>\n<p style=\"text-align: justify;\">Tout ceci aboutissant \u00e0 faire de Grenoble un d\u00e9sert culturel, qui se vide petit \u00e0 petit : fin du festival Holoc\u00e8ne qui met nomm\u00e9ment en cause le manque de soutien de la municipalit\u00e9, fermeture de la Bobine, d\u00e9p\u00f4t de bilan de La Fabrique Op\u00e9ra quasiment pas soutenue par la ville malgr\u00e9 la mission d&rsquo;int\u00e9r\u00eat public qu&rsquo;elle menait et l&rsquo;affluence \u00e0 ses spectacles&#8230; <a href=\"https:\/\/grenoble-le-changement.fr\/2025\/06\/20\/commerce-a-grenoble-ladjoint-confesson-lfi-explique-encore-quil-ne-sert-a-rien\/\" target=\"_blank\" rel=\"noopener\">Combin\u00e9 \u00e0 la d\u00e9sertification commerciale<\/a> et \u00e0 la paup\u00e9risation massive de la ville, la capitale des Alpes devient petit-\u00e0-petit une sorte de village dortoir.<\/p>\n<p><a href=\"https:\/\/i1.wp.com\/grenoble-le-changement.fr\/wp-content\/uploads\/2023\/12\/MC2-Angot-.png?ssl=1\" rel=\"lightbox[82865] noopener\" target=\"_blank\"><img loading=\"lazy\" decoding=\"async\" class=\" wp-image-70532 jetpack-lazy-image\" src=\"https:\/\/i1.wp.com\/grenoble-le-changement.fr\/wp-content\/uploads\/2023\/12\/MC2-Angot-.png?resize=675%2C252&amp;ssl=1\" alt=\"\" width=\"675\" height=\"252\" data-recalc-dims=\"1\" data-lazy-src=\"https:\/\/www.europesays.com\/fr\/wp-content\/uploads\/2025\/06\/MC2-Angot-.png\" \/><\/a>M\u00eame la MC2 avait durement fait les frais du d\u00e9sengagement municipal.<br \/>\nGRENOBLE, \u00ab\u00a0UN CHAMP DE RUINES CULTUREL\u00a0\u00bb<\/p>\n<p style=\"text-align: justify;\">La d\u00e9rive a d\u00e9j\u00e0 longuement \u00e9t\u00e9 document\u00e9e. En 2021 , le journaliste de France Culture Fr\u00e9d\u00e9ric Martel livrait une autopsie br\u00fblante de la politique culturelle \u00e0 Grenoble, d\u00e9non\u00e7ant les \u00ab\u00a0oukases, coups de menton, et l&rsquo;arbitraire politique\u00a0\u00bb de la municipalit\u00e9. Plus r\u00e9cemment,<a href=\"https:\/\/grenoble-le-changement.fr\/2025\/04\/27\/lex-directeur-du-magasin-cnac-torpille-la-politique-culturelle-de-grenoble\/\" target=\"_blank\" rel=\"noopener\"> l&rsquo;ancien directeur du Magasin-CNAC, Yves Aupetitallot<\/a>, qualifiait Grenoble de \u00ab\u00a0champ de ruines culturel\u00a0\u00bb avant d&rsquo;appeler \u00ab\u00a0toutes les forces politiques\u00a0\u00bb \u00e0 \u00ab\u00a0s\u2019unir pour tourner la page Piolle\u00a0\u00bb.<\/p>\n<p>PROPAGANDE OU LIBERT\u00c9 : LES GRENOBLOIS D\u00c9CIDERONT<\/p>\n<p style=\"text-align: justify;\">Car la politique culturelle des Verts\/LFI consiste en un syst\u00e8me de propagande, qui ass\u00e8che la cr\u00e9ation et insulte l&rsquo;intelligence des Grenoblois. La libert\u00e9 des artistes est une menace pour cette id\u00e9ologie qui ne supporte aucune nuance. Face \u00e0 ce champ de ruines, les \u00e9lections municipales de mars 2026 permettront aussi de tourner la page de ce dogmatisme destructeur pour restaurer une ambition culturelle fond\u00e9e sur la libert\u00e9 de cr\u00e9ation, l&rsquo;excellence et la diversit\u00e9.<\/p>\n","protected":false},"excerpt":{"rendered":"Posted On 30 juin 2025 La municipalit\u00e9 Piolle tente tant bien que mal de trouver des motifs de&hellip;\n","protected":false},"author":2,"featured_media":214888,"comment_status":"","ping_status":"","sticky":false,"template":"","format":"standard","meta":{"footnotes":""},"categories":[9566],"tags":[1111,11,9601,2430,15172,9607,1777,674,1011,27,15175,2731,15176,10612,12,25,15177],"class_list":{"0":"post-214887","1":"post","2":"type-post","3":"status-publish","4":"format-standard","5":"has-post-thumbnail","7":"category-grenoble","8":"tag-actu","9":"tag-actualites","10":"tag-alain-carignon","11":"tag-auvergne-rhone-alpes","12":"tag-brigitte-boer","13":"tag-eric-piolle","14":"tag-eu","15":"tag-europe","16":"tag-fr","17":"tag-france","18":"tag-frederic-martel","19":"tag-grenoble","20":"tag-guy-sisti","21":"tag-lucille-lheureux","22":"tag-news","23":"tag-republique-francaise","24":"tag-yves-aupetitallot"},"share_on_mastodon":{"url":"https:\/\/pubeurope.com\/@fr\/114770596631828954","error":""},"_links":{"self":[{"href":"https:\/\/www.europesays.com\/fr\/wp-json\/wp\/v2\/posts\/214887","targetHints":{"allow":["GET"]}}],"collection":[{"href":"https:\/\/www.europesays.com\/fr\/wp-json\/wp\/v2\/posts"}],"about":[{"href":"https:\/\/www.europesays.com\/fr\/wp-json\/wp\/v2\/types\/post"}],"author":[{"embeddable":true,"href":"https:\/\/www.europesays.com\/fr\/wp-json\/wp\/v2\/users\/2"}],"replies":[{"embeddable":true,"href":"https:\/\/www.europesays.com\/fr\/wp-json\/wp\/v2\/comments?post=214887"}],"version-history":[{"count":0,"href":"https:\/\/www.europesays.com\/fr\/wp-json\/wp\/v2\/posts\/214887\/revisions"}],"wp:featuredmedia":[{"embeddable":true,"href":"https:\/\/www.europesays.com\/fr\/wp-json\/wp\/v2\/media\/214888"}],"wp:attachment":[{"href":"https:\/\/www.europesays.com\/fr\/wp-json\/wp\/v2\/media?parent=214887"}],"wp:term":[{"taxonomy":"category","embeddable":true,"href":"https:\/\/www.europesays.com\/fr\/wp-json\/wp\/v2\/categories?post=214887"},{"taxonomy":"post_tag","embeddable":true,"href":"https:\/\/www.europesays.com\/fr\/wp-json\/wp\/v2\/tags?post=214887"}],"curies":[{"name":"wp","href":"https:\/\/api.w.org\/{rel}","templated":true}]}}