{"id":214891,"date":"2025-06-30T05:12:15","date_gmt":"2025-06-30T05:12:15","guid":{"rendered":"https:\/\/www.europesays.com\/fr\/214891\/"},"modified":"2025-06-30T05:12:15","modified_gmt":"2025-06-30T05:12:15","slug":"melesse-grace-a-lehpad-un-don-est-verse-au-telethon","status":"publish","type":"post","link":"https:\/\/www.europesays.com\/fr\/214891\/","title":{"rendered":"Melesse. Gr\u00e2ce \u00e0 l\u2019Ehpad, un don est vers\u00e9 au T\u00e9l\u00e9thon"},"content":{"rendered":"<p>Les portes ouvertes de l\u2019Ehpad Les Alleux se sont d\u00e9roul\u00e9es le 26\u00a0avril. Lors de ce rendez-vous, un \u00e9v\u00e8nement pour l\u2019AFM T\u00e9l\u00e9thon \u00e9tait organis\u00e9. <strong>\u00ab\u00a0Deux stands ont \u00e9t\u00e9 mis en place,<\/strong> rappelle M\u00e9lanie Cabral, animatrice. <strong>Un go\u00fbter fa\u00e7on Master chef, pr\u00e9par\u00e9 par des \u00e9quipes, accompagn\u00e9es de r\u00e9sidents volontaires, ainsi qu\u2019un vide-maison.\u00a0\u00bb<\/strong><\/p>\n<p>De nombreux visiteurs avaient alors r\u00e9pondu pr\u00e9sents pour ce projet solidaire des r\u00e9sidents qui a permis de faire un don de 548\u00a0\u20ac \u00e0 l\u2019AFM T\u00e9l\u00e9thon. <strong>\u00ab\u00a0Les r\u00e9sidents ont propos\u00e9 quelque chose d\u2019original autour de leur porte ouverte<\/strong>, remercient Marie-Jo Harot et Brigitte Fresnay, en bin\u00f4me sur la zone nord-ouest d\u00e9partementale de l\u2019AFM T\u00e9l\u00e9thon. <strong>C\u2019est pour nous une belle remont\u00e9e de fonds qui va servir \u00e0 la recherche ainsi qu\u2019\u00e0 l\u2019accompagnement des familles.\u00a0\u00bb<\/strong><\/p>\n<p>\u00a0<\/p>\n","protected":false},"excerpt":{"rendered":"Les portes ouvertes de l\u2019Ehpad Les Alleux se sont d\u00e9roul\u00e9es le 26\u00a0avril. Lors de ce rendez-vous, un \u00e9v\u00e8nement&hellip;\n","protected":false},"author":2,"featured_media":214892,"comment_status":"","ping_status":"","sticky":false,"template":"","format":"standard","meta":{"footnotes":""},"categories":[2821],"tags":[1111,11,829,13554,12216,1777,674,1011,27,4567,9113,12,3086,584,25,12846,35453],"class_list":{"0":"post-214891","1":"post","2":"type-post","3":"status-publish","4":"format-standard","5":"has-post-thumbnail","7":"category-rennes","8":"tag-actu","9":"tag-actualites","10":"tag-bretagne","11":"tag-don","12":"tag-ehpad","13":"tag-eu","14":"tag-europe","15":"tag-fr","16":"tag-france","17":"tag-grace","18":"tag-melesse","19":"tag-news","20":"tag-redon","21":"tag-rennes","22":"tag-republique-francaise","23":"tag-telethon","24":"tag-verse"},"share_on_mastodon":{"url":"https:\/\/pubeurope.com\/@fr\/114770604443439855","error":""},"_links":{"self":[{"href":"https:\/\/www.europesays.com\/fr\/wp-json\/wp\/v2\/posts\/214891","targetHints":{"allow":["GET"]}}],"collection":[{"href":"https:\/\/www.europesays.com\/fr\/wp-json\/wp\/v2\/posts"}],"about":[{"href":"https:\/\/www.europesays.com\/fr\/wp-json\/wp\/v2\/types\/post"}],"author":[{"embeddable":true,"href":"https:\/\/www.europesays.com\/fr\/wp-json\/wp\/v2\/users\/2"}],"replies":[{"embeddable":true,"href":"https:\/\/www.europesays.com\/fr\/wp-json\/wp\/v2\/comments?post=214891"}],"version-history":[{"count":0,"href":"https:\/\/www.europesays.com\/fr\/wp-json\/wp\/v2\/posts\/214891\/revisions"}],"wp:featuredmedia":[{"embeddable":true,"href":"https:\/\/www.europesays.com\/fr\/wp-json\/wp\/v2\/media\/214892"}],"wp:attachment":[{"href":"https:\/\/www.europesays.com\/fr\/wp-json\/wp\/v2\/media?parent=214891"}],"wp:term":[{"taxonomy":"category","embeddable":true,"href":"https:\/\/www.europesays.com\/fr\/wp-json\/wp\/v2\/categories?post=214891"},{"taxonomy":"post_tag","embeddable":true,"href":"https:\/\/www.europesays.com\/fr\/wp-json\/wp\/v2\/tags?post=214891"}],"curies":[{"name":"wp","href":"https:\/\/api.w.org\/{rel}","templated":true}]}}