{"id":214893,"date":"2025-06-30T05:13:12","date_gmt":"2025-06-30T05:13:12","guid":{"rendered":"https:\/\/www.europesays.com\/fr\/214893\/"},"modified":"2025-06-30T05:13:12","modified_gmt":"2025-06-30T05:13:12","slug":"la-rue-de-lorient-va-fermer-a-la-circulation-en-raison-dun-chantier-de-la-sncf","status":"publish","type":"post","link":"https:\/\/www.europesays.com\/fr\/214893\/","title":{"rendered":"la rue de Lorient va fermer \u00e0 la circulation en raison d&rsquo;un chantier de la SNCF"},"content":{"rendered":"<p>            Par<br \/>\n        <strong><br \/>\n            <a href=\"https:\/\/actu.fr\/auteur\/clemence-pays02-actu-fr\" title=\"Consulter tous les articles de Cl\u00e9mence Pays\" target=\"_blank\" rel=\"noopener\">Cl\u00e9mence Pays<\/a><br \/>\n        <\/strong><\/p>\n<p>        Publi\u00e9 le<\/p>\n<p>            30 juin 2025 \u00e0 6h34        <\/p>\n<p>Des travaux \u00ab\u2009en continu\u2009\u00bb vont \u00eatre r\u00e9alis\u00e9s <strong>du lundi 30\u00a0juin au vendredi 11\u00a0juillet 2025, rue de Lorient,<\/strong> \u00e0 Rennes. Cet axe tr\u00e8s fr\u00e9quent\u00e9 sera <strong>totalement ferm\u00e9 \u00e0 la circulation<\/strong> des v\u00e9hicules.<\/p>\n<p class=\" wall-content\">En revanche, les <strong>pi\u00e9tons et cyclistes<\/strong> (pieds \u00e0 terre) pourront emprunter cette rue durant le chantier.<\/p>\n<p>La r\u00e9novation d\u2019un pont<\/p>\n<p class=\" wall-content\">\u00ab\u2009Dans le cadre du plan national de r\u00e9novation du r\u00e9seau ferroviaire, SNCF R\u00e9seau a programm\u00e9 des travaux de <strong>renouvellement d\u2019un pont ferroviaire<\/strong> surplombant la rue de Lorient\u2009\u00bb, informe la <a href=\"https:\/\/actu.fr\/tag\/sncf\" target=\"_blank\" rel=\"noopener\">SNCF<\/a> dans un communiqu\u00e9.<\/p>\n<p class=\" wall-content\">Le but du chantier est de \u00ab\u2009moderniser les installations, <strong>garantir le niveau de performance<\/strong> de l\u2019infrastructure et optimiser la r\u00e9gularit\u00e9 et le confort des voyageurs\u2009\u00bb.<\/p>\n<p class=\" wall-content\">Les travaux seront r\u00e9alis\u00e9s en journ\u00e9e et vont engendrer \u00ab\u2009des <strong>nuisances sonores,<\/strong> dues au fonctionnement des trains travaux et des engins de chantier, en particulier l\u2019avertisseur sonore qui assure la s\u00e9curit\u00e9 des agents\u2009\u00bb, pr\u00e9vient la SNCF.<\/p>\n<p>Vid\u00e9os : en ce moment sur ActuUne d\u00e9viation en place<\/p>\n<p class=\" wall-content\">Une d\u00e9viation sera mise en place par le <strong>boulevard Marbeuf<\/strong> et la <strong>rue Louis-Guilloux.<\/strong><\/p>\n<p class=\" wall-content\">Les <strong>commerces<\/strong> de la rue de Lorient restent ouverts pendant les travaux.<\/p>\n<p class=\" wall-content\">Suivez toute l\u2019actualit\u00e9 de vos villes et m\u00e9dias favoris en vous inscrivant \u00e0 <a href=\"https:\/\/moncompte.actu.fr\" title=\"D\u00e9couvez Mon Actu\" rel=\"nofollow noopener\" data-trk=\"{&quot;cta&quot;:{&quot;action&quot;:&quot;https:\\\/\\\/moncompte.actu.fr&quot;,&quot;category&quot;:&quot;mon compte&quot;,&quot;from&quot;:&quot;article footer&quot;,&quot;name&quot;:&quot;Mon actu&quot;,&quot;type&quot;:&quot;cta&quot;}}\" target=\"_blank\">Mon Actu<\/a>.<\/p>\n","protected":false},"excerpt":{"rendered":"Par Cl\u00e9mence Pays Publi\u00e9 le 30 juin 2025 \u00e0 6h34 Des travaux \u00ab\u2009en continu\u2009\u00bb vont \u00eatre r\u00e9alis\u00e9s du&hellip;\n","protected":false},"author":2,"featured_media":214894,"comment_status":"","ping_status":"","sticky":false,"template":"","format":"standard","meta":{"footnotes":""},"categories":[2821],"tags":[1111,11,829,3542,1777,674,1011,27,803,12,584,25,104,2086],"class_list":{"0":"post-214893","1":"post","2":"type-post","3":"status-publish","4":"format-standard","5":"has-post-thumbnail","7":"category-rennes","8":"tag-actu","9":"tag-actualites","10":"tag-bretagne","11":"tag-circulation","12":"tag-eu","13":"tag-europe","14":"tag-fr","15":"tag-france","16":"tag-info-trafic","17":"tag-news","18":"tag-rennes","19":"tag-republique-francaise","20":"tag-societe","21":"tag-travaux"},"share_on_mastodon":{"url":"https:\/\/pubeurope.com\/@fr\/114770608488805183","error":""},"_links":{"self":[{"href":"https:\/\/www.europesays.com\/fr\/wp-json\/wp\/v2\/posts\/214893","targetHints":{"allow":["GET"]}}],"collection":[{"href":"https:\/\/www.europesays.com\/fr\/wp-json\/wp\/v2\/posts"}],"about":[{"href":"https:\/\/www.europesays.com\/fr\/wp-json\/wp\/v2\/types\/post"}],"author":[{"embeddable":true,"href":"https:\/\/www.europesays.com\/fr\/wp-json\/wp\/v2\/users\/2"}],"replies":[{"embeddable":true,"href":"https:\/\/www.europesays.com\/fr\/wp-json\/wp\/v2\/comments?post=214893"}],"version-history":[{"count":0,"href":"https:\/\/www.europesays.com\/fr\/wp-json\/wp\/v2\/posts\/214893\/revisions"}],"wp:featuredmedia":[{"embeddable":true,"href":"https:\/\/www.europesays.com\/fr\/wp-json\/wp\/v2\/media\/214894"}],"wp:attachment":[{"href":"https:\/\/www.europesays.com\/fr\/wp-json\/wp\/v2\/media?parent=214893"}],"wp:term":[{"taxonomy":"category","embeddable":true,"href":"https:\/\/www.europesays.com\/fr\/wp-json\/wp\/v2\/categories?post=214893"},{"taxonomy":"post_tag","embeddable":true,"href":"https:\/\/www.europesays.com\/fr\/wp-json\/wp\/v2\/tags?post=214893"}],"curies":[{"name":"wp","href":"https:\/\/api.w.org\/{rel}","templated":true}]}}