{"id":214900,"date":"2025-06-30T05:17:10","date_gmt":"2025-06-30T05:17:10","guid":{"rendered":"https:\/\/www.europesays.com\/fr\/214900\/"},"modified":"2025-06-30T05:17:10","modified_gmt":"2025-06-30T05:17:10","slug":"ivre-et-en-exces-de-vitesse-il-fauche-un-pieton-a-nice-avant-de-prend-la-fuite-le-tribunal-le-condamne-a-trois-ans-de-prison","status":"publish","type":"post","link":"https:\/\/www.europesays.com\/fr\/214900\/","title":{"rendered":"Ivre et en exc\u00e8s de vitesse, il fauche un pi\u00e9ton \u00e0 Nice avant de prend la fuite: le tribunal le condamn\u00e9 \u00e0 trois ans de prison"},"content":{"rendered":"<p>La victime a fr\u00f4l\u00e9 la mort et se d\u00e9place aujourd\u2019hui encore en fauteuil roulant. Son bassin, une jambe et un bras ont \u00e9t\u00e9 fractur\u00e9s. A. D. a d\u00fb \u00eatre op\u00e9r\u00e9 \u00e0 maintes reprises. \u00c0 21 ans, le cuisinier doit envisager une reconversion, \u00e0 la suite de l\u2019accident qui s\u2019est produit dimanche 4 mai aux alentours de 6 heures sur la promenade des Anglais.<\/p>\n<p>Il a \u00e9t\u00e9 percut\u00e9 et projet\u00e9 6m\u00e8tres plus loin alors qu\u2019il traversait la voie. Certes au rouge, certes alcoolis\u00e9; mais ce n\u2019est pas lui qui est jug\u00e9.<\/p>\n<p>L\u2019automobiliste, de deux ans son a\u00een\u00e9, roulait bien au-del\u00e0 de la vitesse autoris\u00e9e. D\u2019apr\u00e8s la partie civile et une expertise, Yann (1) \u00e9tait lanc\u00e9 \u00e0 pr\u00e8s de 100km\/h, lorsque le choc s\u2019est produit.<\/p>\n<p><strong>\u00ab\u00a0Une faute indiscutable\u00a0\u00bb<\/strong><\/p>\n<p>Le pr\u00e9venu avait pass\u00e9 la nuit en bo\u00eete avec ses cousins. Lui aussi \u00e9tait sous l\u2019emprise de l\u2019alcool, ce qui pourrait expliquer pourquoi il ne s\u2019est pas arr\u00eat\u00e9. \u00ab\u00a0Tr\u00e8s choqu\u00e9\u00a0\u00bb, a-t-il fait valoir \u00e0 la barre, Yann affirme ne pas comprendre les raisons de sa fuite. \u00ab\u00a0Il a laiss\u00e9 la victime \u00e0 son triste sort\u00a0\u00bb, a rappel\u00e9 le procureur, Anthony Carello. Il n\u2019explique pas non plus pourquoi il a choisi de se rendre \u00e0 Contes pour y stationner son v\u00e9hicule sur un parking, avant de monter \u00e0 bord d\u2019un Uber \u00e0 destination du domicile de sa compagne, \u00e0 Nice.<\/p>\n<p>Le jeune livreur a finalement \u00e9t\u00e9 interpell\u00e9 vers 10 heures, au domicile de ses parents, environ quatre heures apr\u00e8s les faits. Il pr\u00e9sentait alors un taux d\u2019alcool\u00e9mie de 0,20g\/l d\u2019air expir\u00e9. Il pr\u00e9tend qu\u2019il avait l\u2019intention de se rendre \u00e0 la caserne Auvare pour se livrer \u00e0 la police.<\/p>\n<p>Son avocate, Me Dalida Chabri, reconna\u00eet \u00ab\u00a0une faute indiscutable\u00a0\u00bb mais plaide pour une peine \u00ab\u00a0proportionn\u00e9e, constructive et humaine\u00a0\u00bb, mettant en avant le profil d\u2019un jeune homme sans ant\u00e9c\u00e9dents judiciaires. Le tribunal, pr\u00e9sid\u00e9 par Christian Legay, a suivi les r\u00e9quisitions du parquet: t<strong>rois ans de prison, dont deux avec sursis<\/strong>. <strong>La peine ferme sera am\u00e9nag\u00e9e sous bracelet \u00e9lectronique<\/strong>.<\/p>\n<p>\u00c0 titre de peine compl\u00e9mentaire, il devra effectuer <strong>un stage de sensibilisation<\/strong>. Son permis a \u00e9t\u00e9 annul\u00e9 et il lui est interdit de le repasser pendant un an. Son v\u00e9hicule a \u00e9galement \u00e9t\u00e9 confisqu\u00e9.<\/p>\n","protected":false},"excerpt":{"rendered":"La victime a fr\u00f4l\u00e9 la mort et se d\u00e9place aujourd\u2019hui encore en fauteuil roulant. Son bassin, une jambe&hellip;\n","protected":false},"author":2,"featured_media":214901,"comment_status":"","ping_status":"","sticky":false,"template":"","format":"standard","meta":{"footnotes":""},"categories":[2819],"tags":[1111,11,1777,674,1011,27,303,12,2401,882,25],"class_list":{"0":"post-214900","1":"post","2":"type-post","3":"status-publish","4":"format-standard","5":"has-post-thumbnail","7":"category-nice","8":"tag-actu","9":"tag-actualites","10":"tag-eu","11":"tag-europe","12":"tag-fr","13":"tag-france","14":"tag-justice","15":"tag-news","16":"tag-nice","17":"tag-provence-alpes-cote-dazur","18":"tag-republique-francaise"},"share_on_mastodon":{"url":"https:\/\/pubeurope.com\/@fr\/114770624135580772","error":""},"_links":{"self":[{"href":"https:\/\/www.europesays.com\/fr\/wp-json\/wp\/v2\/posts\/214900","targetHints":{"allow":["GET"]}}],"collection":[{"href":"https:\/\/www.europesays.com\/fr\/wp-json\/wp\/v2\/posts"}],"about":[{"href":"https:\/\/www.europesays.com\/fr\/wp-json\/wp\/v2\/types\/post"}],"author":[{"embeddable":true,"href":"https:\/\/www.europesays.com\/fr\/wp-json\/wp\/v2\/users\/2"}],"replies":[{"embeddable":true,"href":"https:\/\/www.europesays.com\/fr\/wp-json\/wp\/v2\/comments?post=214900"}],"version-history":[{"count":0,"href":"https:\/\/www.europesays.com\/fr\/wp-json\/wp\/v2\/posts\/214900\/revisions"}],"wp:featuredmedia":[{"embeddable":true,"href":"https:\/\/www.europesays.com\/fr\/wp-json\/wp\/v2\/media\/214901"}],"wp:attachment":[{"href":"https:\/\/www.europesays.com\/fr\/wp-json\/wp\/v2\/media?parent=214900"}],"wp:term":[{"taxonomy":"category","embeddable":true,"href":"https:\/\/www.europesays.com\/fr\/wp-json\/wp\/v2\/categories?post=214900"},{"taxonomy":"post_tag","embeddable":true,"href":"https:\/\/www.europesays.com\/fr\/wp-json\/wp\/v2\/tags?post=214900"}],"curies":[{"name":"wp","href":"https:\/\/api.w.org\/{rel}","templated":true}]}}