{"id":214911,"date":"2025-06-30T05:23:14","date_gmt":"2025-06-30T05:23:14","guid":{"rendered":"https:\/\/www.europesays.com\/fr\/214911\/"},"modified":"2025-06-30T05:23:14","modified_gmt":"2025-06-30T05:23:14","slug":"toulouse-demonstrations-defile-aerien-concert-larmee-va-faire-le-show-sur-la-place-du-capitole","status":"publish","type":"post","link":"https:\/\/www.europesays.com\/fr\/214911\/","title":{"rendered":"Toulouse. D\u00e9monstrations, d\u00e9fil\u00e9 a\u00e9rien, concert\u2026 L&rsquo;arm\u00e9e va faire le show sur la place du Capitole"},"content":{"rendered":"<p>            Par<br \/>\n        <strong><br \/>\n            <a href=\"https:\/\/actu.fr\/auteur\/guillaume-laurens\" title=\"Consulter tous les articles de Guillaume Laurens\" rel=\"nofollow noopener\" target=\"_blank\">Guillaume Laurens<\/a><br \/>\n        <\/strong><\/p>\n<p>        Publi\u00e9 le<\/p>\n<p>            30 juin 2025 \u00e0 7h16        <\/p>\n<p>Avec l\u2019arriv\u00e9e prochaine du <a href=\"https:\/\/actu.fr\/occitanie\/toulouse_31555\/la-ministre-armees-florence-parly-toulouse-parler-commandement-lespace_31668766.html\" rel=\"nofollow noopener\" target=\"_blank\">Commandement de l\u2019espace, <\/a>qui se concr\u00e9tise par la cr\u00e9ation de la nouvelle <strong>Base a\u00e9rienne 101 (BA 101),<\/strong> l\u2019arm\u00e9e de l\u2019Air et de l\u2019Espace signe son <strong>grand retour<\/strong> \u00e0 <strong><a href=\"https:\/\/actu.fr\/toulouse\/\" rel=\"nofollow noopener\" target=\"_blank\">Toulouse. <\/a><\/strong>Et elle pr\u00e9voit toute une journ\u00e9e d\u2019animations, mercredi 2\u00a0juillet 2025, sur la place du Capitole, pour le faire savoir aux habitants de la Ville rose.<\/p>\n<p>16\u00a0ans apr\u00e8s la fermeture de Francazal, revoil\u00e0 la BA 101\u2009!<\/p>\n<p class=\" wall-content\">\u00ab\u2009Alors que les enjeux de s\u00e9curit\u00e9 s\u2019\u00e9tendent jusqu\u2019\u00e0 l\u2019espace, l\u2019arm\u00e9e de l\u2019Air et de l\u2019Espace franchit une \u00e9tape d\u00e9cisive en inaugurant <strong>la Base a\u00e9rienne 101 (BA 101)<\/strong> situ\u00e9e \u00e0 <strong>Toulouse<\/strong>, au c\u0153ur de l\u2019\u00e9cosyst\u00e8me europ\u00e9en de l\u2019a\u00e9ronautique et du spatial\u2009\u00bb, annonce le minist\u00e8re des Arm\u00e9es.<\/p>\n<p>    <img   decoding=\"async\" loading=\"lazy\" src=\"https:\/\/www.europesays.com\/fr\/wp-content\/uploads\/2025\/06\/base-aerienne-armee-toulouse-960x640.png\" alt=\"Les futurs locaux de la base a\u00e9rienne (BA) 101.\" width=\"960\" height=\"640\"\/><br \/>\n    La base a\u00e9rienne (BA) 101. (\u00a9Commandement de l\u2019Espace)<\/p>\n<p class=\" wall-content\">Une BA 101 \u00e0 Toulouse\u2009? Tout un symbole dans la capitale de l\u2019a\u00e9ronautique et de l\u2019espace, <strong>16\u00a0ans apr\u00e8s la fermeture\u2026<\/strong> de <a href=\"https:\/\/actu.fr\/occitanie\/cugnaux_31157\/pres-de-toulouse-un-site-unique-en-europe-emerge-le-chantier-debute-sur-l-ex-base-militaire-de-francazal_62304730.html\" rel=\"nofollow noopener\" target=\"_blank\">l\u2019ancienne base a\u00e9rienne 101 \u00e0 Francazal<\/a>. C\u2019\u00e9tait en 2009, une \u00e9poque o\u00f9 ce n\u2019\u00e9tait encore que \u00ab\u2009l\u2019arm\u00e9e de l\u2019Air\u2009\u00bb.<\/p>\n<p class=\" wall-content\">Pour c\u00e9l\u00e9brer la cr\u00e9ation de la \u00ab\u2009premi\u00e8re <strong>base a\u00e9rienne fran\u00e7aise \u00e0 vocation spatiale\u2009\u00bb,<\/strong> un \u00e9v\u00e9nement grand public exceptionnel est donc organis\u00e9 mercredi au Capitole.<\/p>\n<p>Vid\u00e9os : en ce moment sur ActuStands interactifs, d\u00e9monstrations et r\u00e9alit\u00e9 virtuelle<\/p>\n<p class=\" wall-content\">Un <strong>grand show<\/strong> sera donc organis\u00e9 mercredi \u00e0 partir de 11\u00a0heures, sur la place du Capitole, qui \u00ab\u2009se transformera en v\u00e9ritable <strong>vitrine du spatial de d\u00e9fense\u2009\u00bb.<\/strong><\/p>\n<p class=\" wall-content\">Au programme\u2009? La pr\u00e9sence d\u2019institutionnels et d\u2019associations du secteur bien \u00e9videmment, mais aussi \u00ab\u2009des <strong>stands interactifs,<\/strong> qui seront anim\u00e9s par les arm\u00e9es et les grands industriels du spatial\u2009\u00bb.<\/p>\n<p class=\" wall-content\">Il y aura aussi des <strong>d\u00e9monstrations<\/strong>, rencontres et <strong>exp\u00e9riences immersives<\/strong> ouvertes \u00e0 tous\u00a0\u00bb, annonce l\u2019arm\u00e9e. L\u2019occasion de d\u00e9couvrir des <strong>simulateurs<\/strong> (d\u2019avion, de tir, etc.), ainsi que des <strong>animations de r\u00e9alit\u00e9 virtuelle<\/strong>, ou encore des <strong>maquettes de satellites.<\/strong><\/p>\n<p>\u00ab\u2009Faire d\u00e9couvrir aux Toulousains le spatial de d\u00e9fense\u2009\u00bb<\/p>\n<p class=\" wall-content\">\u00ab\u2009Cet \u00e9v\u00e9nement est organis\u00e9 pour la cr\u00e9ation officielle de la base a\u00e9rienne\u2009\u00bb, explique l\u2019arm\u00e9e \u00e0 Actu Toulouse. \u00ab\u2009C\u2019est un moment choisi pour <strong>faire d\u00e9couvrir<\/strong> aux Toulousains<strong> le spatial de d\u00e9fense<\/strong>, et leur expliquer ce qu\u2019il se passe dans leur ville\u2026\u2009\u00bb.<\/p>\n<p>C\u00e9r\u00e9monie militaire et c\u00e9r\u00e9monie officielle<\/p>\n<p class=\" wall-content\">\u00c0 17\u00a0heures aura lieu la <strong>c\u00e9r\u00e9monie militaire officielle<\/strong> de cr\u00e9ation de la BA 101, toujours sur la place du Capitole, suivie d\u2019un <strong>d\u00e9fil\u00e9 a\u00e9rien\u00a0<\/strong>dans le ciel de la Ville rose.<\/p>\n<p class=\" wall-content\">Et \u00e0 21\u00a0heures, une <strong>performance musicale<\/strong> viendra clore cette journ\u00e9e. L\u2019arm\u00e9e pr\u00e9voit un <strong>concert exceptionnel<\/strong> de la <strong>Musique des Forces A\u00e9riennes<\/strong>, qui r\u00e9visera les grands classiques de <strong>Star Wars<\/strong> et autres <strong>Star Trek<\/strong>, tout en vous immergeant dans l\u2019univers du Commandement de l\u2019espace\u2026<\/p>\n<p>\u00ab\u2009Le bras arm\u00e9 du Commandement de l\u2019espace\u2009\u00bb sera \u00e0 Toulouse<\/p>\n<p class=\" wall-content\">Port\u00e9e par le minist\u00e8re des Arm\u00e9es, la BA 101 incarne \u00ab\u2009la nouvelle mission strat\u00e9gique de l\u2019arm\u00e9e de l\u2019Air et de l\u2019Espace\u2009\u00bb, confi\u00e9e au Commandement de l\u2019espace\u2009: \u00ab\u2009Prot\u00e9ger et <strong>d\u00e9fendre les int\u00e9r\u00eats fran\u00e7ais en orbite,<\/strong> pour garantir l\u2019autonomie strat\u00e9gique de la France\u2009\u00bb.<\/p>\n<blockquote class=\"ac-article-quote wall-content\">\n<p>Cette cr\u00e9ation [de la base a\u00e9rienne, NDLR] concr\u00e9tise la mont\u00e9e en puissance et l\u2019ancrage territorial strat\u00e9gique du Commandement de l\u2019Espace (CDE).<\/p>\n<p>    <strong>Le minist\u00e8re des Arm\u00e9es<\/strong>\n            <\/p><\/blockquote>\n<p class=\" wall-content\">Install\u00e9e dans le quartier de <strong>Lespinet<\/strong>, la base a\u00e9rienne 101 sera en r\u00e9alit\u00e9<strong> \u00ab\u2009le bras arm\u00e9<\/strong> du Commandement de l\u2019espace, dont le si\u00e8ge est officiellement \u00e0 Paris\u2009\u00bb, explique le minist\u00e8re des Arm\u00e9es.<\/p>\n<p>    <img   decoding=\"async\" loading=\"lazy\" src=\"https:\/\/www.europesays.com\/fr\/wp-content\/uploads\/2025\/06\/bati-commandement-armee-toulouse-salle-960x640.png\" alt=\"Salle.\" width=\"960\" height=\"640\"\/><br \/>\n    La base a\u00e9rienne 101 sera en r\u00e9alit\u00e9\u2009le bras arm\u00e9 du Commandement de l\u2019espace. (\u00a9Commandement de l\u2019Espace)La BA 101 entre le CNES, Airbus et bient\u00f4t l\u2019OTAN<\/p>\n<p class=\" wall-content\">C\u2019est entre les installations du CNES et le site Astrolabe d\u2019Airbus Defence &amp; Space, au c\u0153ur du centre spatial de Toulouse, que le Commandement de l\u2019espace est <strong>en train d\u2019installer <\/strong>sa premi\u00e8re base a\u00e9rienne \u00e0 vocation spatiale. Pour la bagatelle de <strong>80\u00a0millions d\u2019euros<\/strong>, l\u2019arm\u00e9e s\u2019offre un b\u00e2timent de<strong> 11\u2009000 m\u00b2<\/strong> de superficie, qui accueillera \u00e0 terme quelque 500 militaires, et dont la mise en service est pr\u00e9vue dans quelques mois, en <strong>septembre\u00a02025.<\/strong><\/p>\n<p>    <a href=\"https:\/\/www.google.com\/maps\/embed?pb=!1m18!1m12!1m3!1d11565.292636332217!2d1.4855302810510351!3d43.55814895035344!2m3!1f0!2f0!3f0!3m2!1i1024!2i768!4f13.1!3m3!1m2!1s0x12aebd000e9e64c1%3A0x15fb0031aa71c5df!2sArm%C3%A9e%20de%20l%27Air%20et%20de%20l%27Espace%20-%20Commandement%20de%20l%E2%80%99Espace%20-%20French%20Space%20Forces%20Center!5e0!3m2!1sfr!2sfr!4v1751036343748!5m2!1sfr!2sfr\" title=\"Ouvrie le lien\" rel=\"nofollow noopener\" target=\"_blank\">Cliquez ici pour visualiser le contenu<\/a><\/p>\n<p>L\u2019OTAN installe son Centre d\u2019excellence spatiale en m\u00eame temps\u2009!<\/p>\n<p class=\" wall-content\">Rappelons que juste \u00e0 c\u00f4t\u00e9 de la future base a\u00e9rienne, un <strong>second b\u00e2timent<\/strong> de 2\u2009000 m\u00b2 est en cours de construction. Car outre l\u2019arm\u00e9e de l\u2019Air et de l\u2019Espace, une autre grande institution d\u00e9barque \u00e0 Toulouse en septembre\u2009: <strong>l\u2019OTAN<\/strong>.<\/p>\n<p class=\" wall-content\">Ce b\u00e2timent est, lui, destin\u00e9 au <a href=\"https:\/\/actu.fr\/societe\/c-est-officiel-toulouse-va-prochainement-accueillir-le-centre-spatial-d-excellence-de-l-otan_39218299.html\" rel=\"nofollow noopener\" target=\"_blank\">nouveau <strong>Centre d\u2019excellence<\/strong> de l\u2019OTAN (COE) pour le <strong>domaine spatial<\/strong><\/a>. Il accueillera une cinquantaine de salari\u00e9s, fran\u00e7ais et \u00e9trangers, qui devraient s\u2019installer <strong>en m\u00eame temps<\/strong> que leurs voisins de la BA 101.<\/p>\n<p>    <a href=\"https:\/\/www.google.com\/maps\/embed?pb=!1m18!1m12!1m3!1d1624.558163004848!2d1.4862481093223348!3d43.5557528849422!2m3!1f0!2f0!3f0!3m2!1i1024!2i768!4f13.1!3m3!1m2!1s0x12aebd007f0967fb%3A0xcb3052d46ccbc96a!2sOTAN%20-%20Commandement%20de%20l%27espace%20-%20NATO%20Space%20Command!5e1!3m2!1sfr!2sfr!4v1751036165088!5m2!1sfr!2sfr\" title=\"Ouvrie le lien\" rel=\"nofollow noopener\" target=\"_blank\">Cliquez ici pour visualiser le contenu<\/a><\/p>\n<p class=\" wall-content\">Suivez toute l\u2019actualit\u00e9 de vos villes et m\u00e9dias favoris en vous inscrivant \u00e0 <a href=\"https:\/\/moncompte.actu.fr\" title=\"D\u00e9couvez Mon Actu\" rel=\"nofollow noopener\" data-trk=\"{&quot;cta&quot;:{&quot;action&quot;:&quot;https:\\\/\\\/moncompte.actu.fr&quot;,&quot;category&quot;:&quot;mon compte&quot;,&quot;from&quot;:&quot;article footer&quot;,&quot;name&quot;:&quot;Mon actu&quot;,&quot;type&quot;:&quot;cta&quot;}}\" target=\"_blank\">Mon Actu<\/a>.<\/p>\n","protected":false},"excerpt":{"rendered":"Par Guillaume Laurens Publi\u00e9 le 30 juin 2025 \u00e0 7h16 Avec l\u2019arriv\u00e9e prochaine du Commandement de l\u2019espace, qui&hellip;\n","protected":false},"author":2,"featured_media":214912,"comment_status":"","ping_status":"","sticky":false,"template":"","format":"standard","meta":{"footnotes":""},"categories":[2816],"tags":[1111,11,1813,386,1777,674,1011,27,12,2680,25,104,2312],"class_list":{"0":"post-214911","1":"post","2":"type-post","3":"status-publish","4":"format-standard","5":"has-post-thumbnail","7":"category-toulouse","8":"tag-actu","9":"tag-actualites","10":"tag-armee","11":"tag-espace","12":"tag-eu","13":"tag-europe","14":"tag-fr","15":"tag-france","16":"tag-news","17":"tag-occitanie","18":"tag-republique-francaise","19":"tag-societe","20":"tag-toulouse"},"share_on_mastodon":{"url":"https:\/\/pubeurope.com\/@fr\/114770647790120463","error":""},"_links":{"self":[{"href":"https:\/\/www.europesays.com\/fr\/wp-json\/wp\/v2\/posts\/214911","targetHints":{"allow":["GET"]}}],"collection":[{"href":"https:\/\/www.europesays.com\/fr\/wp-json\/wp\/v2\/posts"}],"about":[{"href":"https:\/\/www.europesays.com\/fr\/wp-json\/wp\/v2\/types\/post"}],"author":[{"embeddable":true,"href":"https:\/\/www.europesays.com\/fr\/wp-json\/wp\/v2\/users\/2"}],"replies":[{"embeddable":true,"href":"https:\/\/www.europesays.com\/fr\/wp-json\/wp\/v2\/comments?post=214911"}],"version-history":[{"count":0,"href":"https:\/\/www.europesays.com\/fr\/wp-json\/wp\/v2\/posts\/214911\/revisions"}],"wp:featuredmedia":[{"embeddable":true,"href":"https:\/\/www.europesays.com\/fr\/wp-json\/wp\/v2\/media\/214912"}],"wp:attachment":[{"href":"https:\/\/www.europesays.com\/fr\/wp-json\/wp\/v2\/media?parent=214911"}],"wp:term":[{"taxonomy":"category","embeddable":true,"href":"https:\/\/www.europesays.com\/fr\/wp-json\/wp\/v2\/categories?post=214911"},{"taxonomy":"post_tag","embeddable":true,"href":"https:\/\/www.europesays.com\/fr\/wp-json\/wp\/v2\/tags?post=214911"}],"curies":[{"name":"wp","href":"https:\/\/api.w.org\/{rel}","templated":true}]}}