{"id":21493,"date":"2025-04-13T05:54:20","date_gmt":"2025-04-13T05:54:20","guid":{"rendered":"https:\/\/www.europesays.com\/fr\/21493\/"},"modified":"2025-04-13T05:54:20","modified_gmt":"2025-04-13T05:54:20","slug":"un-appel-lance-en-urgence","status":"publish","type":"post","link":"https:\/\/www.europesays.com\/fr\/21493\/","title":{"rendered":"un appel lanc\u00e9 en urgence"},"content":{"rendered":"<p>            Par<br \/>\n        <strong><br \/>\n            <a href=\"https:\/\/actu.fr\/auteur\/julien-damboise\" title=\"Consulter tous les articles de Julien Damboise\" rel=\"nofollow noopener\" target=\"_blank\">Julien Damboise<\/a><br \/>\n        <\/strong><\/p>\n<p>        Publi\u00e9 le<\/p>\n<p>            11 avr. 2025 \u00e0 15h51        <\/p>\n<p>C\u2019est un <a href=\"https:\/\/actu.fr\/tag\/appel-a-temoins\" rel=\"nofollow noopener\" target=\"_blank\">appel \u00e0 t\u00e9moins<\/a> tr\u00e8s particulier qui a \u00e9t\u00e9 partag\u00e9 ce vendredi 11 avril 2025 par la police de <a href=\"https:\/\/actu.fr\/auvergne-rhone-alpes\/lyon_69123\" rel=\"nofollow noopener\" target=\"_blank\">Lyon<\/a>.<\/p>\n<p class=\" wall-content\">Les forces de l\u2019ordre sont \u00e0 la recherche d\u2019une m\u00e8re qui a <strong>quitt\u00e9 pr\u00e9matur\u00e9ment un h\u00f4pital<\/strong> de <a href=\"https:\/\/actu.fr\/auvergne-rhone-alpes\/bron_69029\" rel=\"nofollow noopener\" target=\"_blank\">Bron<\/a> avec son nourrisson, \u00e2g\u00e9 de quelques jours. Mais ce dernier a <strong>besoin de soins<\/strong>. Voici la description de la femme que les policiers recherchent activement.<\/p>\n<p>Une fuite inexpliqu\u00e9e<\/p>\n<p class=\" wall-content\">La mise en cause, Rania Lalmi, a quitt\u00e9 pr\u00e9matur\u00e9ment l\u2019h\u00f4pital Femme M\u00e8re Enfant de Bron, le samedi 5 avril, avec son nourrisson. Un petit <strong>Mikaeil<\/strong> \u00e2g\u00e9 de deux jours lors de sa disparition, selon les informations d\u2019actu Lyon, et a besoin de soins.<\/p>\n<p class=\" wall-content\">Les enqu\u00eateurs, inquiets d\u2019\u00eatre sans nouvelle de l\u2019enfant, recherchent donc toute personne susceptible d\u2019apporter des \u00e9l\u00e9ments \u00e0 l\u2019<strong>enqu\u00eate<\/strong> ouverte pour localiser et retrouver cette femme et son fils. Pour cela, un <strong>appel \u00e0 t\u00e9moins<\/strong> d\u00e9taill\u00e9 a commenc\u00e9 \u00e0 \u00eatre massivement partag\u00e9.<\/p>\n<p class=\" wall-content\">\n<p>Une description pr\u00e9cise<\/p>\n<p class=\" wall-content\">Rania Lalmi est \u00e2g\u00e9e de<strong> 25 ans<\/strong>, elle est sans domicile fixe et sans ressource d\u2019apr\u00e8s la police. Elle mesure 1,60m, a des cheveux noirs longs et raides, une corpulence normale.\u00a0<\/p>\n<p>Vid\u00e9os : en ce moment sur Actu<\/p>\n<p class=\" wall-content\">Un signe distinctif pourrait aussi permettre de retrouver sa trace : un <strong>tatouage<\/strong> sur l\u2019avant-bras droit et sur l\u2019\u00e9paule gauche.<\/p>\n<p class=\" wall-content\">Une indication de lieu est aussi avanc\u00e9e, notent les enqu\u00eateurs : elle serait susceptible d\u2019\u00eatre actuellement sur <strong>Saint-Etienne<\/strong>, dans la Loire.<\/p>\n<p>Toute personne en possession d\u2019information sont pri\u00e9es de contacter le commissariat de V\u00e9nissieux au <strong>04 72 90 82 45<\/strong>.<\/p>\n<p class=\" wall-content\">Suivez toute l\u2019actualit\u00e9 de vos villes et m\u00e9dias favoris en vous inscrivant \u00e0 <a href=\"https:\/\/moncompte.actu.fr\" title=\"D\u00e9couvez Mon Actu\" rel=\"nofollow noopener\" data-trk=\"{&quot;cta&quot;:{&quot;action&quot;:&quot;https:\\\/\\\/moncompte.actu.fr&quot;,&quot;category&quot;:&quot;mon compte&quot;,&quot;from&quot;:&quot;article footer&quot;,&quot;name&quot;:&quot;Mon actu&quot;,&quot;type&quot;:&quot;cta&quot;}}\" target=\"_blank\">Mon Actu<\/a>.<\/p>\n<ul class=\"ac-article-tag wall-content\">\n<li><a href=\"https:\/\/actu.fr\/tag\/disparition\" data-trk=\"{&quot;cta&quot;:{&quot;action&quot;:&quot;Disparition inqui\\u00e9tante&quot;,&quot;category&quot;:&quot;tag&quot;,&quot;from&quot;:&quot;article footer&quot;,&quot;name&quot;:&quot;Disparition inqui\\u00e9tante&quot;,&quot;type&quot;:&quot;cta&quot;}}\" rel=\"nofollow noopener\" target=\"_blank\">#Disparition inqui\u00e9tante<\/a><\/li>\n<li><a href=\"https:\/\/actu.fr\/tag\/police\" data-trk=\"{&quot;cta&quot;:{&quot;action&quot;:&quot;Police&quot;,&quot;category&quot;:&quot;tag&quot;,&quot;from&quot;:&quot;article footer&quot;,&quot;name&quot;:&quot;Police&quot;,&quot;type&quot;:&quot;cta&quot;}}\" rel=\"nofollow noopener\" target=\"_blank\">#Police<\/a><\/li>\n<\/ul>\n","protected":false},"excerpt":{"rendered":"Par Julien Damboise Publi\u00e9 le 11 avr. 2025 \u00e0 15h51 C\u2019est un appel \u00e0 t\u00e9moins tr\u00e8s particulier qui&hellip;\n","protected":false},"author":2,"featured_media":21494,"comment_status":"","ping_status":"","sticky":false,"template":"","format":"standard","meta":{"footnotes":""},"categories":[1889],"tags":[1111,11,2430,3676,1777,674,118,1011,27,2428,12,1072,25],"class_list":{"0":"post-21493","1":"post","2":"type-post","3":"status-publish","4":"format-standard","5":"has-post-thumbnail","7":"category-lyon","8":"tag-actu","9":"tag-actualites","10":"tag-auvergne-rhone-alpes","11":"tag-disparition-inquietante","12":"tag-eu","13":"tag-europe","14":"tag-faits-divers","15":"tag-fr","16":"tag-france","17":"tag-lyon","18":"tag-news","19":"tag-police","20":"tag-republique-francaise"},"share_on_mastodon":{"url":"https:\/\/pubeurope.com\/@fr\/114329109543722364","error":""},"_links":{"self":[{"href":"https:\/\/www.europesays.com\/fr\/wp-json\/wp\/v2\/posts\/21493","targetHints":{"allow":["GET"]}}],"collection":[{"href":"https:\/\/www.europesays.com\/fr\/wp-json\/wp\/v2\/posts"}],"about":[{"href":"https:\/\/www.europesays.com\/fr\/wp-json\/wp\/v2\/types\/post"}],"author":[{"embeddable":true,"href":"https:\/\/www.europesays.com\/fr\/wp-json\/wp\/v2\/users\/2"}],"replies":[{"embeddable":true,"href":"https:\/\/www.europesays.com\/fr\/wp-json\/wp\/v2\/comments?post=21493"}],"version-history":[{"count":0,"href":"https:\/\/www.europesays.com\/fr\/wp-json\/wp\/v2\/posts\/21493\/revisions"}],"wp:featuredmedia":[{"embeddable":true,"href":"https:\/\/www.europesays.com\/fr\/wp-json\/wp\/v2\/media\/21494"}],"wp:attachment":[{"href":"https:\/\/www.europesays.com\/fr\/wp-json\/wp\/v2\/media?parent=21493"}],"wp:term":[{"taxonomy":"category","embeddable":true,"href":"https:\/\/www.europesays.com\/fr\/wp-json\/wp\/v2\/categories?post=21493"},{"taxonomy":"post_tag","embeddable":true,"href":"https:\/\/www.europesays.com\/fr\/wp-json\/wp\/v2\/tags?post=21493"}],"curies":[{"name":"wp","href":"https:\/\/api.w.org\/{rel}","templated":true}]}}