{"id":21495,"date":"2025-04-13T05:57:08","date_gmt":"2025-04-13T05:57:08","guid":{"rendered":"https:\/\/www.europesays.com\/fr\/21495\/"},"modified":"2025-04-13T05:57:08","modified_gmt":"2025-04-13T05:57:08","slug":"le-comportement-suspect-dun-voyageur-attire-loeil-de-la-police-sa-valise-aussi","status":"publish","type":"post","link":"https:\/\/www.europesays.com\/fr\/21495\/","title":{"rendered":"le comportement suspect d&rsquo;un voyageur attire l&rsquo;oeil de la police, sa valise aussi"},"content":{"rendered":"<p>            Par<br \/>\n        <strong><br \/>\n            <a href=\"https:\/\/actu.fr\/auteur\/thomas-martin\" title=\"Consulter tous les articles de Thomas Martin\" rel=\"nofollow noopener\" target=\"_blank\">Thomas Martin<\/a><br \/>\n        <\/strong><\/p>\n<p>        Publi\u00e9 le<\/p>\n<p>            12 avr. 2025 \u00e0 6h42        <\/p>\n<p>De mani\u00e8re r\u00e9guli\u00e8re ces derni\u00e8res semaines, la <a href=\"https:\/\/actu.fr\/tag\/prefecture-de-police-de-paris\" rel=\"nofollow noopener\" target=\"_blank\">pr\u00e9fecture de police de Paris<\/a> fait \u00e9tat de saisie de <a href=\"https:\/\/actu.fr\/tag\/drogue\" rel=\"nofollow noopener\" target=\"_blank\">drogue<\/a> au sein de la <a href=\"https:\/\/actu.fr\/tag\/gare-montparnasse\" rel=\"nofollow noopener\" target=\"_blank\">gare Montparnasse<\/a>. Cela a encore \u00e9t\u00e9 le cas, jeudi 10 avril, quand le \u00ab\u00a0comportement suspect\u00a0\u00bb d\u2019un voyageur a attir\u00e9 l\u2019attention des policiers. Le contr\u00f4le leur a permis de d\u00e9couvrir que l\u2019homme se baladait avec <strong>8 kilos de cannabis<\/strong> dans sa valise, ce qui a conduit \u00e0 son interpellation s\u00e9ance tenante.\u00a0<\/p>\n<p class=\" wall-content\">\n<p>Des valises remplies de drogue<\/p>\n<p class=\" wall-content\">Pr\u00e9c\u00e9demment, la <a href=\"https:\/\/actu.fr\/tag\/police\" rel=\"nofollow noopener\" target=\"_blank\">police<\/a> avait d\u00e9j\u00e0 communiqu\u00e9 sur des interpellations au sein de la gare du 14\u00e8me arrondissement pour le m\u00eame motif.\u00a0<\/p>\n<p class=\" wall-content\">jeudi 13 mars, les policiers ont contr\u00f4l\u00e9 un individu en possession d\u2019une <a href=\"https:\/\/actu.fr\/ile-de-france\/paris_75056\/gare-montparnasse-a-paris-sa-valise-abimee-attire-l-oeil-de-la-police-le-controle-qui-suit-lui-est-fatal_62369495.html\" rel=\"nofollow noopener\" target=\"_blank\">valise ab\u00eem\u00e9e<\/a> laissant apparaitre des sachets contenant une mati\u00e8re verd\u00e2tre. Le voyageur se baladait en fait avec 14,5 kilos d\u2019herbe de cannabis.\u00a0<\/p>\n<p class=\" wall-content\">Lundi 4 f\u00e9vrier, une voyageuse a \u00e9t\u00e9 interpell\u00e9e apr\u00e8s que les\u00a0 policiers d\u00e9ploy\u00e9s dans le cadre d\u2019une mission de s\u00e9curisation ont d\u00e9couvert <a href=\"https:\/\/actu.fr\/ile-de-france\/paris_75056\/gare-montparnasse-a-paris-sa-valise-etait-bourree-de-cannabis-son-voyage-s-arrete-sur-le-quai_62212348.html\" rel=\"nofollow noopener\" target=\"_blank\">21 kilos d\u2019herbe de cannabis<\/a> dans ses bagages.\u00a0<\/p>\n<p class=\" wall-content\">Jeudi 23 janvier, les policiers de la Brigade des r\u00e9seaux franciliens (BRF) avaient annonc\u00e9 l\u2019interpellation d\u2019un\u00a0homme qui d\u00e9tenait dans ses valises\u00a0<a href=\"https:\/\/actu.fr\/ile-de-france\/paris_75056\/un-homme-arrete-a-la-gare-montparnasse-a-paris-ses-valises-avaient-une-odeur-stupefiante_62160719.html\" rel=\"nofollow noopener\" target=\"_blank\">plus de 22 kilos de cannabis<\/a>.\u00a0<\/p>\n<p>Vid\u00e9os : en ce moment sur Actu<\/p>\n<p class=\" wall-content\">Les policiers n\u2019ont pas saisi que du cannabis. Fin f\u00e9vrier, toujours \u00e0 <a href=\"https:\/\/actu.fr\/tag\/montparnasse\" rel=\"nofollow noopener\" target=\"_blank\">Montparnasse<\/a>, une usag\u00e8re a \u00e9t\u00e9 trouv\u00e9e en possession de stup\u00e9fiants : 123 ovules de coca\u00efne ont \u00e9t\u00e9 saisies.\u00a0<\/p>\n<p class=\" wall-content\">Suivez toute l\u2019actualit\u00e9 de vos villes et m\u00e9dias favoris en vous inscrivant \u00e0 <a href=\"https:\/\/moncompte.actu.fr\" title=\"D\u00e9couvez Mon Actu\" rel=\"nofollow noopener\" data-trk=\"{&quot;cta&quot;:{&quot;action&quot;:&quot;https:\\\/\\\/moncompte.actu.fr&quot;,&quot;category&quot;:&quot;mon compte&quot;,&quot;from&quot;:&quot;article footer&quot;,&quot;name&quot;:&quot;Mon actu&quot;,&quot;type&quot;:&quot;cta&quot;}}\" target=\"_blank\">Mon Actu<\/a>.<\/p>\n","protected":false},"excerpt":{"rendered":"Par Thomas Martin Publi\u00e9 le 12 avr. 2025 \u00e0 6h42 De mani\u00e8re r\u00e9guli\u00e8re ces derni\u00e8res semaines, la pr\u00e9fecture&hellip;\n","protected":false},"author":2,"featured_media":21496,"comment_status":"","ping_status":"","sticky":false,"template":"","format":"standard","meta":{"footnotes":""},"categories":[1888],"tags":[1111,1928,11,1927,1052,1777,674,118,1011,27,8037,12,1926,626,1925,1931,25],"class_list":{"0":"post-21495","1":"post","2":"type-post","3":"status-publish","4":"format-standard","5":"has-post-thumbnail","7":"category-paris","8":"tag-actu","9":"tag-actu-paris","10":"tag-actualites","11":"tag-actualites-paris","12":"tag-drogue","13":"tag-eu","14":"tag-europe","15":"tag-faits-divers","16":"tag-fr","17":"tag-france","18":"tag-gare-montparnasse","19":"tag-news","20":"tag-news-paris","21":"tag-paris","22":"tag-paris-news","23":"tag-prefecture-de-police-de-paris","24":"tag-republique-francaise"},"share_on_mastodon":{"url":"https:\/\/pubeurope.com\/@fr\/114329121167521756","error":""},"_links":{"self":[{"href":"https:\/\/www.europesays.com\/fr\/wp-json\/wp\/v2\/posts\/21495","targetHints":{"allow":["GET"]}}],"collection":[{"href":"https:\/\/www.europesays.com\/fr\/wp-json\/wp\/v2\/posts"}],"about":[{"href":"https:\/\/www.europesays.com\/fr\/wp-json\/wp\/v2\/types\/post"}],"author":[{"embeddable":true,"href":"https:\/\/www.europesays.com\/fr\/wp-json\/wp\/v2\/users\/2"}],"replies":[{"embeddable":true,"href":"https:\/\/www.europesays.com\/fr\/wp-json\/wp\/v2\/comments?post=21495"}],"version-history":[{"count":0,"href":"https:\/\/www.europesays.com\/fr\/wp-json\/wp\/v2\/posts\/21495\/revisions"}],"wp:featuredmedia":[{"embeddable":true,"href":"https:\/\/www.europesays.com\/fr\/wp-json\/wp\/v2\/media\/21496"}],"wp:attachment":[{"href":"https:\/\/www.europesays.com\/fr\/wp-json\/wp\/v2\/media?parent=21495"}],"wp:term":[{"taxonomy":"category","embeddable":true,"href":"https:\/\/www.europesays.com\/fr\/wp-json\/wp\/v2\/categories?post=21495"},{"taxonomy":"post_tag","embeddable":true,"href":"https:\/\/www.europesays.com\/fr\/wp-json\/wp\/v2\/tags?post=21495"}],"curies":[{"name":"wp","href":"https:\/\/api.w.org\/{rel}","templated":true}]}}